{"id":28764,"date":"2025-07-15T18:07:59","date_gmt":"2025-07-15T16:07:59","guid":{"rendered":"https:\/\/www.noserlight.ch\/home\/?p=28764"},"modified":"2025-07-18T00:43:14","modified_gmt":"2025-07-17T22:43:14","slug":"warum-gutes-licht-der-schluessel-zum-lernerfolg-ist","status":"publish","type":"post","link":"https:\/\/www.noserlight.ch\/home\/warum-gutes-licht-der-schluessel-zum-lernerfolg-ist\/","title":{"rendered":"Warum gutes Licht der Schl\u00fcssel ist."},"content":{"rendered":"<div class=\"wpb-content-wrapper\"><p>[vc_row css_animation=&#8220;&#8220; row_type=&#8220;row&#8220; use_row_as_full_screen_section=&#8220;no&#8220; type=&#8220;grid&#8220; angled_section=&#8220;no&#8220; text_align=&#8220;left&#8220; background_image_as_pattern=&#8220;without_pattern&#8220; padding_top=&#8220;37&#8243; padding_bottom=&#8220;20&#8243; css=&#8220;.vc_custom_1696632947265{background-color: #ffffff !important;}&#8220; z_index=&#8220;&#8220;][vc_column][vc_column_text]<\/p>\n<h3>LICHT IN DER SCHULE UND IM B\u00dcRO<\/h3>\n<p>[\/vc_column_text][vc_empty_space height=&#8220;20px&#8220;][vc_column_text] Du fragst dich vielleicht, warum gutes Licht so wichtig ist? Ganz einfach: Unser Gehirn arbeitet besser, wenn es gen\u00fcgend und vor allem das richtige Licht erh\u00e4lt. Es beeinflusst nicht nur unsere Konzentration, sondern auch unsere Stimmung und somit den gesamten Lernprozess. Licht ist also mehr als nur Helligkeit. Es beeinflusst, wie wir uns f\u00fchlen, denken und arbeiten. In einer Welt, die zunehmend auf das Wohlbefinden und die Effizienz ihrer Menschen achtet, gewinnt das Konzept des Human Centric Lighting (HCL) zunehmend an Bedeutung. Besonders in Schulen und B\u00fcros kann die richtige Beleuchtung einen erheblichen Unterschied machen.<\/p>\n<p>[\/vc_column_text][\/vc_column][\/vc_row][vc_row css_animation=&#8220;&#8220; row_type=&#8220;row&#8220; use_row_as_full_screen_section=&#8220;no&#8220; type=&#8220;full_width&#8220; angled_section=&#8220;no&#8220; text_align=&#8220;left&#8220; background_image_as_pattern=&#8220;without_pattern&#8220; z_index=&#8220;&#8220; padding_top=&#8220;37&#8243; padding_bottom=&#8220;37&#8243; background_color=&#8220;#ffffff&#8220;][vc_column width=&#8220;1\/2&#8243;][vc_column_text]<\/p>\n<h3>NAT\u00dcRLICHES TAGESLICHT IST DAS A UND O<\/h3>\n<p>[\/vc_column_text][vc_separator type=&#8220;normal&#8220;][vc_empty_space height=&#8220;20px&#8220;][vc_single_image image=&#8220;28767&#8243; img_size=&#8220;600&#215;600&#8243; onclick=&#8220;custom_link&#8220; img_link_target=&#8220;_blank&#8220; qode_css_animation=&#8220;&#8220; link=&#8220;https:\/\/www.noserlight.ch\/LEDInfo\/NOSERLIGHT_LEDRatgeberLichtRatgeber.pdf&#8220;][vc_empty_space height=&#8220;20px&#8220;][vc_column_text] Am besten ist nat\u00fcrlich immer das Tageslicht. Wenn du also einen Lernplatz einrichtest, achte darauf, dass dieser m\u00f6glichst nahe am Fenster ist. Das nat\u00fcrliche Licht hilft, den Biorhythmus zu regulieren und f\u00f6rdert die Konzentrationsf\u00e4higkeit. [\/vc_column_text][vc_empty_space height=&#8220;40px&#8220;][\/vc_column][vc_column width=&#8220;1\/2&#8243;][vc_column_text]<\/p>\n<h3>DIE RICHTIGE BELEUCHTUNG ERG\u00c4NZT<\/h3>\n<p>[\/vc_column_text][vc_separator type=&#8220;normal&#8220;][vc_empty_space height=&#8220;20px&#8220;][vc_single_image image=&#8220;28773&#8243; img_size=&#8220;600&#215;600&#8243; onclick=&#8220;custom_link&#8220; img_link_target=&#8220;_blank&#8220; qode_css_animation=&#8220;&#8220; href=&#8220;https:\/\/www.noserlight.ch\/LEDInfo\/NOSERLIGHT_LEDRatgeberLichtRatgeber.pdf&#8220; target=&#8220;_blank&#8220; link=&#8220;https:\/\/www.noserlight.ch\/shop\/de\/led-tischleuchte-blade&#8220;][vc_empty_space height=&#8220;20px&#8220;][vc_column_text] Nicht immer steht gen\u00fcgend Tageslicht zur Verf\u00fcgung \u2013 besonders in den dunkleren Jahreszeiten oder beim Arbeiten und Lernen in den Abendstunden. Hier ist es wichtig, auf eine gute k\u00fcnstliche Beleuchtung zu setzen. Eine Schreibtischlampe mit einstellbarer Helligkeit und Tunable White, also der Funktion bei der sich die Lichtfarbe je nach Bedarf gew\u00e4hlt werden kann, wirkt hier Wunder.\u00a0 [\/vc_column_text][vc_empty_space height=&#8220;20px&#8220;][\/vc_column][\/vc_row][vc_row css_animation=&#8220;&#8220; row_type=&#8220;row&#8220; use_row_as_full_screen_section=&#8220;no&#8220; type=&#8220;full_width&#8220; angled_section=&#8220;no&#8220; text_align=&#8220;left&#8220; background_image_as_pattern=&#8220;without_pattern&#8220; z_index=&#8220;&#8220; padding_top=&#8220;57&#8243; padding_bottom=&#8220;57&#8243;][vc_column width=&#8220;1\/2&#8243;][vc_column_text]<\/p>\n<h3>WARUM IST <a href=\"https:\/\/www.licht.de\/de\/lichtthemen\/human-centric-lighting\">HUMAN CENTRIC LIGHTING (HCL)<\/a><br \/>\nWICHTIG?<\/h3>\n<p>[\/vc_column_text][vc_separator type=&#8220;normal&#8220;][vc_empty_space height=&#8220;20px&#8220;][vc_single_image image=&#8220;25860&#8243; img_size=&#8220;600&#215;600&#8243; onclick=&#8220;custom_link&#8220; img_link_target=&#8220;_blank&#8220; qode_css_animation=&#8220;&#8220; href=&#8220;https:\/\/www.noserlight.ch\/LEDInfo\/NOSERLIGHT_LEDRatgeberLichtRatgeber.pdf&#8220; target=&#8220;_blank&#8220; link=&#8220;https:\/\/www.noserlight.ch\/shop\/de\/led-leuchten1\/led-panel\/led-panel-cct-wolkenmotiv-tunable-white&#8220;][vc_empty_space height=&#8220;20px&#8220;][vc_column_text]Unser K\u00f6rper folgt einem nat\u00fcrlichen Rhythmus, dem sogenannten circadianen Rhythmus, der durch Licht gesteuert wird.<\/p>\n<p>HCL nutzt diese Erkenntnis und passt die Lichtverh\u00e4ltnisse \u00fcber den Tag hinweg an, um unseren biologischen Rhythmus zu unterst\u00fctzen. Der Effekt? Eine sp\u00fcrbare Verbesserung des Wohlbefindens, der Konzentration und der Leistungsf\u00e4higkeit.[\/vc_column_text][vc_empty_space height=&#8220;40px&#8220;][\/vc_column][vc_column width=&#8220;1\/2&#8243;][vc_column_text]<\/p>\n<h3>WIE HUMAN CENTRIC LIGHTING (HCL) MIT LED<br \/>\nSCHULE REVOLUTIONIERT.<\/h3>\n<p>[\/vc_column_text][vc_separator type=&#8220;normal&#8220;][vc_empty_space height=&#8220;20px&#8220;][vc_single_image image=&#8220;28777&#8243; img_size=&#8220;600&#215;600&#8243; onclick=&#8220;custom_link&#8220; img_link_target=&#8220;_blank&#8220; qode_css_animation=&#8220;&#8220; link=&#8220;https:\/\/www.noserlight.ch\/LEDInfo\/NOSERLIGHT_LichtRatgeberLEDRatgeber.pdf&#8220;][vc_empty_space height=&#8220;20px&#8220;][vc_column_text]In Schulen sorgt HCL daf\u00fcr, dass Sch\u00fcler den ganzen Tag \u00fcber aufmerksam und fokussiert bleiben. Untersuchungen haben gezeigt, dass k\u00fchleres, tageslicht\u00e4hnliches Licht am Morgen die Wachsamkeit erh\u00f6ht und das Lernen erleichtert. Gegen Nachmittag, wenn die M\u00fcdigkeit zunimmt, kann w\u00e4rmeres Licht f\u00fcr eine entspanntere Atmosph\u00e4re sorgen, ohne dass die Sch\u00fcler dabei die Konzentration verlieren.[\/vc_column_text][vc_empty_space height=&#8220;20px&#8220;][\/vc_column][vc_column][\/vc_column][\/vc_row][vc_row css_animation=&#8220;&#8220; row_type=&#8220;row&#8220; use_row_as_full_screen_section=&#8220;no&#8220; type=&#8220;full_width&#8220; angled_section=&#8220;no&#8220; text_align=&#8220;left&#8220; background_image_as_pattern=&#8220;without_pattern&#8220; z_index=&#8220;&#8220; padding_top=&#8220;57&#8243; padding_bottom=&#8220;57&#8243;][vc_column width=&#8220;1\/2&#8243;][vc_column_text]<\/p>\n<h3>WARUM <a href=\"https:\/\/www.licht.de\/de\/lichtthemen\/human-centric-lighting\">HUMAN CENTRIC LIGHTING (HCL)<\/a> IM B\u00dcRO, UNS MENSCHEN PRODUKTIVER MACHT<\/h3>\n<p>[\/vc_column_text][vc_separator type=&#8220;normal&#8220;][vc_empty_space height=&#8220;20px&#8220;][vc_single_image image=&#8220;28781&#8243; img_size=&#8220;600&#215;600&#8243; onclick=&#8220;custom_link&#8220; img_link_target=&#8220;_blank&#8220; qode_css_animation=&#8220;&#8220; href=&#8220;https:\/\/www.noserlight.ch\/LEDInfo\/NOSERLIGHT_LEDRatgeberLichtRatgeber.pdf&#8220; target=&#8220;_blank&#8220; link=&#8220;https:\/\/noserlight.ch\/LEDInfo\/NOSERLIGHT_LichtRatgeberBueroarbeitsplatzundOffices.pdf&#8220;][vc_empty_space height=&#8220;20px&#8220;][vc_column_text]In B\u00fcrobereichen f\u00fchrt HCL zu einer Steigerung der Produktivit\u00e4t und Zufriedenheit. Die Anpassung der Lichtverh\u00e4ltnisse an die jeweilige Tageszeit hilft Mitarbeitern, sich besser auf ihre Aufgaben zu konzentrieren und den Arbeitsstress zu reduzieren. Eine dynamische Lichtsteuerung, die auf die individuellen Bed\u00fcrfnisse und Aktivit\u00e4ten abgestimmt ist, macht den Arbeitstag nicht nur angenehmer, sondern auch produktiver.[\/vc_column_text][vc_empty_space height=&#8220;40px&#8220;][\/vc_column][vc_column width=&#8220;1\/2&#8243;][vc_column_text]<\/p>\n<h3>HUMAN CENTRIC LIGHTING<br \/>\nLICHT F\u00dcR DIE ZUKUNFT<\/h3>\n<p>[\/vc_column_text][vc_separator type=&#8220;normal&#8220;][vc_empty_space height=&#8220;20px&#8220;][vc_single_image image=&#8220;16296&#8243; img_size=&#8220;600&#215;600&#8243; onclick=&#8220;custom_link&#8220; img_link_target=&#8220;_blank&#8220; qode_css_animation=&#8220;&#8220; link=&#8220;https:\/\/www.noserlight.ch\/LEDInfo\/NOSERLIGHT_LichtRatgeberLEDRatgeber.pdf&#8220;][vc_empty_space height=&#8220;20px&#8220;][vc_column_text]Human Centric Lighting mit LED ist kein vor\u00fcbergehender Trend, sondern eine Technologie, die das Potenzial hat, unsere Lern- und Arbeitsumgebungen grundlegend zu ver\u00e4ndern. Indem es das Wohlbefinden und die Produktivit\u00e4t steigert, schafft HCL Bedingungen, in denen Menschen ihr volles Potenzial entfalten k\u00f6nnen.[\/vc_column_text][vc_empty_space height=&#8220;20px&#8220;][\/vc_column][vc_column][\/vc_column][\/vc_row][vc_row css_animation=&#8220;&#8220; row_type=&#8220;row&#8220; use_row_as_full_screen_section=&#8220;no&#8220; type=&#8220;full_width&#8220; angled_section=&#8220;no&#8220; text_align=&#8220;left&#8220; background_image_as_pattern=&#8220;without_pattern&#8220; css=&#8220;.vc_custom_1696630843220{background-color: #ffffff !important;}&#8220; z_index=&#8220;&#8220; padding_top=&#8220;57&#8243; padding_bottom=&#8220;57&#8243;][vc_column width=&#8220;1\/3&#8243;][vc_column_text]<\/p>\n<h5><a href=\"https:\/\/www.noserlight.ch\/LEDInfo\/NOSERLIGHT_LEDRatgeberLichtRatgeber.pdf\" target=\"_blank\" rel=\"noopener\">UNSERE RATGEBER <\/a><\/h5>\n<p>[\/vc_column_text][vc_separator type=&#8220;normal&#8220;][vc_empty_space][vc_single_image image=&#8220;24814&#8243; img_size=&#8220;600&#215;600&#8243; onclick=&#8220;custom_link&#8220; img_link_target=&#8220;_blank&#8220; qode_css_animation=&#8220;&#8220; qode_hover_animation=&#8220;darken&#8220; href=&#8220;https:\/\/www.noserlight.ch\/LEDInfo\/NOSERLIGHT_LEDRatgeberLichtRatgeber.pdf&#8220; target=&#8220;_blank&#8220;][vc_empty_space][\/vc_column][vc_column width=&#8220;1\/3&#8243;][vc_column_text]<\/p>\n<h5><a href=\"https:\/\/noserlight.ch\/LEDInfo\/Noserlight_Lichtwissen1403_lw19_Wirkung_auf_Mensch_web.pdf.pdf\">LICHTWISSEN:<\/a> <a href=\"https:\/\/noserlight.ch\/LEDInfo\/Noserlight_Lichtwissen1403_lw19_Wirkung_auf_Mensch_web.pdf\">WIRKUNG DES LICHTS <\/a><\/h5>\n<p>[\/vc_column_text][vc_separator type=&#8220;normal&#8220;][vc_empty_space][vc_single_image image=&#8220;28787&#8243; img_size=&#8220;600&#215;600&#8243; onclick=&#8220;custom_link&#8220; img_link_target=&#8220;_blank&#8220; qode_css_animation=&#8220;&#8220; qode_hover_animation=&#8220;darken&#8220; link=&#8220;https:\/\/noserlight.ch\/LEDInfo\/Noserlight_Lichtwissen1403_lw19_Wirkung_auf_Mensch_web.pdf&#8220;][vc_empty_space][\/vc_column][vc_column width=&#8220;1\/3&#8243;][vc_column_text]<\/p>\n<h5><a href=\"https:\/\/www.noserlight.ch\/home\/portfolio-masonry\/\">ZUM PORTFOLIO<\/a><\/h5>\n<p>[\/vc_column_text][vc_separator type=&#8220;normal&#8220;][vc_empty_space][vc_single_image image=&#8220;25468&#8243; img_size=&#8220;600&#215;600&#8243; onclick=&#8220;custom_link&#8220; img_link_target=&#8220;_blank&#8220; qode_css_animation=&#8220;&#8220; qode_hover_animation=&#8220;darken&#8220; link=&#8220;https:\/\/www.noserlight.ch\/home\/portfolio-masonry\/&#8220;][vc_empty_space][\/vc_column][\/vc_row][vc_row css_animation=&#8220;&#8220; row_type=&#8220;row&#8220; use_row_as_full_screen_section=&#8220;no&#8220; type=&#8220;grid&#8220; angled_section=&#8220;no&#8220; text_align=&#8220;left&#8220; background_image_as_pattern=&#8220;without_pattern&#8220; padding_top=&#8220;57&#8243; padding_bottom=&#8220;57&#8243; css=&#8220;.vc_custom_1695937585721{background-color: #ffffff !important;}&#8220; z_index=&#8220;&#8220;][vc_column][vc_column_text]<\/p>\n<h2 style=\"text-align: center;\">AKTUELL<\/h2>\n<p>[\/vc_column_text][vc_separator type=&#8220;small&#8220; position=&#8220;center&#8220; down=&#8220;45&#8243; up=&#8220;7&#8243;]\n<div class='latest_post_holder boxes three_columns three_rows' >\n    <ul>\n    \n        <li class=\"clearfix\">\n            <div class=\"boxes_image\">\n                                <a itemprop=\"url\" href=\"https:\/\/www.noserlight.ch\/home\/sparlampenersatz_fl_ersatz\/\"><img loading=\"lazy\" decoding=\"async\" width=\"539\" height=\"292\" src=\"https:\/\/www.noserlight.ch\/home\/wp-content\/uploads\/2023\/02\/ID111_LED_T8_Kat-539x292.jpg\" class=\"attachment-latest_post_boxes size-latest_post_boxes wp-post-image\" alt=\"\" \/><\/a>\n            <\/div>\n            <div class=\"latest_post\"  >\n                <div class=\"latest_post_text\">\n                    <div class=\"latest_post_inner\">\n                        <div class=\"latest_post_text_inner\">\n                            <h5 itemprop=\"name\" class=\"latest_post_title entry_title\"><a itemprop=\"url\" href=\"https:\/\/www.noserlight.ch\/home\/sparlampenersatz_fl_ersatz\/\">ERSATZ F\u00dcR FL-R\u00d6HREN UND SPARLAMPEN<\/a><\/h5>\n                            <p class=\"excerpt\">Suchst du Ersatz f\u00fcr Sparlampen und FL-R\u00f6hren die verboten wurden? Wir bieten ihn. Egal ob f\u00fcrs Facility Management, Ers...<\/p>\n                            <span class=\"post_infos\">\n                                                                                                \n                                \n                                                            <\/span>\n                        <\/div>\n                    <\/div>\n                <\/div>\n            <\/div>\n        <\/li>\n    \n        <li class=\"clearfix\">\n            <div class=\"boxes_image\">\n                                <a itemprop=\"url\" href=\"https:\/\/www.noserlight.ch\/home\/licht-fuer-wege-und-treppen-im-freien\/\"><img loading=\"lazy\" decoding=\"async\" width=\"539\" height=\"303\" src=\"https:\/\/www.noserlight.ch\/home\/wp-content\/uploads\/2023\/09\/NOSERLIGH_LEDAussenbeleuchtungWegeTreppen-539x303.jpg\" class=\"attachment-latest_post_boxes size-latest_post_boxes wp-post-image\" alt=\"\" srcset=\"https:\/\/www.noserlight.ch\/home\/wp-content\/uploads\/2023\/09\/NOSERLIGH_LEDAussenbeleuchtungWegeTreppen-539x303.jpg 539w, https:\/\/www.noserlight.ch\/home\/wp-content\/uploads\/2023\/09\/NOSERLIGH_LEDAussenbeleuchtungWegeTreppen-300x169.jpg 300w, https:\/\/www.noserlight.ch\/home\/wp-content\/uploads\/2023\/09\/NOSERLIGH_LEDAussenbeleuchtungWegeTreppen-1024x576.jpg 1024w, https:\/\/www.noserlight.ch\/home\/wp-content\/uploads\/2023\/09\/NOSERLIGH_LEDAussenbeleuchtungWegeTreppen-768x432.jpg 768w, https:\/\/www.noserlight.ch\/home\/wp-content\/uploads\/2023\/09\/NOSERLIGH_LEDAussenbeleuchtungWegeTreppen-1536x864.jpg 1536w, https:\/\/www.noserlight.ch\/home\/wp-content\/uploads\/2023\/09\/NOSERLIGH_LEDAussenbeleuchtungWegeTreppen-700x394.jpg 700w, https:\/\/www.noserlight.ch\/home\/wp-content\/uploads\/2023\/09\/NOSERLIGH_LEDAussenbeleuchtungWegeTreppen.jpg 1920w\" sizes=\"auto, (max-width: 539px) 100vw, 539px\" \/><\/a>\n            <\/div>\n            <div class=\"latest_post\"  >\n                <div class=\"latest_post_text\">\n                    <div class=\"latest_post_inner\">\n                        <div class=\"latest_post_text_inner\">\n                            <h5 itemprop=\"name\" class=\"latest_post_title entry_title\"><a itemprop=\"url\" href=\"https:\/\/www.noserlight.ch\/home\/licht-fuer-wege-und-treppen-im-freien\/\">Licht f\u00fcr Wege und Treppen im Freien<\/a><\/h5>\n                            <p class=\"excerpt\">Wegbeleuchtung und Treppenbeleuchtung. Wege zum und um das Haus, den Kellereingang oder zur Garage sollten gut beleuchte...<\/p>\n                            <span class=\"post_infos\">\n                                                                                                \n                                \n                                                            <\/span>\n                        <\/div>\n                    <\/div>\n                <\/div>\n            <\/div>\n        <\/li>\n    \n        <li class=\"clearfix\">\n            <div class=\"boxes_image\">\n                                <a itemprop=\"url\" href=\"https:\/\/www.noserlight.ch\/home\/warum-gutes-licht-der-schluessel-zum-lernerfolg-ist\/\"><img loading=\"lazy\" decoding=\"async\" width=\"539\" height=\"303\" src=\"https:\/\/www.noserlight.ch\/home\/wp-content\/uploads\/2024\/08\/HCL_TagesNachtzyklusLichtLED-539x303.jpg\" class=\"attachment-latest_post_boxes size-latest_post_boxes wp-post-image\" alt=\"\" srcset=\"https:\/\/www.noserlight.ch\/home\/wp-content\/uploads\/2024\/08\/HCL_TagesNachtzyklusLichtLED-539x303.jpg 539w, https:\/\/www.noserlight.ch\/home\/wp-content\/uploads\/2024\/08\/HCL_TagesNachtzyklusLichtLED-300x169.jpg 300w, https:\/\/www.noserlight.ch\/home\/wp-content\/uploads\/2024\/08\/HCL_TagesNachtzyklusLichtLED-1024x576.jpg 1024w, https:\/\/www.noserlight.ch\/home\/wp-content\/uploads\/2024\/08\/HCL_TagesNachtzyklusLichtLED-768x432.jpg 768w, https:\/\/www.noserlight.ch\/home\/wp-content\/uploads\/2024\/08\/HCL_TagesNachtzyklusLichtLED-1536x864.jpg 1536w, https:\/\/www.noserlight.ch\/home\/wp-content\/uploads\/2024\/08\/HCL_TagesNachtzyklusLichtLED-700x394.jpg 700w, https:\/\/www.noserlight.ch\/home\/wp-content\/uploads\/2024\/08\/HCL_TagesNachtzyklusLichtLED.jpg 1920w\" sizes=\"auto, (max-width: 539px) 100vw, 539px\" \/><\/a>\n            <\/div>\n            <div class=\"latest_post\"  >\n                <div class=\"latest_post_text\">\n                    <div class=\"latest_post_inner\">\n                        <div class=\"latest_post_text_inner\">\n                            <h5 itemprop=\"name\" class=\"latest_post_title entry_title\"><a itemprop=\"url\" href=\"https:\/\/www.noserlight.ch\/home\/warum-gutes-licht-der-schluessel-zum-lernerfolg-ist\/\">Warum gutes Licht der Schl\u00fcssel ist.<\/a><\/h5>\n                            <p class=\"excerpt\">Licht ist mehr als nur Helligkeit. Es beeinflusst, wie wir uns f\u00fchlen, denken und arbeiten. In einer Welt, die zunehmend...<\/p>\n                            <span class=\"post_infos\">\n                                                                                                \n                                \n                                                            <\/span>\n                        <\/div>\n                    <\/div>\n                <\/div>\n            <\/div>\n        <\/li>\n    \n        <li class=\"clearfix\">\n            <div class=\"boxes_image\">\n                                <a itemprop=\"url\" href=\"https:\/\/www.noserlight.ch\/home\/einbruchschutz-ploetzliches-licht-schreckt-ab-2\/\"><img loading=\"lazy\" decoding=\"async\" width=\"539\" height=\"303\" src=\"https:\/\/www.noserlight.ch\/home\/wp-content\/uploads\/2023\/10\/NOSERLIGHT_LEDStrahler_LEDFluter-539x303.jpg\" class=\"attachment-latest_post_boxes size-latest_post_boxes wp-post-image\" alt=\"\" srcset=\"https:\/\/www.noserlight.ch\/home\/wp-content\/uploads\/2023\/10\/NOSERLIGHT_LEDStrahler_LEDFluter-539x303.jpg 539w, https:\/\/www.noserlight.ch\/home\/wp-content\/uploads\/2023\/10\/NOSERLIGHT_LEDStrahler_LEDFluter-300x169.jpg 300w, https:\/\/www.noserlight.ch\/home\/wp-content\/uploads\/2023\/10\/NOSERLIGHT_LEDStrahler_LEDFluter-1024x576.jpg 1024w, https:\/\/www.noserlight.ch\/home\/wp-content\/uploads\/2023\/10\/NOSERLIGHT_LEDStrahler_LEDFluter-768x432.jpg 768w, https:\/\/www.noserlight.ch\/home\/wp-content\/uploads\/2023\/10\/NOSERLIGHT_LEDStrahler_LEDFluter-1536x864.jpg 1536w, https:\/\/www.noserlight.ch\/home\/wp-content\/uploads\/2023\/10\/NOSERLIGHT_LEDStrahler_LEDFluter-700x394.jpg 700w, https:\/\/www.noserlight.ch\/home\/wp-content\/uploads\/2023\/10\/NOSERLIGHT_LEDStrahler_LEDFluter.jpg 1920w\" sizes=\"auto, (max-width: 539px) 100vw, 539px\" \/><\/a>\n            <\/div>\n            <div class=\"latest_post\"  >\n                <div class=\"latest_post_text\">\n                    <div class=\"latest_post_inner\">\n                        <div class=\"latest_post_text_inner\">\n                            <h5 itemprop=\"name\" class=\"latest_post_title entry_title\"><a itemprop=\"url\" href=\"https:\/\/www.noserlight.ch\/home\/einbruchschutz-ploetzliches-licht-schreckt-ab-2\/\">Einbruchschutz &#8211;  Licht schreckt ab<\/a><\/h5>\n                            <p class=\"excerpt\">F\u00fcr eine zus\u00e4tzliche Sicherheitsbeleuchtung werden zum Beispiel unter dem Dachfirst Strahler oder Scheinwerfer montiert....<\/p>\n                            <span class=\"post_infos\">\n                                                                                                \n                                \n                                                            <\/span>\n                        <\/div>\n                    <\/div>\n                <\/div>\n            <\/div>\n        <\/li>\n    \n        <li class=\"clearfix\">\n            <div class=\"boxes_image\">\n                                <a itemprop=\"url\" href=\"https:\/\/www.noserlight.ch\/home\/schutzklassen\/\"><img loading=\"lazy\" decoding=\"async\" width=\"539\" height=\"303\" src=\"https:\/\/www.noserlight.ch\/home\/wp-content\/uploads\/2023\/10\/IP_Schutzarten637x320-539x303.jpg\" class=\"attachment-latest_post_boxes size-latest_post_boxes wp-post-image\" alt=\"\" srcset=\"https:\/\/www.noserlight.ch\/home\/wp-content\/uploads\/2023\/10\/IP_Schutzarten637x320-539x303.jpg 539w, https:\/\/www.noserlight.ch\/home\/wp-content\/uploads\/2023\/10\/IP_Schutzarten637x320-570x320.jpg 570w\" sizes=\"auto, (max-width: 539px) 100vw, 539px\" \/><\/a>\n            <\/div>\n            <div class=\"latest_post\"  >\n                <div class=\"latest_post_text\">\n                    <div class=\"latest_post_inner\">\n                        <div class=\"latest_post_text_inner\">\n                            <h5 itemprop=\"name\" class=\"latest_post_title entry_title\"><a itemprop=\"url\" href=\"https:\/\/www.noserlight.ch\/home\/schutzklassen\/\">Schutzklassen<\/a><\/h5>\n                            <p class=\"excerpt\">LEUCHTEN UND SCHUTZKLASSEN\r\nSchutzklassen dienen in der Elektrotechnik der Einteilung und Kennzeichnung von elektrischen...<\/p>\n                            <span class=\"post_infos\">\n                                                                                                \n                                \n                                                            <\/span>\n                        <\/div>\n                    <\/div>\n                <\/div>\n            <\/div>\n        <\/li>\n    \n        <li class=\"clearfix\">\n            <div class=\"boxes_image\">\n                                <a itemprop=\"url\" href=\"https:\/\/www.noserlight.ch\/home\/welcome-licht-fuer-den-hauseingang\/\"><img loading=\"lazy\" decoding=\"async\" width=\"539\" height=\"303\" src=\"https:\/\/www.noserlight.ch\/home\/wp-content\/uploads\/2023\/03\/NOSERLIGHT_LichtfuerdenEingang-2-539x303.jpg\" class=\"attachment-latest_post_boxes size-latest_post_boxes wp-post-image\" alt=\"\" \/><\/a>\n            <\/div>\n            <div class=\"latest_post\"  >\n                <div class=\"latest_post_text\">\n                    <div class=\"latest_post_inner\">\n                        <div class=\"latest_post_text_inner\">\n                            <h5 itemprop=\"name\" class=\"latest_post_title entry_title\"><a itemprop=\"url\" href=\"https:\/\/www.noserlight.ch\/home\/welcome-licht-fuer-den-hauseingang\/\">Welcome! Licht f\u00fcr den Hauseingang<\/a><\/h5>\n                            <p class=\"excerpt\">Licht im Eingangsbereich und an der Haust\u00fcr ist doppelt wichtig: Es wirkt einladend und sorgt......<\/p>\n                            <span class=\"post_infos\">\n                                                                                                \n                                \n                                                            <\/span>\n                        <\/div>\n                    <\/div>\n                <\/div>\n            <\/div>\n        <\/li>\n    \n        <li class=\"clearfix\">\n            <div class=\"boxes_image\">\n                                <a itemprop=\"url\" href=\"https:\/\/www.noserlight.ch\/home\/erzielen-sie-raumlicht-wirkung\/\"><img loading=\"lazy\" decoding=\"async\" width=\"539\" height=\"303\" src=\"https:\/\/www.noserlight.ch\/home\/wp-content\/uploads\/2023\/09\/NOSERLIGHT_LEDStrip240V-539x303.jpg\" class=\"attachment-latest_post_boxes size-latest_post_boxes wp-post-image\" alt=\"\" srcset=\"https:\/\/www.noserlight.ch\/home\/wp-content\/uploads\/2023\/09\/NOSERLIGHT_LEDStrip240V-539x303.jpg 539w, https:\/\/www.noserlight.ch\/home\/wp-content\/uploads\/2023\/09\/NOSERLIGHT_LEDStrip240V-300x169.jpg 300w, https:\/\/www.noserlight.ch\/home\/wp-content\/uploads\/2023\/09\/NOSERLIGHT_LEDStrip240V-1024x576.jpg 1024w, https:\/\/www.noserlight.ch\/home\/wp-content\/uploads\/2023\/09\/NOSERLIGHT_LEDStrip240V-768x432.jpg 768w, https:\/\/www.noserlight.ch\/home\/wp-content\/uploads\/2023\/09\/NOSERLIGHT_LEDStrip240V-1536x864.jpg 1536w, https:\/\/www.noserlight.ch\/home\/wp-content\/uploads\/2023\/09\/NOSERLIGHT_LEDStrip240V-700x394.jpg 700w, https:\/\/www.noserlight.ch\/home\/wp-content\/uploads\/2023\/09\/NOSERLIGHT_LEDStrip240V.jpg 1920w\" sizes=\"auto, (max-width: 539px) 100vw, 539px\" \/><\/a>\n            <\/div>\n            <div class=\"latest_post\"  >\n                <div class=\"latest_post_text\">\n                    <div class=\"latest_post_inner\">\n                        <div class=\"latest_post_text_inner\">\n                            <h5 itemprop=\"name\" class=\"latest_post_title entry_title\"><a itemprop=\"url\" href=\"https:\/\/www.noserlight.ch\/home\/erzielen-sie-raumlicht-wirkung\/\">Erziele (Raumlicht-)Wirkung!<\/a><\/h5>\n                            <p class=\"excerpt\">Weil indirektes Licht diffus leuchte, kaum Schatten wirft, sich optimal im Raum verteilt und nicht blendet, eignet es si...<\/p>\n                            <span class=\"post_infos\">\n                                                                                                \n                                \n                                                            <\/span>\n                        <\/div>\n                    <\/div>\n                <\/div>\n            <\/div>\n        <\/li>\n    \n        <li class=\"clearfix\">\n            <div class=\"boxes_image\">\n                                <a itemprop=\"url\" href=\"https:\/\/www.noserlight.ch\/home\/das-smarte-lichtfenster\/\"><img loading=\"lazy\" decoding=\"async\" width=\"539\" height=\"303\" src=\"https:\/\/www.noserlight.ch\/home\/wp-content\/uploads\/2023\/02\/NOSERLIGHT_LEDPanelOffice-539x303.jpg\" class=\"attachment-latest_post_boxes size-latest_post_boxes wp-post-image\" alt=\"\" \/><\/a>\n            <\/div>\n            <div class=\"latest_post\"  >\n                <div class=\"latest_post_text\">\n                    <div class=\"latest_post_inner\">\n                        <div class=\"latest_post_text_inner\">\n                            <h5 itemprop=\"name\" class=\"latest_post_title entry_title\"><a itemprop=\"url\" href=\"https:\/\/www.noserlight.ch\/home\/das-smarte-lichtfenster\/\">Das smarte Lichtfenster<\/a><\/h5>\n                            <p class=\"excerpt\">Die Beleuchtung mit Led Panel sind mittlerweile in aller Munde. Unser Standard Led Panel verf\u00fcgen......<\/p>\n                            <span class=\"post_infos\">\n                                                                                                \n                                \n                                                            <\/span>\n                        <\/div>\n                    <\/div>\n                <\/div>\n            <\/div>\n        <\/li>\n    \n        <li class=\"clearfix\">\n            <div class=\"boxes_image\">\n                                <a itemprop=\"url\" href=\"https:\/\/www.noserlight.ch\/home\/tipps-fuer-die-private-lichtplanung\/\"><img loading=\"lazy\" decoding=\"async\" width=\"539\" height=\"303\" src=\"https:\/\/www.noserlight.ch\/home\/wp-content\/uploads\/2023\/02\/suite_ambient-980x500-1-539x303.jpg\" class=\"attachment-latest_post_boxes size-latest_post_boxes wp-post-image\" alt=\"\" \/><\/a>\n            <\/div>\n            <div class=\"latest_post\"  >\n                <div class=\"latest_post_text\">\n                    <div class=\"latest_post_inner\">\n                        <div class=\"latest_post_text_inner\">\n                            <h5 itemprop=\"name\" class=\"latest_post_title entry_title\"><a itemprop=\"url\" href=\"https:\/\/www.noserlight.ch\/home\/tipps-fuer-die-private-lichtplanung\/\">Tipps f\u00fcr die private Lichtplanung<\/a><\/h5>\n                            <p class=\"excerpt\">Essen, lesen, fernsehen, arbeiten oder entspannen \u2013 das Beispiel Wohnzimmer zeigt, dass die Beleuchtung vielen......<\/p>\n                            <span class=\"post_infos\">\n                                                                                                \n                                \n                                                            <\/span>\n                        <\/div>\n                    <\/div>\n                <\/div>\n            <\/div>\n        <\/li>\n        <\/ul>\n<\/div>[\/vc_column][\/vc_row][vc_row css_animation=&#8220;&#8220; row_type=&#8220;row&#8220; use_row_as_full_screen_section=&#8220;no&#8220; type=&#8220;full_width&#8220; angled_section=&#8220;no&#8220; text_align=&#8220;left&#8220; background_image_as_pattern=&#8220;without_pattern&#8220;][vc_column][vc_empty_space height=&#8220;20px&#8220;][\/vc_column][\/vc_row][vc_row css_animation=&#8220;&#8220; row_type=&#8220;row&#8220; use_row_as_full_screen_section=&#8220;no&#8220; type=&#8220;full_width&#8220; angled_section=&#8220;no&#8220; text_align=&#8220;left&#8220; background_image_as_pattern=&#8220;without_pattern&#8220; z_index=&#8220;&#8220; padding_top=&#8220;57&#8243;][vc_column][vc_column_text]<\/p>\n<h2 style=\"text-align: center;\">KONTAKT<\/h2>\n<p>[\/vc_column_text][vc_empty_space height=&#8220;20px&#8220;][vc_separator type=&#8220;small&#8220; position=&#8220;center&#8220; down=&#8220;38&#8243; up=&#8220;7&#8243;][\/vc_column][\/vc_row][vc_row css_animation=&#8220;&#8220; row_type=&#8220;row&#8220; use_row_as_full_screen_section=&#8220;no&#8220; type=&#8220;grid&#8220; angled_section=&#8220;no&#8220; text_align=&#8220;left&#8220; background_image_as_pattern=&#8220;without_pattern&#8220; padding_top=&#8220;20&#8243; padding_bottom=&#8220;57&#8243; z_index=&#8220;&#8220;][vc_column width=&#8220;1\/4&#8243;]<div class='q_icon_with_title medium circle center '><div class=\"icon_holder \" style=\"margin: 0 0 28px 0; \"><span data-icon-type=\"circle\" data-icon-hover-color=\"#ffff00\" data-icon-hover-bg-color=\"#ffffff\" class=\"qode_iwt_icon_holder fa-stack fa-3x  \" style=\"font-size: 45px;border-color: #000000;background-color: #000000;\"><i class=\"qode_icon_font_awesome fa fa-clock-o qode_iwt_icon_element\" style=\"color: #ffffff;\" ><\/i><\/span><\/div><div class=\"icon_text_holder\" style=\"\"><div class=\"icon_text_inner\" style=\"\"><h3 class=\"icon_title\" style=\"\">\u00d6FFNUNGSZEITEN<\/h3><p style=''><\/p><\/div><\/div><\/div>[vc_column_text]<\/p>\n<p style=\"text-align: center;\"><strong>Mo. &#8211; Fr.<br \/>\n<\/strong>07.30 &#8211; 12.00, 13.15 &#8211; 17.30Uhr<br \/>\n<strong>Sa. <\/strong>09.00 &#8211; 16.00Uhr, durchgehend<\/p>\n<p>[\/vc_column_text][vc_empty_space height=&#8220;30px&#8220;][\/vc_column][vc_column width=&#8220;1\/4&#8243;]<div class='q_icon_with_title medium circle center '><div class=\"icon_holder \" style=\"margin: 0 0 28px 0; \"><span data-icon-type=\"circle\" data-icon-hover-color=\"#ffff00\" data-icon-hover-bg-color=\"#ffffff\" class=\"qode_iwt_icon_holder fa-stack fa-3x  \" style=\"font-size: 45px;border-color: #000000;background-color: #000000;\"><i class=\"qode_icon_font_awesome fa fa-home qode_iwt_icon_element\" style=\"color: #ffffff;\" ><\/i><\/span><\/div><div class=\"icon_text_holder\" style=\"\"><div class=\"icon_text_inner\" style=\"\"><h3 class=\"icon_title\" style=\"\">BESUCHE UNS<\/h3><p style=''><\/p><\/div><\/div><\/div>[vc_column_text]<\/p>\n<p style=\"text-align: center;\">\u00a0Erlebe unsere Produkte<br \/>\nOttenbacherstrasse 25<br \/>\nCH-8909 Zwillikon\/Affoltern a.A.<\/p>\n<p>[\/vc_column_text][vc_empty_space height=&#8220;30px&#8220;][\/vc_column][vc_column width=&#8220;1\/4&#8243;]<div class='q_icon_with_title medium circle center '><div class=\"icon_holder \" style=\"margin: 0 0 28px 0; \"><span data-icon-type=\"circle\" data-icon-hover-color=\"#ffff00\" data-icon-hover-bg-color=\"#ffffff\" class=\"qode_iwt_icon_holder fa-stack fa-3x  \" style=\"font-size: 45px;border-color: #000000;background-color: #000000;\"><i class=\"qode_icon_font_awesome fa fa-phone qode_iwt_icon_element\" style=\"color: #ffffff;\" ><\/i><\/span><\/div><div class=\"icon_text_holder\" style=\"\"><div class=\"icon_text_inner\" style=\"\"><h3 class=\"icon_title\" style=\"\">RUF AN ODER SCHREIB' UNS<\/h3><p style=''><\/p><\/div><\/div><\/div>[vc_column_text]<\/p>\n<p style=\"text-align: center;\">Phone:\u00a0+41 44 701 81 81<br \/>\nEmail:\u00a0<a href=\"mailto:info@noserlight.ch.ch\">info@noserlight.ch.ch<\/a><\/p>\n<p>[\/vc_column_text][vc_empty_space height=&#8220;30px&#8220;][\/vc_column][vc_column width=&#8220;1\/4&#8243;]<div class='q_icon_with_title medium circle center '><div class=\"icon_holder \" style=\"margin: 0 0 28px 0; \"><span data-icon-type=\"circle\" data-icon-hover-color=\"#ffff00\" data-icon-hover-bg-color=\"#ffffff\" class=\"qode_iwt_icon_holder fa-stack fa-3x  \" style=\"font-size: 45px;border-color: #000000;background-color: #000000;\"><i class=\"qode_icon_font_awesome fa fa-thumbs-o-up qode_iwt_icon_element\" style=\"color: #ffffff;\" ><\/i><\/span><\/div><div class=\"icon_text_holder\" style=\"\"><div class=\"icon_text_inner\" style=\"\"><h3 class=\"icon_title\" style=\"\">FOLGE UNS<\/h3><p style=''><\/p><\/div><\/div><\/div>[vc_column_text]<\/p>\n<p style=\"text-align: center;\">Instagram: <a href=\"https:\/\/www.instagram.com\/noserlight\/\">@noserlight.ch<\/a><br \/>\n<a href=\"https:\/\/www.facebook.com\/noserlight\/\">Facebook: Bruchsch Liecht?<\/a><\/p>\n<p>[\/vc_column_text][vc_empty_space height=&#8220;30px&#8220;][\/vc_column][\/vc_row][vc_row css_animation=&#8220;&#8220; row_type=&#8220;row&#8220; use_row_as_full_screen_section=&#8220;no&#8220; type=&#8220;grid&#8220; angled_section=&#8220;no&#8220; text_align=&#8220;left&#8220; background_image_as_pattern=&#8220;without_pattern&#8220; padding_top=&#8220;57&#8243; padding_bottom=&#8220;57&#8243; z_index=&#8220;&#8220; background_color=&#8220;#ffffff&#8220;][vc_column][vc_column_text]<\/p>\n<h2 style=\"text-align: center;\">TAKE A RIDE TO THE LIGHT SIDE (DER WEG ZU UNS)<\/h2>\n<p>[\/vc_column_text][vc_empty_space height=&#8220;20px&#8220;][vc_separator type=&#8220;small&#8220; position=&#8220;center&#8220; down=&#8220;38&#8243; up=&#8220;7&#8243;][vc_gmaps link=&#8220;#E-8_JTNDaWZyYW1lJTIwc3JjJTNEJTIyaHR0cHMlM0ElMkYlMkZ3d3cuZ29vZ2xlLmNvbSUyRm1hcHMlMkZlbWJlZCUzRnBiJTNEJTIxMW0xOCUyMTFtMTIlMjExbTMlMjExZDI3MDYuMzIwNzA5NTcxMTA4NiUyMTJkOC40MzkxODIzMTU4NTE0MjclMjEzZDQ3LjI4ODUzMTk3OTE2NDk0JTIxMm0zJTIxMWYwJTIxMmYwJTIxM2YwJTIxM20yJTIxMWkxMDI0JTIxMmk3NjglMjE0ZjEzLjElMjEzbTMlMjExbTIlMjExczB4NDc5MDA2MThlMzI1OTZiNSUyNTNBMHgyN2JmNmNkMmI5MjdkMWUlMjEyc05vc2VyJTI1MjBMaWdodCUyNTIwQUclMjE1ZTAlMjEzbTIlMjExc2RlJTIxMnNjaCUyMTR2MTY3Mzc4OTQwMzg0MCUyMTVtMiUyMTFzZGUlMjEyc2NoJTIyJTIwd2lkdGglM0QlMjI2MDAlMjIlMjBoZWlnaHQlM0QlMjI0NTAlMjIlMjBzdHlsZSUzRCUyMmJvcmRlciUzQTAlM0IlMjIlMjBhbGxvd2Z1bGxzY3JlZW4lM0QlMjIlMjIlMjBsb2FkaW5nJTNEJTIybGF6eSUyMiUyMHJlZmVycmVycG9saWN5JTNEJTIybm8tcmVmZXJyZXItd2hlbi1kb3duZ3JhZGUlMjIlM0UlM0MlMkZpZnJhbWUlM0U=&#8220;][\/vc_column][\/vc_row][vc_row css_animation=&#8220;&#8220; row_type=&#8220;row&#8220; use_row_as_full_screen_section=&#8220;no&#8220; type=&#8220;full_width&#8220; angled_section=&#8220;no&#8220; text_align=&#8220;left&#8220; background_image_as_pattern=&#8220;without_pattern&#8220;][vc_column][vc_empty_space][vc_separator type=&#8220;normal&#8220;][\/vc_column][\/vc_row]<\/p>\n<\/div>","protected":false},"excerpt":{"rendered":"<p>Licht ist mehr als nur Helligkeit. Es beeinflusst, wie wir uns f\u00fchlen, denken und arbeiten. In einer Welt, die zunehmend auf das Wohlbefinden und die Effizienz ihrer Menschen achtet, gewinnt das Konzept des Human Centric Lighting (HCL) zunehmend an Bedeutung. <\/p>\n","protected":false},"author":2,"featured_media":28792,"comment_status":"closed","ping_status":"closed","sticky":false,"template":"","format":"standard","meta":{"footnotes":""},"categories":[906,867],"tags":[2909,2903,2902,2906,2904,2905,2908,2907],"class_list":["post-28764","post","type-post","status-publish","format-standard","has-post-thumbnail","hentry","category-led-know-how-de","category-professionelle-led-beleuchtung","tag-buerobeleuchtung","tag-hcl","tag-human-centric-lighting","tag-licht-am-schreibtisch","tag-licht-fuer-schulen","tag-licht-fuers-buero","tag-licht-zu-arbeiten","tag-licht-zum-lernen"],"yoast_head":"<!-- This site is optimized with the Yoast SEO plugin v27.0 - https:\/\/yoast.com\/product\/yoast-seo-wordpress\/ -->\r\n<title>Warum gutes Licht der Schl\u00fcssel ist. - Noserlight AG, LED Leuchten und LED Lampen, LED, Licht, Lichtplanung<\/title>\r\n<meta name=\"description\" content=\"HCL nutzt diese Erkenntnis und passt die Lichtverh\u00e4ltnisse \u00fcber den Tag hinweg an, um unseren biologischen Rhythmus zu unterst\u00fctzen.\" \/>\r\n<meta name=\"robots\" content=\"index, follow, max-snippet:-1, max-image-preview:large, max-video-preview:-1\" \/>\r\n<link rel=\"canonical\" href=\"https:\/\/www.noserlight.ch\/home\/warum-gutes-licht-der-schluessel-zum-lernerfolg-ist\/\" \/>\r\n<meta property=\"og:locale\" content=\"de_DE\" \/>\r\n<meta property=\"og:type\" content=\"article\" \/>\r\n<meta property=\"og:title\" content=\"Warum gutes Licht der Schl\u00fcssel ist. - Noserlight AG, LED Leuchten und LED Lampen, LED, Licht, Lichtplanung\" \/>\r\n<meta property=\"og:description\" content=\"HCL nutzt diese Erkenntnis und passt die Lichtverh\u00e4ltnisse \u00fcber den Tag hinweg an, um unseren biologischen Rhythmus zu unterst\u00fctzen.\" \/>\r\n<meta property=\"og:url\" content=\"https:\/\/www.noserlight.ch\/home\/warum-gutes-licht-der-schluessel-zum-lernerfolg-ist\/\" \/>\r\n<meta property=\"og:site_name\" content=\"Noserlight AG, LED Leuchten und LED Lampen, LED, Licht, Lichtplanung\" \/>\r\n<meta property=\"article:publisher\" content=\"https:\/\/www.facebook.com\/noserlight\/\" \/>\r\n<meta property=\"article:published_time\" content=\"2025-07-15T16:07:59+00:00\" \/>\r\n<meta property=\"article:modified_time\" content=\"2025-07-17T22:43:14+00:00\" \/>\r\n<meta property=\"og:image\" content=\"https:\/\/www.noserlight.ch\/home\/wp-content\/uploads\/2024\/08\/HCL_TagesNachtzyklusLichtLED.jpg\" \/>\r\n\t<meta property=\"og:image:width\" content=\"1920\" \/>\r\n\t<meta property=\"og:image:height\" content=\"1080\" \/>\r\n\t<meta property=\"og:image:type\" content=\"image\/jpeg\" \/>\r\n<meta name=\"author\" content=\"Nosi\" \/>\r\n<meta name=\"twitter:card\" content=\"summary_large_image\" \/>\r\n<meta name=\"twitter:label1\" content=\"Verfasst von\" \/>\n\t<meta name=\"twitter:data1\" content=\"Nosi\" \/>\n\t<meta name=\"twitter:label2\" content=\"Gesch\u00e4tzte Lesezeit\" \/>\n\t<meta name=\"twitter:data2\" content=\"5\u00a0Minuten\" \/>\r\n<script type=\"application\/ld+json\" class=\"yoast-schema-graph\">{\"@context\":\"https:\/\/schema.org\",\"@graph\":[{\"@type\":\"Article\",\"@id\":\"https:\/\/www.noserlight.ch\/home\/warum-gutes-licht-der-schluessel-zum-lernerfolg-ist\/#article\",\"isPartOf\":{\"@id\":\"https:\/\/www.noserlight.ch\/home\/warum-gutes-licht-der-schluessel-zum-lernerfolg-ist\/\"},\"author\":{\"name\":\"Nosi\",\"@id\":\"https:\/\/www.noserlight.ch\/home\/#\/schema\/person\/cd72adab091f0db04aef8e43d9b74611\"},\"headline\":\"Warum gutes Licht der Schl\u00fcssel ist.\",\"datePublished\":\"2025-07-15T16:07:59+00:00\",\"dateModified\":\"2025-07-17T22:43:14+00:00\",\"mainEntityOfPage\":{\"@id\":\"https:\/\/www.noserlight.ch\/home\/warum-gutes-licht-der-schluessel-zum-lernerfolg-ist\/\"},\"wordCount\":2012,\"publisher\":{\"@id\":\"https:\/\/www.noserlight.ch\/home\/#organization\"},\"image\":{\"@id\":\"https:\/\/www.noserlight.ch\/home\/warum-gutes-licht-der-schluessel-zum-lernerfolg-ist\/#primaryimage\"},\"thumbnailUrl\":\"https:\/\/www.noserlight.ch\/home\/wp-content\/uploads\/2024\/08\/HCL_TagesNachtzyklusLichtLED.jpg\",\"keywords\":[\"B\u00fcrobeleuchtung\",\"HCL\",\"Human Centric Lighting\",\"Licht am Schreibtisch\",\"Licht f\u00fcr Schulen\",\"Licht f\u00fcrs B\u00fcro\",\"Licht zu Arbeiten\",\"Licht zum Lernen\"],\"articleSection\":[\"LED Know-How\",\"Professionelle LED Beleuchtung\"],\"inLanguage\":\"de\"},{\"@type\":\"WebPage\",\"@id\":\"https:\/\/www.noserlight.ch\/home\/warum-gutes-licht-der-schluessel-zum-lernerfolg-ist\/\",\"url\":\"https:\/\/www.noserlight.ch\/home\/warum-gutes-licht-der-schluessel-zum-lernerfolg-ist\/\",\"name\":\"Warum gutes Licht der Schl\u00fcssel ist. - Noserlight AG, LED Leuchten und LED Lampen, LED, Licht, Lichtplanung\",\"isPartOf\":{\"@id\":\"https:\/\/www.noserlight.ch\/home\/#website\"},\"primaryImageOfPage\":{\"@id\":\"https:\/\/www.noserlight.ch\/home\/warum-gutes-licht-der-schluessel-zum-lernerfolg-ist\/#primaryimage\"},\"image\":{\"@id\":\"https:\/\/www.noserlight.ch\/home\/warum-gutes-licht-der-schluessel-zum-lernerfolg-ist\/#primaryimage\"},\"thumbnailUrl\":\"https:\/\/www.noserlight.ch\/home\/wp-content\/uploads\/2024\/08\/HCL_TagesNachtzyklusLichtLED.jpg\",\"datePublished\":\"2025-07-15T16:07:59+00:00\",\"dateModified\":\"2025-07-17T22:43:14+00:00\",\"description\":\"HCL nutzt diese Erkenntnis und passt die Lichtverh\u00e4ltnisse \u00fcber den Tag hinweg an, um unseren biologischen Rhythmus zu unterst\u00fctzen.\",\"breadcrumb\":{\"@id\":\"https:\/\/www.noserlight.ch\/home\/warum-gutes-licht-der-schluessel-zum-lernerfolg-ist\/#breadcrumb\"},\"inLanguage\":\"de\",\"potentialAction\":[{\"@type\":\"ReadAction\",\"target\":[\"https:\/\/www.noserlight.ch\/home\/warum-gutes-licht-der-schluessel-zum-lernerfolg-ist\/\"]}]},{\"@type\":\"ImageObject\",\"inLanguage\":\"de\",\"@id\":\"https:\/\/www.noserlight.ch\/home\/warum-gutes-licht-der-schluessel-zum-lernerfolg-ist\/#primaryimage\",\"url\":\"https:\/\/www.noserlight.ch\/home\/wp-content\/uploads\/2024\/08\/HCL_TagesNachtzyklusLichtLED.jpg\",\"contentUrl\":\"https:\/\/www.noserlight.ch\/home\/wp-content\/uploads\/2024\/08\/HCL_TagesNachtzyklusLichtLED.jpg\",\"width\":1920,\"height\":1080},{\"@type\":\"BreadcrumbList\",\"@id\":\"https:\/\/www.noserlight.ch\/home\/warum-gutes-licht-der-schluessel-zum-lernerfolg-ist\/#breadcrumb\",\"itemListElement\":[{\"@type\":\"ListItem\",\"position\":1,\"name\":\"Startseite\",\"item\":\"https:\/\/www.noserlight.ch\/home\/\"},{\"@type\":\"ListItem\",\"position\":2,\"name\":\"Warum gutes Licht der Schl\u00fcssel ist.\"}]},{\"@type\":\"WebSite\",\"@id\":\"https:\/\/www.noserlight.ch\/home\/#website\",\"url\":\"https:\/\/www.noserlight.ch\/home\/\",\"name\":\"Noserlight AG, LED Leuchten und LED Lampen, LED, Licht, Lichtplanung\",\"description\":\"Bruchsch Liecht? D\u00e4 Nosi h\u00e4t&#039;s!\",\"publisher\":{\"@id\":\"https:\/\/www.noserlight.ch\/home\/#organization\"},\"potentialAction\":[{\"@type\":\"SearchAction\",\"target\":{\"@type\":\"EntryPoint\",\"urlTemplate\":\"https:\/\/www.noserlight.ch\/home\/?s={search_term_string}\"},\"query-input\":{\"@type\":\"PropertyValueSpecification\",\"valueRequired\":true,\"valueName\":\"search_term_string\"}}],\"inLanguage\":\"de\"},{\"@type\":\"Organization\",\"@id\":\"https:\/\/www.noserlight.ch\/home\/#organization\",\"name\":\"Noserlight AG, LED Leuchten und LED Lampen, LED, Licht, Lichtplanung\",\"url\":\"https:\/\/www.noserlight.ch\/home\/\",\"logo\":{\"@type\":\"ImageObject\",\"inLanguage\":\"de\",\"@id\":\"https:\/\/www.noserlight.ch\/home\/#\/schema\/logo\/image\/\",\"url\":\"https:\/\/www.noserlight.ch\/home\/wp-content\/uploads\/2022\/12\/NoserlightAG_Logo_mit_Schlirgg_NEU_1-1.png\",\"contentUrl\":\"https:\/\/www.noserlight.ch\/home\/wp-content\/uploads\/2022\/12\/NoserlightAG_Logo_mit_Schlirgg_NEU_1-1.png\",\"width\":482,\"height\":121,\"caption\":\"Noserlight AG, LED Leuchten und LED Lampen, LED, Licht, Lichtplanung\"},\"image\":{\"@id\":\"https:\/\/www.noserlight.ch\/home\/#\/schema\/logo\/image\/\"},\"sameAs\":[\"https:\/\/www.facebook.com\/noserlight\/\",\"https:\/\/www.instagram.com\/noserlight\/\"]},{\"@type\":\"Person\",\"@id\":\"https:\/\/www.noserlight.ch\/home\/#\/schema\/person\/cd72adab091f0db04aef8e43d9b74611\",\"name\":\"Nosi\",\"image\":{\"@type\":\"ImageObject\",\"inLanguage\":\"de\",\"@id\":\"https:\/\/www.noserlight.ch\/home\/#\/schema\/person\/image\/\",\"url\":\"https:\/\/secure.gravatar.com\/avatar\/b18cc96158a2073e0df080a95bd309c904e62cb170d71914b5ddd7d9292afb82?s=96&d=mm&r=g\",\"contentUrl\":\"https:\/\/secure.gravatar.com\/avatar\/b18cc96158a2073e0df080a95bd309c904e62cb170d71914b5ddd7d9292afb82?s=96&d=mm&r=g\",\"caption\":\"Nosi\"},\"url\":\"https:\/\/www.noserlight.ch\/home\/author\/nosi\/\"}]}<\/script>\r\n<!-- \/ Yoast SEO plugin. -->","yoast_head_json":{"title":"Warum gutes Licht der Schl\u00fcssel ist. - Noserlight AG, LED Leuchten und LED Lampen, LED, Licht, Lichtplanung","description":"HCL nutzt diese Erkenntnis und passt die Lichtverh\u00e4ltnisse \u00fcber den Tag hinweg an, um unseren biologischen Rhythmus zu unterst\u00fctzen.","robots":{"index":"index","follow":"follow","max-snippet":"max-snippet:-1","max-image-preview":"max-image-preview:large","max-video-preview":"max-video-preview:-1"},"canonical":"https:\/\/www.noserlight.ch\/home\/warum-gutes-licht-der-schluessel-zum-lernerfolg-ist\/","og_locale":"de_DE","og_type":"article","og_title":"Warum gutes Licht der Schl\u00fcssel ist. - Noserlight AG, LED Leuchten und LED Lampen, LED, Licht, Lichtplanung","og_description":"HCL nutzt diese Erkenntnis und passt die Lichtverh\u00e4ltnisse \u00fcber den Tag hinweg an, um unseren biologischen Rhythmus zu unterst\u00fctzen.","og_url":"https:\/\/www.noserlight.ch\/home\/warum-gutes-licht-der-schluessel-zum-lernerfolg-ist\/","og_site_name":"Noserlight AG, LED Leuchten und LED Lampen, LED, Licht, Lichtplanung","article_publisher":"https:\/\/www.facebook.com\/noserlight\/","article_published_time":"2025-07-15T16:07:59+00:00","article_modified_time":"2025-07-17T22:43:14+00:00","og_image":[{"width":1920,"height":1080,"url":"https:\/\/www.noserlight.ch\/home\/wp-content\/uploads\/2024\/08\/HCL_TagesNachtzyklusLichtLED.jpg","type":"image\/jpeg"}],"author":"Nosi","twitter_card":"summary_large_image","twitter_misc":{"Verfasst von":"Nosi","Gesch\u00e4tzte Lesezeit":"5\u00a0Minuten"},"schema":{"@context":"https:\/\/schema.org","@graph":[{"@type":"Article","@id":"https:\/\/www.noserlight.ch\/home\/warum-gutes-licht-der-schluessel-zum-lernerfolg-ist\/#article","isPartOf":{"@id":"https:\/\/www.noserlight.ch\/home\/warum-gutes-licht-der-schluessel-zum-lernerfolg-ist\/"},"author":{"name":"Nosi","@id":"https:\/\/www.noserlight.ch\/home\/#\/schema\/person\/cd72adab091f0db04aef8e43d9b74611"},"headline":"Warum gutes Licht der Schl\u00fcssel ist.","datePublished":"2025-07-15T16:07:59+00:00","dateModified":"2025-07-17T22:43:14+00:00","mainEntityOfPage":{"@id":"https:\/\/www.noserlight.ch\/home\/warum-gutes-licht-der-schluessel-zum-lernerfolg-ist\/"},"wordCount":2012,"publisher":{"@id":"https:\/\/www.noserlight.ch\/home\/#organization"},"image":{"@id":"https:\/\/www.noserlight.ch\/home\/warum-gutes-licht-der-schluessel-zum-lernerfolg-ist\/#primaryimage"},"thumbnailUrl":"https:\/\/www.noserlight.ch\/home\/wp-content\/uploads\/2024\/08\/HCL_TagesNachtzyklusLichtLED.jpg","keywords":["B\u00fcrobeleuchtung","HCL","Human Centric Lighting","Licht am Schreibtisch","Licht f\u00fcr Schulen","Licht f\u00fcrs B\u00fcro","Licht zu Arbeiten","Licht zum Lernen"],"articleSection":["LED Know-How","Professionelle LED Beleuchtung"],"inLanguage":"de"},{"@type":"WebPage","@id":"https:\/\/www.noserlight.ch\/home\/warum-gutes-licht-der-schluessel-zum-lernerfolg-ist\/","url":"https:\/\/www.noserlight.ch\/home\/warum-gutes-licht-der-schluessel-zum-lernerfolg-ist\/","name":"Warum gutes Licht der Schl\u00fcssel ist. - Noserlight AG, LED Leuchten und LED Lampen, LED, Licht, Lichtplanung","isPartOf":{"@id":"https:\/\/www.noserlight.ch\/home\/#website"},"primaryImageOfPage":{"@id":"https:\/\/www.noserlight.ch\/home\/warum-gutes-licht-der-schluessel-zum-lernerfolg-ist\/#primaryimage"},"image":{"@id":"https:\/\/www.noserlight.ch\/home\/warum-gutes-licht-der-schluessel-zum-lernerfolg-ist\/#primaryimage"},"thumbnailUrl":"https:\/\/www.noserlight.ch\/home\/wp-content\/uploads\/2024\/08\/HCL_TagesNachtzyklusLichtLED.jpg","datePublished":"2025-07-15T16:07:59+00:00","dateModified":"2025-07-17T22:43:14+00:00","description":"HCL nutzt diese Erkenntnis und passt die Lichtverh\u00e4ltnisse \u00fcber den Tag hinweg an, um unseren biologischen Rhythmus zu unterst\u00fctzen.","breadcrumb":{"@id":"https:\/\/www.noserlight.ch\/home\/warum-gutes-licht-der-schluessel-zum-lernerfolg-ist\/#breadcrumb"},"inLanguage":"de","potentialAction":[{"@type":"ReadAction","target":["https:\/\/www.noserlight.ch\/home\/warum-gutes-licht-der-schluessel-zum-lernerfolg-ist\/"]}]},{"@type":"ImageObject","inLanguage":"de","@id":"https:\/\/www.noserlight.ch\/home\/warum-gutes-licht-der-schluessel-zum-lernerfolg-ist\/#primaryimage","url":"https:\/\/www.noserlight.ch\/home\/wp-content\/uploads\/2024\/08\/HCL_TagesNachtzyklusLichtLED.jpg","contentUrl":"https:\/\/www.noserlight.ch\/home\/wp-content\/uploads\/2024\/08\/HCL_TagesNachtzyklusLichtLED.jpg","width":1920,"height":1080},{"@type":"BreadcrumbList","@id":"https:\/\/www.noserlight.ch\/home\/warum-gutes-licht-der-schluessel-zum-lernerfolg-ist\/#breadcrumb","itemListElement":[{"@type":"ListItem","position":1,"name":"Startseite","item":"https:\/\/www.noserlight.ch\/home\/"},{"@type":"ListItem","position":2,"name":"Warum gutes Licht der Schl\u00fcssel ist."}]},{"@type":"WebSite","@id":"https:\/\/www.noserlight.ch\/home\/#website","url":"https:\/\/www.noserlight.ch\/home\/","name":"Noserlight AG, LED Leuchten und LED Lampen, LED, Licht, Lichtplanung","description":"Bruchsch Liecht? D\u00e4 Nosi h\u00e4t&#039;s!","publisher":{"@id":"https:\/\/www.noserlight.ch\/home\/#organization"},"potentialAction":[{"@type":"SearchAction","target":{"@type":"EntryPoint","urlTemplate":"https:\/\/www.noserlight.ch\/home\/?s={search_term_string}"},"query-input":{"@type":"PropertyValueSpecification","valueRequired":true,"valueName":"search_term_string"}}],"inLanguage":"de"},{"@type":"Organization","@id":"https:\/\/www.noserlight.ch\/home\/#organization","name":"Noserlight AG, LED Leuchten und LED Lampen, LED, Licht, Lichtplanung","url":"https:\/\/www.noserlight.ch\/home\/","logo":{"@type":"ImageObject","inLanguage":"de","@id":"https:\/\/www.noserlight.ch\/home\/#\/schema\/logo\/image\/","url":"https:\/\/www.noserlight.ch\/home\/wp-content\/uploads\/2022\/12\/NoserlightAG_Logo_mit_Schlirgg_NEU_1-1.png","contentUrl":"https:\/\/www.noserlight.ch\/home\/wp-content\/uploads\/2022\/12\/NoserlightAG_Logo_mit_Schlirgg_NEU_1-1.png","width":482,"height":121,"caption":"Noserlight AG, LED Leuchten und LED Lampen, LED, Licht, Lichtplanung"},"image":{"@id":"https:\/\/www.noserlight.ch\/home\/#\/schema\/logo\/image\/"},"sameAs":["https:\/\/www.facebook.com\/noserlight\/","https:\/\/www.instagram.com\/noserlight\/"]},{"@type":"Person","@id":"https:\/\/www.noserlight.ch\/home\/#\/schema\/person\/cd72adab091f0db04aef8e43d9b74611","name":"Nosi","image":{"@type":"ImageObject","inLanguage":"de","@id":"https:\/\/www.noserlight.ch\/home\/#\/schema\/person\/image\/","url":"https:\/\/secure.gravatar.com\/avatar\/b18cc96158a2073e0df080a95bd309c904e62cb170d71914b5ddd7d9292afb82?s=96&d=mm&r=g","contentUrl":"https:\/\/secure.gravatar.com\/avatar\/b18cc96158a2073e0df080a95bd309c904e62cb170d71914b5ddd7d9292afb82?s=96&d=mm&r=g","caption":"Nosi"},"url":"https:\/\/www.noserlight.ch\/home\/author\/nosi\/"}]}},"_links":{"self":[{"href":"https:\/\/www.noserlight.ch\/home\/wp-json\/wp\/v2\/posts\/28764","targetHints":{"allow":["GET"]}}],"collection":[{"href":"https:\/\/www.noserlight.ch\/home\/wp-json\/wp\/v2\/posts"}],"about":[{"href":"https:\/\/www.noserlight.ch\/home\/wp-json\/wp\/v2\/types\/post"}],"author":[{"embeddable":true,"href":"https:\/\/www.noserlight.ch\/home\/wp-json\/wp\/v2\/users\/2"}],"replies":[{"embeddable":true,"href":"https:\/\/www.noserlight.ch\/home\/wp-json\/wp\/v2\/comments?post=28764"}],"version-history":[{"count":0,"href":"https:\/\/www.noserlight.ch\/home\/wp-json\/wp\/v2\/posts\/28764\/revisions"}],"wp:featuredmedia":[{"embeddable":true,"href":"https:\/\/www.noserlight.ch\/home\/wp-json\/wp\/v2\/media\/28792"}],"wp:attachment":[{"href":"https:\/\/www.noserlight.ch\/home\/wp-json\/wp\/v2\/media?parent=28764"}],"wp:term":[{"taxonomy":"category","embeddable":true,"href":"https:\/\/www.noserlight.ch\/home\/wp-json\/wp\/v2\/categories?post=28764"},{"taxonomy":"post_tag","embeddable":true,"href":"https:\/\/www.noserlight.ch\/home\/wp-json\/wp\/v2\/tags?post=28764"}],"curies":[{"name":"wp","href":"https:\/\/api.w.org\/{rel}","templated":true}]}}