{"id":26433,"date":"2025-01-12T21:03:32","date_gmt":"2025-01-12T20:03:32","guid":{"rendered":"https:\/\/www.noserlight.ch\/home\/?p=26433"},"modified":"2025-07-18T01:10:15","modified_gmt":"2025-07-17T23:10:15","slug":"tischlein-deck-dich-licht-am-esstisch","status":"publish","type":"post","link":"https:\/\/www.noserlight.ch\/home\/tischlein-deck-dich-licht-am-esstisch\/","title":{"rendered":"TISCHLEIN DECK DICH &#8211; LICHT AM ESSTISCH"},"content":{"rendered":"<div class=\"wpb-content-wrapper\"><p>[vc_row css_animation=&#8220;&#8220; row_type=&#8220;row&#8220; use_row_as_full_screen_section=&#8220;no&#8220; type=&#8220;full_width&#8220; angled_section=&#8220;no&#8220; text_align=&#8220;left&#8220; background_image_as_pattern=&#8220;without_pattern&#8220; z_index=&#8220;&#8220; padding_top=&#8220;20&#8243; padding_bottom=&#8220;20&#8243;][vc_column][vc_column_text]Nat\u00fcrlich! Die Beleuchtung am Esstisch spielt eine wichtige Rolle, um eine angenehme Atmosph\u00e4re zu schaffen und gleichzeitig ausreichend Licht zum Essen und Unterhalten zu haben. Es gibt verschiedene M\u00f6glichkeiten, den Esstisch zu beleuchten.\u00a0 Hier ein paar Dinge auf die man achten sollte.<\/p>\n<div class=\"vc_row wpb_row section vc_row-fluid grid_section\">\n<div class=\" section_inner clearfix\">\n<div class=\"section_inner_margin clearfix\">\n<div class=\"wpb_column vc_column_container vc_col-sm-6\">\n<div class=\"vc_column-inner\">\n<div class=\"wpb_wrapper\">\n<div class=\"wpb_text_column wpb_content_element \">\n<div class=\"wpb_wrapper\"><\/div>\n<\/div>\n<\/div>\n<\/div>\n<\/div>\n<\/div>\n<\/div>\n<\/div>\n<p>[\/vc_column_text][\/vc_column][\/vc_row][vc_row css_animation=&#8220;&#8220; row_type=&#8220;row&#8220; use_row_as_full_screen_section=&#8220;no&#8220; type=&#8220;full_width&#8220; angled_section=&#8220;no&#8220; text_align=&#8220;left&#8220; background_image_as_pattern=&#8220;without_pattern&#8220; z_index=&#8220;&#8220; background_color=&#8220;#ffffff&#8220; border_color=&#8220;#ffffff&#8220; padding_top=&#8220;20&#8243; padding_bottom=&#8220;37&#8243;][vc_column width=&#8220;1\/2&#8243;][vc_column_text]<\/p>\n<div class=\"wpb_text_column wpb_content_element \">\n<div class=\"wpb_wrapper\">\n<h5>ZAUBERHAFTE TAFELN MIT LICHT AM ESSTISCH<\/h5>\n<\/div>\n<\/div>\n<p>[\/vc_column_text][vc_separator type=&#8220;normal&#8220;][vc_empty_space height=&#8220;20px&#8220;][vc_column_text]Jetzt wird aufgetischt! Kaum ein M\u00f6belst\u00fcck wird mit soviel Liebe dekoriert wie der Esstisch. Da darf eine ansprechende und wohl durchdachte Beleuchtung nicht fehlen. Favoriten sind oft Pendelleuchten: in gross, klein, oval, eckig, im Landhaus-Look oder Retro-Style. Auch Kristall-L\u00fcster bringen Glamour ins Esszimmer und verwandeln den geselligen Platz in eine zauberhafte Tafel.[\/vc_column_text][vc_empty_space height=&#8220;20px&#8220;][vc_column_text]<\/p>\n<div class=\"wpb_text_column wpb_content_element \">\n<div class=\"wpb_wrapper\">\n<div class=\"wpb_text_column wpb_content_element \">\n<div class=\"wpb_wrapper\">\n<h5><strong>MEHRERE LEUCHTEN LOCKERN AUF<\/strong><\/h5>\n<\/div>\n<\/div>\n<\/div>\n<\/div>\n<p>[\/vc_column_text][vc_column_text]<\/p>\n<div class=\"wpb_text_column wpb_content_element \">\n<div class=\"wpb_wrapper\">\n<p>Damit das Licht seine Wirkung \u00fcber die gesamte Fl\u00e4che entfalten kann, sollte die Beleuchtung in Gr\u00f6sse und Form dem Tisch entsprechen. Mehrere <a class=\"internal-link\" title=\"Leuchte\" href=\"https:\/\/www.noserlight.ch\/home\/portfolio-masonry\/\" target=\"_blank\" rel=\"noopener\">Leuchten<\/a> mit kleinen \u2013 aber auch grossen \u2013 Schirmen wirken auflockernd. Sie k\u00f6nnen in einer Reihe oder im Kreis \u00fcber dem Esstisch angeordnet werden.<\/p>\n<\/div>\n<\/div>\n<p>[\/vc_column_text][\/vc_column][vc_column width=&#8220;1\/2&#8243;][vc_empty_space height=&#8220;25px&#8220;][vc_separator type=&#8220;normal&#8220;][vc_empty_space height=&#8220;20px&#8220;][vc_single_image image=&#8220;26493&#8243; img_size=&#8220;768&#215;432&#8243; onclick=&#8220;custom_link&#8220; img_link_target=&#8220;_blank&#8220; qode_css_animation=&#8220;&#8220; link=&#8220;https:\/\/www.noserlight.ch\/shop\/de\/oligo&#8220;][vc_empty_space height=&#8220;20px&#8220;][\/vc_column][\/vc_row][vc_row css_animation=&#8220;&#8220; row_type=&#8220;row&#8220; use_row_as_full_screen_section=&#8220;no&#8220; type=&#8220;full_width&#8220; angled_section=&#8220;no&#8220; text_align=&#8220;left&#8220; background_image_as_pattern=&#8220;without_pattern&#8220; z_index=&#8220;&#8220; padding_top=&#8220;37&#8243; padding_bottom=&#8220;37&#8243;][vc_column width=&#8220;1\/2&#8243;][vc_empty_space height=&#8220;25px&#8220;][vc_separator type=&#8220;normal&#8220;][vc_empty_space height=&#8220;20px&#8220;][vc_single_image image=&#8220;26507&#8243; img_size=&#8220;768&#215;432&#8243; onclick=&#8220;custom_link&#8220; img_link_target=&#8220;_blank&#8220; qode_css_animation=&#8220;&#8220; link=&#8220;https:\/\/noserlight.ch\/LEDInfo\/NOSERLIGHT_KnapsteinKatalogAktuell.pdf&#8220;][vc_empty_space height=&#8220;20px&#8220;][vc_empty_space height=&#8220;20px&#8220;][\/vc_column][vc_column width=&#8220;1\/2&#8243;][vc_column_text]<\/p>\n<div class=\"wpb_text_column wpb_content_element \">\n<div class=\"wpb_wrapper\">\n<div class=\"wpb_text_column wpb_content_element \">\n<div class=\"wpb_wrapper\">\n<h5>FLEXIBLE BELEUCHTUNG F\u00dcR AUSZIEHTISCHE<\/h5>\n<\/div>\n<\/div>\n<\/div>\n<\/div>\n<p>[\/vc_column_text][vc_separator type=&#8220;normal&#8220;][vc_empty_space height=&#8220;20px&#8220;][vc_column_text]Mehrere Leuchten, oder Leuchten die sich ausziehen und\/oder problemlos versetzen lassen, sind vor allem bei Ausziehtischen eine clevere L\u00f6sung.\u00a0<a href=\"https:\/\/noserlight.ch\/LEDInfo\/NOSERLIGHT_OLIGO_2022_Systemleuchten_System-luminaires.pdf\" target=\"_blank\" rel=\"noopener\"><span title=\"Stromschienen schaffen Flexibilit\u00e4t: An jeder Stelle der Schiene k\u00f6nnen \u00fcber Adapter Leuchten und Strahler eingesetzt werden. Der Adapter stellt zugleich die Stromverbindung her: Der Stromleiter liegt abgedeckt innerhalb der Schiene...\">Stromschienen<\/span><span title=\"In Niedervolt-Technik ausgef\u00fchrte Seil- und Stangensysteme machen die Beleuchtung flexibel, \u00e4hnlich wie die klassische Stromschiene. Niedervolt-Strahler und -Leuchten lassen sich an beliebiger Stelle befestigen und jederzeit...\">systeme<\/span>\u00a0<\/a>stehen f\u00fcr viel Licht bei wenig Installationsaufwand und sind \u00fcbrigens auch ideal, wenn nur ein Stromauslass unter der Decke zur Verf\u00fcgung steht[\/vc_column_text][vc_empty_space height=&#8220;20px&#8220;][vc_column_text]<\/p>\n<div class=\"wpb_text_column wpb_content_element \">\n<div class=\"wpb_wrapper\">\n<div class=\"wpb_text_column wpb_content_element \">\n<div class=\"wpb_wrapper\">\n<h5><strong>FREIER BLICK \u00dcBER DEN TISCH<\/strong><\/h5>\n<\/div>\n<\/div>\n<\/div>\n<\/div>\n<p>[\/vc_column_text][vc_column_text]<\/p>\n<div class=\"wpb_text_column wpb_content_element \">\n<div class=\"wpb_wrapper\">\n<div class=\"wpb_text_column wpb_content_element \">\n<div class=\"wpb_wrapper\">\n<p>Pendelleuchten sollten nicht zu hoch oder zu tief \u00fcber dem Tisch abgependelt werden. 60 Zentimeter \u00fcber dem Tisch ist richtig. So kann das Licht bei offenen Lampenschirmen nicht blenden, und der Blick ist frei zum Tischnachbarn gegen\u00fcber. F\u00fcr Hausaufgaben oder B\u00fcroarbeiten am Esstisch ist der empfohlene 60-Zentimeter-Abstand jedoch viel zu hoch. F\u00fcr Flexibilit\u00e4t sorgen dann stufenlos verstellbare Pendelleuchten, wie zB. das\u00a0<a href=\"https:\/\/noserlight.ch\/LEDInfo\/NOSERLIGHT_OLIGO_SlackLine.pdf\" target=\"_blank\" rel=\"noopener\">SLACK-LINE<\/a>\u00a0System von OLIGO Lichttechnik.<\/p>\n<\/div>\n<\/div>\n<div class=\"vc_empty_space\"><\/div>\n<\/div>\n<\/div>\n<p>[\/vc_column_text][\/vc_column][\/vc_row][vc_row css_animation=&#8220;&#8220; row_type=&#8220;row&#8220; use_row_as_full_screen_section=&#8220;no&#8220; type=&#8220;full_width&#8220; angled_section=&#8220;no&#8220; text_align=&#8220;left&#8220; background_image_as_pattern=&#8220;without_pattern&#8220; css=&#8220;.vc_custom_1705342287692{background-color: #ffffff !important;}&#8220; z_index=&#8220;&#8220; padding_top=&#8220;37&#8243; padding_bottom=&#8220;37&#8243;][vc_column width=&#8220;1\/3&#8243;][vc_column_text]<\/p>\n<h5><a href=\"https:\/\/noserlight.ch\/LEDInfo\/NOSERLIGHT_Ratgeber_LEDLichtimEsszimmer.pdf\">RATGEBER DOWNLOAD<\/a><br \/>\n<a href=\"https:\/\/noserlight.ch\/LEDInfo\/NOSERLIGHT_Ratgeber_LEDLichtimEsszimmer.pdf\">ESSTISCHBELEUCHTUNG<\/a><\/h5>\n<p>[\/vc_column_text][vc_separator type=&#8220;normal&#8220;][vc_empty_space][vc_single_image image=&#8220;26078&#8243; img_size=&#8220;600&#215;600&#8243; onclick=&#8220;custom_link&#8220; img_link_target=&#8220;_blank&#8220; qode_css_animation=&#8220;&#8220; qode_hover_animation=&#8220;darken&#8220; link=&#8220;https:\/\/noserlight.ch\/LEDInfo\/NOSERLIGHT_Ratgeber_LEDLichtimEsszimmer.pdf&#8220;][vc_empty_space][\/vc_column][vc_column width=&#8220;1\/3&#8243;][vc_column_text]<\/p>\n<h5><a href=\"https:\/\/www.noserlight.ch\/home\/tipps-fuer-die-private-lichtplanung\/\" target=\"_blank\" rel=\"noopener\">TIPPS F\u00dcR DIE<\/a><br \/>\n<a href=\"https:\/\/www.noserlight.ch\/home\/tipps-fuer-die-private-lichtplanung\/\" target=\"_blank\" rel=\"noopener\">PRIVATE LICHTPLANUNG<\/a><\/h5>\n<p>[\/vc_column_text][vc_separator type=&#8220;normal&#8220;][vc_empty_space][vc_single_image image=&#8220;26014&#8243; img_size=&#8220;600&#215;600&#8243; onclick=&#8220;custom_link&#8220; img_link_target=&#8220;_blank&#8220; qode_css_animation=&#8220;&#8220; qode_hover_animation=&#8220;darken&#8220; link=&#8220;https:\/\/www.noserlight.ch\/home\/tipps-fuer-die-private-lichtplanung\/&#8220;][vc_empty_space][\/vc_column][vc_column width=&#8220;1\/3&#8243;][vc_column_text]<\/p>\n<h5><a href=\"http:\/\/www.noserlight.ch\/LEDInfo\/NOSERLIGHT_KleinerLampenratgeber.pdf\" target=\"_blank\" rel=\"noopener\">KLEINER<br \/>\nLAMPENRATGEBER<\/a><\/h5>\n<p>[\/vc_column_text][vc_separator type=&#8220;normal&#8220;][vc_empty_space][vc_single_image image=&#8220;24814&#8243; img_size=&#8220;600&#215;600&#8243; onclick=&#8220;custom_link&#8220; img_link_target=&#8220;_blank&#8220; qode_css_animation=&#8220;&#8220; qode_hover_animation=&#8220;darken&#8220; link=&#8220;https:\/\/www.noserlight.ch\/LEDInfo\/NOSERLIGHT_KleinerLampenratgeber.pdf&#8220;][vc_empty_space][\/vc_column][\/vc_row][vc_row css_animation=&#8220;&#8220; row_type=&#8220;row&#8220; use_row_as_full_screen_section=&#8220;no&#8220; type=&#8220;grid&#8220; angled_section=&#8220;no&#8220; text_align=&#8220;left&#8220; background_image_as_pattern=&#8220;without_pattern&#8220; padding_top=&#8220;57&#8243; padding_bottom=&#8220;57&#8243; z_index=&#8220;&#8220;][vc_column width=&#8220;1\/3&#8243;][vc_empty_space height=&#8220;10px&#8220;]<div class='q_icon_with_title medium circle center '><div class=\"icon_holder \" style=\"margin: 0 0 28px 0; \"><a itemprop=\"url\" href=\"https:\/\/www.noserlight.ch\/LEDInfo\/NOSERLIGHT_Webkataloge.pdf\" target=\"\" class=\"q_icon_link\"><span data-icon-type=\"circle\" data-icon-hover-color=\"#ffff00\" data-icon-hover-bg-color=\"#ffffff\" class=\"qode_iwt_icon_holder fa-stack fa-3x  \" style=\"font-size: 45px;border-color: #000000;background-color: #000000;\"><i class=\"qode_icon_font_awesome fa fa-book qode_iwt_icon_element\" style=\"color: #ffffff;\" ><\/i><\/span><\/a><\/div><div class=\"icon_text_holder\" style=\"\"><div class=\"icon_text_inner\" style=\"\"><h3 class=\"icon_title\" style=\"\">KATALOGE<\/h3><p style='color: #000000'><\/p><a itemprop='url' class='icon_with_title_link' href='https:\/\/www.noserlight.ch\/LEDInfo\/NOSERLIGHT_Webkataloge.pdf' target='_self' style=''>Finde Inspirationen f\u00fcr deine LED Esszimmerbeleuchtung in unserem LED Portfolio<\/a><\/div><\/div><\/div>[\/vc_column][vc_column width=&#8220;1\/3&#8243;][vc_empty_space height=&#8220;10px&#8220;]<div class='q_icon_with_title medium circle center '><div class=\"icon_holder \" style=\"margin: 0 0 28px 0; \"><a itemprop=\"url\" href=\"https:\/\/www.noserlight.ch\/home\/kontakt\/\" target=\"\" class=\"q_icon_link\"><span data-icon-type=\"circle\" data-icon-hover-color=\"#ffff00\" data-icon-hover-bg-color=\"#ffffff\" class=\"qode_iwt_icon_holder fa-stack fa-3x  \" style=\"font-size: 45px;border-color: #000000;background-color: #000000;\"><i class=\"qode_icon_font_awesome fa fa-eye qode_iwt_icon_element\" style=\"color: #ffffff;\" ><\/i><\/span><\/a><\/div><div class=\"icon_text_holder\" style=\"\"><div class=\"icon_text_inner\" style=\"\"><h3 class=\"icon_title\" style=\"\">Live ansehen<\/h3><p style=''><\/p><a itemprop='url' class='icon_with_title_link' href='https:\/\/www.noserlight.ch\/home\/kontakt\/' target='_self' style=''>Sieh dir unsere NOSER Qualit\u00e4ts-Brand Sortiment an LED live in unserem Store an.<\/a><\/div><\/div><\/div>[\/vc_column][vc_column width=&#8220;1\/3&#8243;][vc_empty_space height=&#8220;10px&#8220;]<div class='q_icon_with_title medium circle center '><div class=\"icon_holder \" style=\"margin: 0 0 28px 0; \"><a itemprop=\"url\" href=\"https:\/\/www.noserlight.ch\/shop\/\" target=\"\" class=\"q_icon_link\"><span data-icon-type=\"circle\" data-icon-hover-color=\"#ffff00\" data-icon-hover-bg-color=\"#ffffff\" class=\"qode_iwt_icon_holder fa-stack fa-3x  \" style=\"font-size: 45px;border-color: #000000;background-color: #000000;\"><i class=\"qode_icon_font_awesome fa fa-cart-plus qode_iwt_icon_element\" style=\"color: #ffffff;\" ><\/i><\/span><\/a><\/div><div class=\"icon_text_holder\" style=\"\"><div class=\"icon_text_inner\" style=\"\"><h3 class=\"icon_title\" style=\"\">Zum Online-Shop<\/h3><p style=''><\/p><a itemprop='url' class='icon_with_title_link' href='https:\/\/www.noserlight.ch\/shop\/' target='_self' style=''>Du weisst was du brauchst? Dann geht es hier zu unserem Online-Shop mit den besten Deals f\u00fcr dein perfektes LED Licht-Projekt.<\/a><\/div><\/div><\/div>[\/vc_column][\/vc_row][vc_row css_animation=&#8220;&#8220; row_type=&#8220;row&#8220; use_row_as_full_screen_section=&#8220;no&#8220; type=&#8220;grid&#8220; angled_section=&#8220;no&#8220; text_align=&#8220;left&#8220; background_image_as_pattern=&#8220;without_pattern&#8220; padding_top=&#8220;57&#8243; padding_bottom=&#8220;57&#8243; css=&#8220;.vc_custom_1695937585721{background-color: #ffffff !important;}&#8220; z_index=&#8220;&#8220;][vc_column][vc_column_text]<\/p>\n<h2 style=\"text-align: center;\">AKTUELL<\/h2>\n<p>[\/vc_column_text][vc_separator type=&#8220;small&#8220; position=&#8220;center&#8220; down=&#8220;45&#8243; up=&#8220;7&#8243;]\n<div class='latest_post_holder boxes three_columns three_rows' >\n    <ul>\n    \n        <li class=\"clearfix\">\n            <div class=\"boxes_image\">\n                                <a itemprop=\"url\" href=\"https:\/\/www.noserlight.ch\/home\/sparlampenersatz_fl_ersatz\/\"><img loading=\"lazy\" decoding=\"async\" width=\"539\" height=\"292\" src=\"https:\/\/www.noserlight.ch\/home\/wp-content\/uploads\/2023\/02\/ID111_LED_T8_Kat-539x292.jpg\" class=\"attachment-latest_post_boxes size-latest_post_boxes wp-post-image\" alt=\"\" \/><\/a>\n            <\/div>\n            <div class=\"latest_post\"  >\n                <div class=\"latest_post_text\">\n                    <div class=\"latest_post_inner\">\n                        <div class=\"latest_post_text_inner\">\n                            <h5 itemprop=\"name\" class=\"latest_post_title entry_title\"><a itemprop=\"url\" href=\"https:\/\/www.noserlight.ch\/home\/sparlampenersatz_fl_ersatz\/\">ERSATZ F\u00dcR FL-R\u00d6HREN UND SPARLAMPEN<\/a><\/h5>\n                            <p class=\"excerpt\">Suchst du Ersatz f\u00fcr Sparlampen und FL-R\u00f6hren die verboten wurden? Wir bieten ihn. Egal ob f\u00fcrs Facility Management, Ers...<\/p>\n                            <span class=\"post_infos\">\n                                                                                                \n                                \n                                                            <\/span>\n                        <\/div>\n                    <\/div>\n                <\/div>\n            <\/div>\n        <\/li>\n    \n        <li class=\"clearfix\">\n            <div class=\"boxes_image\">\n                                <a itemprop=\"url\" href=\"https:\/\/www.noserlight.ch\/home\/licht-fuer-wege-und-treppen-im-freien\/\"><img loading=\"lazy\" decoding=\"async\" width=\"539\" height=\"303\" src=\"https:\/\/www.noserlight.ch\/home\/wp-content\/uploads\/2023\/09\/NOSERLIGH_LEDAussenbeleuchtungWegeTreppen-539x303.jpg\" class=\"attachment-latest_post_boxes size-latest_post_boxes wp-post-image\" alt=\"\" srcset=\"https:\/\/www.noserlight.ch\/home\/wp-content\/uploads\/2023\/09\/NOSERLIGH_LEDAussenbeleuchtungWegeTreppen-539x303.jpg 539w, https:\/\/www.noserlight.ch\/home\/wp-content\/uploads\/2023\/09\/NOSERLIGH_LEDAussenbeleuchtungWegeTreppen-300x169.jpg 300w, https:\/\/www.noserlight.ch\/home\/wp-content\/uploads\/2023\/09\/NOSERLIGH_LEDAussenbeleuchtungWegeTreppen-1024x576.jpg 1024w, https:\/\/www.noserlight.ch\/home\/wp-content\/uploads\/2023\/09\/NOSERLIGH_LEDAussenbeleuchtungWegeTreppen-768x432.jpg 768w, https:\/\/www.noserlight.ch\/home\/wp-content\/uploads\/2023\/09\/NOSERLIGH_LEDAussenbeleuchtungWegeTreppen-1536x864.jpg 1536w, https:\/\/www.noserlight.ch\/home\/wp-content\/uploads\/2023\/09\/NOSERLIGH_LEDAussenbeleuchtungWegeTreppen-700x394.jpg 700w, https:\/\/www.noserlight.ch\/home\/wp-content\/uploads\/2023\/09\/NOSERLIGH_LEDAussenbeleuchtungWegeTreppen.jpg 1920w\" sizes=\"auto, (max-width: 539px) 100vw, 539px\" \/><\/a>\n            <\/div>\n            <div class=\"latest_post\"  >\n                <div class=\"latest_post_text\">\n                    <div class=\"latest_post_inner\">\n                        <div class=\"latest_post_text_inner\">\n                            <h5 itemprop=\"name\" class=\"latest_post_title entry_title\"><a itemprop=\"url\" href=\"https:\/\/www.noserlight.ch\/home\/licht-fuer-wege-und-treppen-im-freien\/\">Licht f\u00fcr Wege und Treppen im Freien<\/a><\/h5>\n                            <p class=\"excerpt\">Wegbeleuchtung und Treppenbeleuchtung. Wege zum und um das Haus, den Kellereingang oder zur Garage sollten gut beleuchte...<\/p>\n                            <span class=\"post_infos\">\n                                                                                                \n                                \n                                                            <\/span>\n                        <\/div>\n                    <\/div>\n                <\/div>\n            <\/div>\n        <\/li>\n    \n        <li class=\"clearfix\">\n            <div class=\"boxes_image\">\n                                <a itemprop=\"url\" href=\"https:\/\/www.noserlight.ch\/home\/warum-gutes-licht-der-schluessel-zum-lernerfolg-ist\/\"><img loading=\"lazy\" decoding=\"async\" width=\"539\" height=\"303\" src=\"https:\/\/www.noserlight.ch\/home\/wp-content\/uploads\/2024\/08\/HCL_TagesNachtzyklusLichtLED-539x303.jpg\" class=\"attachment-latest_post_boxes size-latest_post_boxes wp-post-image\" alt=\"\" srcset=\"https:\/\/www.noserlight.ch\/home\/wp-content\/uploads\/2024\/08\/HCL_TagesNachtzyklusLichtLED-539x303.jpg 539w, https:\/\/www.noserlight.ch\/home\/wp-content\/uploads\/2024\/08\/HCL_TagesNachtzyklusLichtLED-300x169.jpg 300w, https:\/\/www.noserlight.ch\/home\/wp-content\/uploads\/2024\/08\/HCL_TagesNachtzyklusLichtLED-1024x576.jpg 1024w, https:\/\/www.noserlight.ch\/home\/wp-content\/uploads\/2024\/08\/HCL_TagesNachtzyklusLichtLED-768x432.jpg 768w, https:\/\/www.noserlight.ch\/home\/wp-content\/uploads\/2024\/08\/HCL_TagesNachtzyklusLichtLED-1536x864.jpg 1536w, https:\/\/www.noserlight.ch\/home\/wp-content\/uploads\/2024\/08\/HCL_TagesNachtzyklusLichtLED-700x394.jpg 700w, https:\/\/www.noserlight.ch\/home\/wp-content\/uploads\/2024\/08\/HCL_TagesNachtzyklusLichtLED.jpg 1920w\" sizes=\"auto, (max-width: 539px) 100vw, 539px\" \/><\/a>\n            <\/div>\n            <div class=\"latest_post\"  >\n                <div class=\"latest_post_text\">\n                    <div class=\"latest_post_inner\">\n                        <div class=\"latest_post_text_inner\">\n                            <h5 itemprop=\"name\" class=\"latest_post_title entry_title\"><a itemprop=\"url\" href=\"https:\/\/www.noserlight.ch\/home\/warum-gutes-licht-der-schluessel-zum-lernerfolg-ist\/\">Warum gutes Licht der Schl\u00fcssel ist.<\/a><\/h5>\n                            <p class=\"excerpt\">Licht ist mehr als nur Helligkeit. Es beeinflusst, wie wir uns f\u00fchlen, denken und arbeiten. In einer Welt, die zunehmend...<\/p>\n                            <span class=\"post_infos\">\n                                                                                                \n                                \n                                                            <\/span>\n                        <\/div>\n                    <\/div>\n                <\/div>\n            <\/div>\n        <\/li>\n    \n        <li class=\"clearfix\">\n            <div class=\"boxes_image\">\n                                <a itemprop=\"url\" href=\"https:\/\/www.noserlight.ch\/home\/einbruchschutz-ploetzliches-licht-schreckt-ab-2\/\"><img loading=\"lazy\" decoding=\"async\" width=\"539\" height=\"303\" src=\"https:\/\/www.noserlight.ch\/home\/wp-content\/uploads\/2023\/10\/NOSERLIGHT_LEDStrahler_LEDFluter-539x303.jpg\" class=\"attachment-latest_post_boxes size-latest_post_boxes wp-post-image\" alt=\"\" srcset=\"https:\/\/www.noserlight.ch\/home\/wp-content\/uploads\/2023\/10\/NOSERLIGHT_LEDStrahler_LEDFluter-539x303.jpg 539w, https:\/\/www.noserlight.ch\/home\/wp-content\/uploads\/2023\/10\/NOSERLIGHT_LEDStrahler_LEDFluter-300x169.jpg 300w, https:\/\/www.noserlight.ch\/home\/wp-content\/uploads\/2023\/10\/NOSERLIGHT_LEDStrahler_LEDFluter-1024x576.jpg 1024w, https:\/\/www.noserlight.ch\/home\/wp-content\/uploads\/2023\/10\/NOSERLIGHT_LEDStrahler_LEDFluter-768x432.jpg 768w, https:\/\/www.noserlight.ch\/home\/wp-content\/uploads\/2023\/10\/NOSERLIGHT_LEDStrahler_LEDFluter-1536x864.jpg 1536w, https:\/\/www.noserlight.ch\/home\/wp-content\/uploads\/2023\/10\/NOSERLIGHT_LEDStrahler_LEDFluter-700x394.jpg 700w, https:\/\/www.noserlight.ch\/home\/wp-content\/uploads\/2023\/10\/NOSERLIGHT_LEDStrahler_LEDFluter.jpg 1920w\" sizes=\"auto, (max-width: 539px) 100vw, 539px\" \/><\/a>\n            <\/div>\n            <div class=\"latest_post\"  >\n                <div class=\"latest_post_text\">\n                    <div class=\"latest_post_inner\">\n                        <div class=\"latest_post_text_inner\">\n                            <h5 itemprop=\"name\" class=\"latest_post_title entry_title\"><a itemprop=\"url\" href=\"https:\/\/www.noserlight.ch\/home\/einbruchschutz-ploetzliches-licht-schreckt-ab-2\/\">Einbruchschutz &#8211;  Licht schreckt ab<\/a><\/h5>\n                            <p class=\"excerpt\">F\u00fcr eine zus\u00e4tzliche Sicherheitsbeleuchtung werden zum Beispiel unter dem Dachfirst Strahler oder Scheinwerfer montiert....<\/p>\n                            <span class=\"post_infos\">\n                                                                                                \n                                \n                                                            <\/span>\n                        <\/div>\n                    <\/div>\n                <\/div>\n            <\/div>\n        <\/li>\n    \n        <li class=\"clearfix\">\n            <div class=\"boxes_image\">\n                                <a itemprop=\"url\" href=\"https:\/\/www.noserlight.ch\/home\/schutzklassen\/\"><img loading=\"lazy\" decoding=\"async\" width=\"539\" height=\"303\" src=\"https:\/\/www.noserlight.ch\/home\/wp-content\/uploads\/2023\/10\/IP_Schutzarten637x320-539x303.jpg\" class=\"attachment-latest_post_boxes size-latest_post_boxes wp-post-image\" alt=\"\" srcset=\"https:\/\/www.noserlight.ch\/home\/wp-content\/uploads\/2023\/10\/IP_Schutzarten637x320-539x303.jpg 539w, https:\/\/www.noserlight.ch\/home\/wp-content\/uploads\/2023\/10\/IP_Schutzarten637x320-570x320.jpg 570w\" sizes=\"auto, (max-width: 539px) 100vw, 539px\" \/><\/a>\n            <\/div>\n            <div class=\"latest_post\"  >\n                <div class=\"latest_post_text\">\n                    <div class=\"latest_post_inner\">\n                        <div class=\"latest_post_text_inner\">\n                            <h5 itemprop=\"name\" class=\"latest_post_title entry_title\"><a itemprop=\"url\" href=\"https:\/\/www.noserlight.ch\/home\/schutzklassen\/\">Schutzklassen<\/a><\/h5>\n                            <p class=\"excerpt\">LEUCHTEN UND SCHUTZKLASSEN\r\nSchutzklassen dienen in der Elektrotechnik der Einteilung und Kennzeichnung von elektrischen...<\/p>\n                            <span class=\"post_infos\">\n                                                                                                \n                                \n                                                            <\/span>\n                        <\/div>\n                    <\/div>\n                <\/div>\n            <\/div>\n        <\/li>\n    \n        <li class=\"clearfix\">\n            <div class=\"boxes_image\">\n                                <a itemprop=\"url\" href=\"https:\/\/www.noserlight.ch\/home\/welcome-licht-fuer-den-hauseingang\/\"><img loading=\"lazy\" decoding=\"async\" width=\"539\" height=\"303\" src=\"https:\/\/www.noserlight.ch\/home\/wp-content\/uploads\/2023\/03\/NOSERLIGHT_LichtfuerdenEingang-2-539x303.jpg\" class=\"attachment-latest_post_boxes size-latest_post_boxes wp-post-image\" alt=\"\" \/><\/a>\n            <\/div>\n            <div class=\"latest_post\"  >\n                <div class=\"latest_post_text\">\n                    <div class=\"latest_post_inner\">\n                        <div class=\"latest_post_text_inner\">\n                            <h5 itemprop=\"name\" class=\"latest_post_title entry_title\"><a itemprop=\"url\" href=\"https:\/\/www.noserlight.ch\/home\/welcome-licht-fuer-den-hauseingang\/\">Welcome! Licht f\u00fcr den Hauseingang<\/a><\/h5>\n                            <p class=\"excerpt\">Licht im Eingangsbereich und an der Haust\u00fcr ist doppelt wichtig: Es wirkt einladend und sorgt......<\/p>\n                            <span class=\"post_infos\">\n                                                                                                \n                                \n                                                            <\/span>\n                        <\/div>\n                    <\/div>\n                <\/div>\n            <\/div>\n        <\/li>\n    \n        <li class=\"clearfix\">\n            <div class=\"boxes_image\">\n                                <a itemprop=\"url\" href=\"https:\/\/www.noserlight.ch\/home\/erzielen-sie-raumlicht-wirkung\/\"><img loading=\"lazy\" decoding=\"async\" width=\"539\" height=\"303\" src=\"https:\/\/www.noserlight.ch\/home\/wp-content\/uploads\/2023\/09\/NOSERLIGHT_LEDStrip240V-539x303.jpg\" class=\"attachment-latest_post_boxes size-latest_post_boxes wp-post-image\" alt=\"\" srcset=\"https:\/\/www.noserlight.ch\/home\/wp-content\/uploads\/2023\/09\/NOSERLIGHT_LEDStrip240V-539x303.jpg 539w, https:\/\/www.noserlight.ch\/home\/wp-content\/uploads\/2023\/09\/NOSERLIGHT_LEDStrip240V-300x169.jpg 300w, https:\/\/www.noserlight.ch\/home\/wp-content\/uploads\/2023\/09\/NOSERLIGHT_LEDStrip240V-1024x576.jpg 1024w, https:\/\/www.noserlight.ch\/home\/wp-content\/uploads\/2023\/09\/NOSERLIGHT_LEDStrip240V-768x432.jpg 768w, https:\/\/www.noserlight.ch\/home\/wp-content\/uploads\/2023\/09\/NOSERLIGHT_LEDStrip240V-1536x864.jpg 1536w, https:\/\/www.noserlight.ch\/home\/wp-content\/uploads\/2023\/09\/NOSERLIGHT_LEDStrip240V-700x394.jpg 700w, https:\/\/www.noserlight.ch\/home\/wp-content\/uploads\/2023\/09\/NOSERLIGHT_LEDStrip240V.jpg 1920w\" sizes=\"auto, (max-width: 539px) 100vw, 539px\" \/><\/a>\n            <\/div>\n            <div class=\"latest_post\"  >\n                <div class=\"latest_post_text\">\n                    <div class=\"latest_post_inner\">\n                        <div class=\"latest_post_text_inner\">\n                            <h5 itemprop=\"name\" class=\"latest_post_title entry_title\"><a itemprop=\"url\" href=\"https:\/\/www.noserlight.ch\/home\/erzielen-sie-raumlicht-wirkung\/\">Erziele (Raumlicht-)Wirkung!<\/a><\/h5>\n                            <p class=\"excerpt\">Weil indirektes Licht diffus leuchte, kaum Schatten wirft, sich optimal im Raum verteilt und nicht blendet, eignet es si...<\/p>\n                            <span class=\"post_infos\">\n                                                                                                \n                                \n                                                            <\/span>\n                        <\/div>\n                    <\/div>\n                <\/div>\n            <\/div>\n        <\/li>\n    \n        <li class=\"clearfix\">\n            <div class=\"boxes_image\">\n                                <a itemprop=\"url\" href=\"https:\/\/www.noserlight.ch\/home\/das-smarte-lichtfenster\/\"><img loading=\"lazy\" decoding=\"async\" width=\"539\" height=\"303\" src=\"https:\/\/www.noserlight.ch\/home\/wp-content\/uploads\/2023\/02\/NOSERLIGHT_LEDPanelOffice-539x303.jpg\" class=\"attachment-latest_post_boxes size-latest_post_boxes wp-post-image\" alt=\"\" \/><\/a>\n            <\/div>\n            <div class=\"latest_post\"  >\n                <div class=\"latest_post_text\">\n                    <div class=\"latest_post_inner\">\n                        <div class=\"latest_post_text_inner\">\n                            <h5 itemprop=\"name\" class=\"latest_post_title entry_title\"><a itemprop=\"url\" href=\"https:\/\/www.noserlight.ch\/home\/das-smarte-lichtfenster\/\">Das smarte Lichtfenster<\/a><\/h5>\n                            <p class=\"excerpt\">Die Beleuchtung mit Led Panel sind mittlerweile in aller Munde. Unser Standard Led Panel verf\u00fcgen......<\/p>\n                            <span class=\"post_infos\">\n                                                                                                \n                                \n                                                            <\/span>\n                        <\/div>\n                    <\/div>\n                <\/div>\n            <\/div>\n        <\/li>\n    \n        <li class=\"clearfix\">\n            <div class=\"boxes_image\">\n                                <a itemprop=\"url\" href=\"https:\/\/www.noserlight.ch\/home\/tipps-fuer-die-private-lichtplanung\/\"><img loading=\"lazy\" decoding=\"async\" width=\"539\" height=\"303\" src=\"https:\/\/www.noserlight.ch\/home\/wp-content\/uploads\/2023\/02\/suite_ambient-980x500-1-539x303.jpg\" class=\"attachment-latest_post_boxes size-latest_post_boxes wp-post-image\" alt=\"\" \/><\/a>\n            <\/div>\n            <div class=\"latest_post\"  >\n                <div class=\"latest_post_text\">\n                    <div class=\"latest_post_inner\">\n                        <div class=\"latest_post_text_inner\">\n                            <h5 itemprop=\"name\" class=\"latest_post_title entry_title\"><a itemprop=\"url\" href=\"https:\/\/www.noserlight.ch\/home\/tipps-fuer-die-private-lichtplanung\/\">Tipps f\u00fcr die private Lichtplanung<\/a><\/h5>\n                            <p class=\"excerpt\">Essen, lesen, fernsehen, arbeiten oder entspannen \u2013 das Beispiel Wohnzimmer zeigt, dass die Beleuchtung vielen......<\/p>\n                            <span class=\"post_infos\">\n                                                                                                \n                                \n                                                            <\/span>\n                        <\/div>\n                    <\/div>\n                <\/div>\n            <\/div>\n        <\/li>\n        <\/ul>\n<\/div>[\/vc_column][\/vc_row][vc_row css_animation=&#8220;&#8220; row_type=&#8220;row&#8220; use_row_as_full_screen_section=&#8220;no&#8220; type=&#8220;full_width&#8220; angled_section=&#8220;no&#8220; text_align=&#8220;left&#8220; background_image_as_pattern=&#8220;without_pattern&#8220;][vc_column][vc_empty_space height=&#8220;20px&#8220;][\/vc_column][\/vc_row][vc_row css_animation=&#8220;&#8220; row_type=&#8220;row&#8220; use_row_as_full_screen_section=&#8220;no&#8220; type=&#8220;full_width&#8220; angled_section=&#8220;no&#8220; text_align=&#8220;left&#8220; background_image_as_pattern=&#8220;without_pattern&#8220; z_index=&#8220;&#8220; padding_top=&#8220;57&#8243;][vc_column][vc_column_text]<\/p>\n<h2 style=\"text-align: center;\">KONTAKT<\/h2>\n<p>[\/vc_column_text][vc_empty_space height=&#8220;20px&#8220;][vc_separator type=&#8220;small&#8220; position=&#8220;center&#8220; down=&#8220;38&#8243; up=&#8220;7&#8243;][\/vc_column][\/vc_row][vc_row css_animation=&#8220;&#8220; row_type=&#8220;row&#8220; use_row_as_full_screen_section=&#8220;no&#8220; type=&#8220;grid&#8220; angled_section=&#8220;no&#8220; text_align=&#8220;left&#8220; background_image_as_pattern=&#8220;without_pattern&#8220; padding_top=&#8220;20&#8243; padding_bottom=&#8220;57&#8243; z_index=&#8220;&#8220;][vc_column width=&#8220;1\/4&#8243;]<div class='q_icon_with_title medium circle center '><div class=\"icon_holder \" style=\"margin: 0 0 28px 0; \"><span data-icon-type=\"circle\" data-icon-hover-color=\"#ffff00\" data-icon-hover-bg-color=\"#ffffff\" class=\"qode_iwt_icon_holder fa-stack fa-3x  \" style=\"font-size: 45px;border-color: #000000;background-color: #000000;\"><i class=\"qode_icon_font_awesome fa fa-clock-o qode_iwt_icon_element\" style=\"color: #ffffff;\" ><\/i><\/span><\/div><div class=\"icon_text_holder\" style=\"\"><div class=\"icon_text_inner\" style=\"\"><h3 class=\"icon_title\" style=\"\">\u00d6FFNUNGSZEITEN<\/h3><p style=''><\/p><\/div><\/div><\/div>[vc_column_text]<\/p>\n<p style=\"text-align: center;\"><strong>Mo. &#8211; Fr.<br \/>\n<\/strong>07.30 &#8211; 12.00, 13.15 &#8211; 17.30Uhr<br \/>\n<strong>Sa. <\/strong>09.00 &#8211; 16.00Uhr, durchgehend<\/p>\n<p>[\/vc_column_text][vc_empty_space height=&#8220;30px&#8220;][\/vc_column][vc_column width=&#8220;1\/4&#8243;]<div class='q_icon_with_title medium circle center '><div class=\"icon_holder \" style=\"margin: 0 0 28px 0; \"><span data-icon-type=\"circle\" data-icon-hover-color=\"#ffff00\" data-icon-hover-bg-color=\"#ffffff\" class=\"qode_iwt_icon_holder fa-stack fa-3x  \" style=\"font-size: 45px;border-color: #000000;background-color: #000000;\"><i class=\"qode_icon_font_awesome fa fa-home qode_iwt_icon_element\" style=\"color: #ffffff;\" ><\/i><\/span><\/div><div class=\"icon_text_holder\" style=\"\"><div class=\"icon_text_inner\" style=\"\"><h3 class=\"icon_title\" style=\"\">BESUCHE UNS<\/h3><p style=''><\/p><\/div><\/div><\/div>[vc_column_text]<\/p>\n<p style=\"text-align: center;\">\u00a0Erlebe unsere Produkte<br \/>\nOttenbacherstrasse 25<br \/>\nCH-8909 Zwillikon\/Affoltern a.A.<\/p>\n<p>[\/vc_column_text][vc_empty_space height=&#8220;30px&#8220;][\/vc_column][vc_column width=&#8220;1\/4&#8243;]<div class='q_icon_with_title medium circle center '><div class=\"icon_holder \" style=\"margin: 0 0 28px 0; \"><span data-icon-type=\"circle\" data-icon-hover-color=\"#ffff00\" data-icon-hover-bg-color=\"#ffffff\" class=\"qode_iwt_icon_holder fa-stack fa-3x  \" style=\"font-size: 45px;border-color: #000000;background-color: #000000;\"><i class=\"qode_icon_font_awesome fa fa-phone qode_iwt_icon_element\" style=\"color: #ffffff;\" ><\/i><\/span><\/div><div class=\"icon_text_holder\" style=\"\"><div class=\"icon_text_inner\" style=\"\"><h3 class=\"icon_title\" style=\"\">RUF AN ODER SCHREIB' UNS<\/h3><p style=''><\/p><\/div><\/div><\/div>[vc_column_text]<\/p>\n<p style=\"text-align: center;\">Phone:\u00a0+41 44 701 81 81<br \/>\nEmail:\u00a0<a href=\"mailto:info@noserlight.ch.ch\">info@noserlight.ch.ch<\/a><\/p>\n<p>[\/vc_column_text][vc_empty_space height=&#8220;30px&#8220;][\/vc_column][vc_column width=&#8220;1\/4&#8243;]<div class='q_icon_with_title medium circle center '><div class=\"icon_holder \" style=\"margin: 0 0 28px 0; \"><span data-icon-type=\"circle\" data-icon-hover-color=\"#ffff00\" data-icon-hover-bg-color=\"#ffffff\" class=\"qode_iwt_icon_holder fa-stack fa-3x  \" style=\"font-size: 45px;border-color: #000000;background-color: #000000;\"><i class=\"qode_icon_font_awesome fa fa-thumbs-o-up qode_iwt_icon_element\" style=\"color: #ffffff;\" ><\/i><\/span><\/div><div class=\"icon_text_holder\" style=\"\"><div class=\"icon_text_inner\" style=\"\"><h3 class=\"icon_title\" style=\"\">FOLGE UNS<\/h3><p style=''><\/p><\/div><\/div><\/div>[vc_column_text]<\/p>\n<p style=\"text-align: center;\">Instagram: <a href=\"https:\/\/www.instagram.com\/noserlight\/\">@noserlight.ch<\/a><br \/>\n<a href=\"https:\/\/www.facebook.com\/noserlight\/\">Facebook: Bruchsch Liecht?<\/a><\/p>\n<p>[\/vc_column_text][vc_empty_space height=&#8220;30px&#8220;][\/vc_column][\/vc_row][vc_row css_animation=&#8220;&#8220; row_type=&#8220;row&#8220; use_row_as_full_screen_section=&#8220;no&#8220; type=&#8220;grid&#8220; angled_section=&#8220;no&#8220; text_align=&#8220;left&#8220; background_image_as_pattern=&#8220;without_pattern&#8220; z_index=&#8220;&#8220; padding_top=&#8220;20&#8243; padding_bottom=&#8220;20&#8243; background_color=&#8220;#ffffff&#8220;][vc_column css=&#8220;.vc_custom_1699039779113{background-position: center !important;background-repeat: no-repeat !important;background-size: contain !important;}&#8220;][vc_column_text]<\/p>\n<h2 style=\"text-align: center;\">NEWS \/ SOCIAL MEDIA<\/h2>\n<p>[\/vc_column_text][vc_empty_space height=&#8220;20px&#8220;][vc_separator type=&#8220;small&#8220; position=&#8220;center&#8220; down=&#8220;38&#8243; up=&#8220;7&#8243;][vc_column_text css=&#8220;.vc_custom_1699045234277{background-position: center !important;background-repeat: no-repeat !important;background-size: contain !important;}&#8220;]        <div\n            class=\"spotlight-instagram-feed\"\n            data-feed-var=\"cd839c3e\"\n            data-analytics=\"1\"\n            data-instance=\"17747\"\n        >\n        <\/div>\n        <input type=\"hidden\" id=\"sli__f__cd839c3e\" data-json='{&quot;useCase&quot;:&quot;accounts&quot;,&quot;template&quot;:&quot;gallery&quot;,&quot;layout&quot;:&quot;grid&quot;,&quot;numColumns&quot;:{&quot;desktop&quot;:3,&quot;tablet&quot;:3,&quot;phone&quot;:3},&quot;highlightFreq&quot;:{&quot;desktop&quot;:7},&quot;sliderNumScrollPosts&quot;:{&quot;desktop&quot;:1},&quot;sliderInfinite&quot;:true,&quot;sliderLoop&quot;:false,&quot;sliderArrowPos&quot;:{&quot;desktop&quot;:&quot;inside&quot;},&quot;sliderArrowSize&quot;:{&quot;desktop&quot;:20},&quot;sliderArrowColor&quot;:{&quot;r&quot;:255,&quot;b&quot;:255,&quot;g&quot;:255,&quot;a&quot;:1},&quot;sliderArrowBgColor&quot;:{&quot;r&quot;:0,&quot;b&quot;:0,&quot;g&quot;:0,&quot;a&quot;:0.8000000000000000444089209850062616169452667236328125},&quot;sliderAutoScroll&quot;:false,&quot;sliderAutoInterval&quot;:3,&quot;postOrder&quot;:&quot;date_desc&quot;,&quot;numPosts&quot;:{&quot;desktop&quot;:6,&quot;tablet&quot;:9,&quot;phone&quot;:9},&quot;linkBehavior&quot;:{&quot;desktop&quot;:&quot;new_tab&quot;},&quot;feedWidth&quot;:{&quot;desktop&quot;:0},&quot;feedHeight&quot;:{&quot;desktop&quot;:&quot;&quot;},&quot;feedPadding&quot;:{&quot;desktop&quot;:0,&quot;tablet&quot;:0,&quot;phone&quot;:0},&quot;imgPadding&quot;:{&quot;desktop&quot;:7,&quot;tablet&quot;:7,&quot;phone&quot;:6},&quot;ratio&quot;:&quot;classic&quot;,&quot;textSize&quot;:{&quot;desktop&quot;:&quot;&quot;,&quot;tablet&quot;:&quot;&quot;,&quot;phone&quot;:&quot;&quot;},&quot;bgColor&quot;:{&quot;r&quot;:255,&quot;g&quot;:255,&quot;b&quot;:255,&quot;a&quot;:0},&quot;hoverInfo&quot;:[&quot;likes_comments&quot;,&quot;insta_link&quot;],&quot;textColorHover&quot;:{&quot;r&quot;:255,&quot;g&quot;:255,&quot;b&quot;:255,&quot;a&quot;:1},&quot;bgColorHover&quot;:{&quot;r&quot;:0,&quot;g&quot;:0,&quot;b&quot;:0,&quot;a&quot;:0.5},&quot;showHeader&quot;:{&quot;desktop&quot;:false},&quot;headerInfo&quot;:{&quot;desktop&quot;:[&quot;profile_pic&quot;,&quot;bio&quot;],&quot;phone&quot;:[&quot;profile_pic&quot;,&quot;bio&quot;]},&quot;headerAccount&quot;:5,&quot;headerStyle&quot;:{&quot;desktop&quot;:&quot;normal&quot;,&quot;phone&quot;:&quot;centered&quot;},&quot;headerTextSize&quot;:{&quot;desktop&quot;:&quot;&quot;},&quot;headerPhotoSize&quot;:{&quot;desktop&quot;:50},&quot;headerTextColor&quot;:{&quot;r&quot;:0,&quot;g&quot;:0,&quot;b&quot;:0,&quot;a&quot;:1},&quot;headerBgColor&quot;:{&quot;r&quot;:255,&quot;g&quot;:255,&quot;b&quot;:255,&quot;a&quot;:1},&quot;headerPadding&quot;:{&quot;desktop&quot;:2},&quot;customProfilePic&quot;:0,&quot;customBioText&quot;:&quot;&quot;,&quot;includeStories&quot;:false,&quot;storiesInterval&quot;:5,&quot;showCaptions&quot;:{&quot;desktop&quot;:false,&quot;tablet&quot;:false,&quot;phone&quot;:false},&quot;captionMaxLength&quot;:{&quot;desktop&quot;:0},&quot;captionRemoveDots&quot;:false,&quot;captionSize&quot;:{&quot;desktop&quot;:0},&quot;captionColor&quot;:{&quot;r&quot;:0,&quot;g&quot;:0,&quot;b&quot;:0,&quot;a&quot;:1},&quot;showLikes&quot;:{&quot;desktop&quot;:false},&quot;showComments&quot;:{&quot;desktop&quot;:false},&quot;lcIconSize&quot;:{&quot;desktop&quot;:14},&quot;likesIconColor&quot;:{&quot;r&quot;:0,&quot;g&quot;:0,&quot;b&quot;:0,&quot;a&quot;:1},&quot;commentsIconColor&quot;:{&quot;r&quot;:0,&quot;g&quot;:0,&quot;b&quot;:0,&quot;a&quot;:1},&quot;lightboxShowSidebar&quot;:false,&quot;lightboxCtaStyle&quot;:&quot;link&quot;,&quot;lightboxCtaDesign&quot;:{&quot;text&quot;:{&quot;color&quot;:{&quot;r&quot;:0,&quot;g&quot;:0,&quot;b&quot;:0,&quot;a&quot;:1},&quot;align&quot;:&quot;center&quot;},&quot;bgColor&quot;:{&quot;r&quot;:230,&quot;g&quot;:230,&quot;b&quot;:230,&quot;a&quot;:1},&quot;border&quot;:{&quot;radius&quot;:3}},&quot;numLightboxComments&quot;:50,&quot;showLoadMoreBtn&quot;:{&quot;desktop&quot;:true},&quot;loadMoreBtnDesign&quot;:{&quot;text&quot;:{&quot;color&quot;:{&quot;r&quot;:255,&quot;g&quot;:255,&quot;b&quot;:0,&quot;a&quot;:1},&quot;align&quot;:&quot;center&quot;},&quot;border&quot;:{&quot;radius&quot;:10},&quot;bgColor&quot;:{&quot;r&quot;:0,&quot;g&quot;:0,&quot;b&quot;:0,&quot;a&quot;:1},&quot;margin&quot;:{&quot;top&quot;:0,&quot;bottom&quot;:0,&quot;left&quot;:0,&quot;right&quot;:0}},&quot;loadMoreBtnText&quot;:&quot;Load more&quot;,&quot;loadMoreBtnScroll&quot;:true,&quot;autoload&quot;:false,&quot;showFollowBtn&quot;:{&quot;desktop&quot;:true,&quot;phone&quot;:false,&quot;tablet&quot;:false},&quot;followBtnText&quot;:&quot;Follow us&quot;,&quot;followBtnDesign&quot;:{&quot;text&quot;:{&quot;color&quot;:{&quot;r&quot;:0,&quot;g&quot;:0,&quot;b&quot;:0,&quot;a&quot;:1},&quot;align&quot;:&quot;center&quot;},&quot;border&quot;:{&quot;radius&quot;:1},&quot;bgColor&quot;:{&quot;r&quot;:255,&quot;g&quot;:255,&quot;b&quot;:0,&quot;a&quot;:1},&quot;margin&quot;:{&quot;top&quot;:0,&quot;bottom&quot;:0,&quot;left&quot;:0,&quot;right&quot;:0}},&quot;followBtnLocation&quot;:{&quot;desktop&quot;:&quot;header&quot;,&quot;phone&quot;:&quot;bottom&quot;},&quot;alignFooterButtons&quot;:{&quot;desktop&quot;:true},&quot;customCss&quot;:&quot;\\\/* Enter your custom CSS below *\\\/\\n\\n&quot;,&quot;accounts&quot;:[28981],&quot;tagged&quot;:[],&quot;hashtags&quot;:[],&quot;mediaType&quot;:&quot;all&quot;,&quot;hashtagWhitelist&quot;:[],&quot;hashtagBlacklist&quot;:[],&quot;captionWhitelist&quot;:[],&quot;captionBlacklist&quot;:[],&quot;hashtagWhitelistSettings&quot;:true,&quot;hashtagBlacklistSettings&quot;:true,&quot;captionWhitelistSettings&quot;:true,&quot;captionBlacklistSettings&quot;:true,&quot;moderation&quot;:[],&quot;moderationMode&quot;:&quot;blacklist&quot;,&quot;promosVersion&quot;:2,&quot;promosEnabled&quot;:true,&quot;globalPromosEnabled&quot;:true,&quot;autoPromosEnabled&quot;:true,&quot;promoOverrides&quot;:[],&quot;feedPromo&quot;:{&quot;linkSource&quot;:{&quot;type&quot;:null},&quot;linkBehavior&quot;:{&quot;openNewTab&quot;:false,&quot;showPopupBox&quot;:false},&quot;linkText&quot;:&quot;&quot;},&quot;gaCampaignSource&quot;:&quot;&quot;,&quot;gaCampaignMedium&quot;:&quot;&quot;,&quot;gaCampaignName&quot;:&quot;&quot;}' \/>\n        <input type=\"hidden\" id=\"sli__a__cd839c3e\" data-json='[{&quot;id&quot;:28981,&quot;type&quot;:&quot;PERSONAL&quot;,&quot;userId&quot;:&quot;9015409761892929&quot;,&quot;username&quot;:&quot;noserlight&quot;,&quot;bio&quot;:&quot;&quot;,&quot;customBio&quot;:&quot;\\&quot;Bruchsch Liecht?\\&quot;\\ud83d\\udca1\\n\\nLightstyle. Sustainability. Knowhow.\\n\\&quot;D\\u00e4 Nosi h\\u00e4t&#039;s!\\&quot;\\n\\n\\ud83c\\udf0d Online\\n\\ud83d\\udc41 &gt;300m2 Walk-in Ausstellung &amp; Store \\ud83d\\udecd\\n.\\n\\ud83d\\udc47\\ud83d\\udc47\\ud83d\\udc47\\ud83d\\udc47\\ud83d\\udc47\\nOttenbacherstr. 25, Affoltern am Albis, Switzerland 8909&quot;,&quot;profilePicUrl&quot;:&quot;&quot;,&quot;customProfilePicUrl&quot;:&quot;https:\\\/\\\/www.noserlight.ch\\\/home\\\/wp-content\\\/uploads\\\/2025\\\/05\\\/NoserlightIGLogo.jpg&quot;,&quot;mediaCount&quot;:&quot;231&quot;,&quot;followersCount&quot;:&quot;0&quot;,&quot;usages&quot;:[],&quot;creationDate&quot;:&quot;2025-08-11 09:04:49&quot;}]' \/>\n        <input type=\"hidden\" id=\"sli__m__cd839c3e\" data-json='[]' \/>\n        [\/vc_column_text][\/vc_column][\/vc_row][vc_row css_animation=&#8220;&#8220; row_type=&#8220;row&#8220; use_row_as_full_screen_section=&#8220;no&#8220; type=&#8220;full_width&#8220; angled_section=&#8220;no&#8220; text_align=&#8220;left&#8220; background_image_as_pattern=&#8220;without_pattern&#8220; z_index=&#8220;&#8220; padding_top=&#8220;37&#8243; padding_bottom=&#8220;37&#8243;][vc_column][\/vc_column][\/vc_row][vc_row css_animation=&#8220;&#8220; row_type=&#8220;row&#8220; use_row_as_full_screen_section=&#8220;no&#8220; type=&#8220;grid&#8220; angled_section=&#8220;no&#8220; text_align=&#8220;left&#8220; background_image_as_pattern=&#8220;without_pattern&#8220; padding_top=&#8220;57&#8243; padding_bottom=&#8220;57&#8243; z_index=&#8220;&#8220; background_color=&#8220;#ffffff&#8220;][vc_column][vc_column_text]<\/p>\n<h2 style=\"text-align: center;\">SLOW SOCIAL<\/h2>\n<h3 style=\"text-align: center;\">\u00a0PERS\u00d6NLICHER SERVICE GIBTS<br \/>\nIN UNSERER GROSSEN LED &#8211; AUSSTELLUNG<\/h3>\n<p>[\/vc_column_text][vc_empty_space height=&#8220;20px&#8220;][vc_separator type=&#8220;small&#8220; position=&#8220;center&#8220; down=&#8220;38&#8243; up=&#8220;7&#8243;][vc_gmaps link=&#8220;#E-8_JTNDaWZyYW1lJTIwc3JjJTNEJTIyaHR0cHMlM0ElMkYlMkZ3d3cuZ29vZ2xlLmNvbSUyRm1hcHMlMkZlbWJlZCUzRnBiJTNEJTIxMW0xOCUyMTFtMTIlMjExbTMlMjExZDI3MDYuMzIwNzA5NTcxMTA4NiUyMTJkOC40MzkxODIzMTU4NTE0MjclMjEzZDQ3LjI4ODUzMTk3OTE2NDk0JTIxMm0zJTIxMWYwJTIxMmYwJTIxM2YwJTIxM20yJTIxMWkxMDI0JTIxMmk3NjglMjE0ZjEzLjElMjEzbTMlMjExbTIlMjExczB4NDc5MDA2MThlMzI1OTZiNSUyNTNBMHgyN2JmNmNkMmI5MjdkMWUlMjEyc05vc2VyJTI1MjBMaWdodCUyNTIwQUclMjE1ZTAlMjEzbTIlMjExc2RlJTIxMnNjaCUyMTR2MTY3Mzc4OTQwMzg0MCUyMTVtMiUyMTFzZGUlMjEyc2NoJTIyJTIwd2lkdGglM0QlMjI2MDAlMjIlMjBoZWlnaHQlM0QlMjI0NTAlMjIlMjBzdHlsZSUzRCUyMmJvcmRlciUzQTAlM0IlMjIlMjBhbGxvd2Z1bGxzY3JlZW4lM0QlMjIlMjIlMjBsb2FkaW5nJTNEJTIybGF6eSUyMiUyMHJlZmVycmVycG9saWN5JTNEJTIybm8tcmVmZXJyZXItd2hlbi1kb3duZ3JhZGUlMjIlM0UlM0MlMkZpZnJhbWUlM0U=&#8220;][\/vc_column][\/vc_row]<\/p>\n<\/div>","protected":false},"excerpt":{"rendered":"<p>Jetzt wird aufgetischt! Kaum ein M\u00f6belst\u00fcck wird mit soviel Liebe dekoriert wie der Esstisch. Da darf eine ansprechende und wohl durchdachte Beleuchtung nicht fehlen. Favoriten sind oft Pendelleuchten: in gro\u00df, klein, oval, eckig, im Landhaus-Look oder Retro-Style. Auch Kristall-L\u00fcster bringen Glamour ins Esszimmer und verwandeln den geselligen Platz in eine zauberhafte Tafel.<\/p>\n","protected":false},"author":2,"featured_media":26471,"comment_status":"closed","ping_status":"open","sticky":false,"template":"","format":"standard","meta":{"footnotes":""},"categories":[74,73,906,867,948],"tags":[796,1873,871,1870,1869,927,1871],"class_list":["post-26433","post","type-post","status-publish","format-standard","has-post-thumbnail","hentry","category-architectural-lighting-licht-fuer-architektur","category-home-lighting-licht-fuer-zuhause","category-led-know-how-de","category-professionelle-led-beleuchtung","category-tipps-und-tricks","tag-energieeffiziente-led-2","tag-gestensteuerung","tag-kendo-en","tag-led-esszimmerlampe","tag-led-interiordesign","tag-led-pendelleuchten","tag-tunable-white"],"yoast_head":"<!-- This site is optimized with the Yoast SEO plugin v27.0 - https:\/\/yoast.com\/product\/yoast-seo-wordpress\/ -->\r\n<title>TISCHLEIN DECK DICH - LICHT AM ESSTISCH - Noserlight AG, LED Leuchten und LED Lampen, LED, Licht, Lichtplanung<\/title>\r\n<meta name=\"robots\" content=\"index, follow, max-snippet:-1, max-image-preview:large, max-video-preview:-1\" \/>\r\n<link rel=\"canonical\" href=\"https:\/\/www.noserlight.ch\/home\/tischlein-deck-dich-licht-am-esstisch\/\" \/>\r\n<meta property=\"og:locale\" content=\"de_DE\" \/>\r\n<meta property=\"og:type\" content=\"article\" \/>\r\n<meta property=\"og:title\" content=\"TISCHLEIN DECK DICH - LICHT AM ESSTISCH - Noserlight AG, LED Leuchten und LED Lampen, LED, Licht, Lichtplanung\" \/>\r\n<meta property=\"og:description\" content=\"Jetzt wird aufgetischt! Kaum ein M\u00f6belst\u00fcck wird mit soviel Liebe dekoriert wie der Esstisch. Da darf eine ansprechende und wohl durchdachte Beleuchtung nicht fehlen. Favoriten sind oft Pendelleuchten: in gro\u00df, klein, oval, eckig, im Landhaus-Look oder Retro-Style. Auch Kristall-L\u00fcster bringen Glamour ins Esszimmer und verwandeln den geselligen Platz in eine zauberhafte Tafel.\" \/>\r\n<meta property=\"og:url\" content=\"https:\/\/www.noserlight.ch\/home\/tischlein-deck-dich-licht-am-esstisch\/\" \/>\r\n<meta property=\"og:site_name\" content=\"Noserlight AG, LED Leuchten und LED Lampen, LED, Licht, Lichtplanung\" \/>\r\n<meta property=\"article:publisher\" content=\"https:\/\/www.facebook.com\/noserlight\/\" \/>\r\n<meta property=\"article:published_time\" content=\"2025-01-12T20:03:32+00:00\" \/>\r\n<meta property=\"article:modified_time\" content=\"2025-07-17T23:10:15+00:00\" \/>\r\n<meta property=\"og:image\" content=\"https:\/\/www.noserlight.ch\/home\/wp-content\/uploads\/2024\/01\/NOSERLIGHT_LEDEsstisch.jpg\" \/>\r\n\t<meta property=\"og:image:width\" content=\"1920\" \/>\r\n\t<meta property=\"og:image:height\" content=\"1080\" \/>\r\n\t<meta property=\"og:image:type\" content=\"image\/jpeg\" \/>\r\n<meta name=\"author\" content=\"Nosi\" \/>\r\n<meta name=\"twitter:card\" content=\"summary_large_image\" \/>\r\n<meta name=\"twitter:label1\" content=\"Verfasst von\" \/>\n\t<meta name=\"twitter:data1\" content=\"Nosi\" \/>\n\t<meta name=\"twitter:label2\" content=\"Gesch\u00e4tzte Lesezeit\" \/>\n\t<meta name=\"twitter:data2\" content=\"10\u00a0Minuten\" \/>\r\n<script type=\"application\/ld+json\" class=\"yoast-schema-graph\">{\"@context\":\"https:\/\/schema.org\",\"@graph\":[{\"@type\":\"Article\",\"@id\":\"https:\/\/www.noserlight.ch\/home\/tischlein-deck-dich-licht-am-esstisch\/#article\",\"isPartOf\":{\"@id\":\"https:\/\/www.noserlight.ch\/home\/tischlein-deck-dich-licht-am-esstisch\/\"},\"author\":{\"name\":\"Nosi\",\"@id\":\"https:\/\/www.noserlight.ch\/home\/#\/schema\/person\/cd72adab091f0db04aef8e43d9b74611\"},\"headline\":\"TISCHLEIN DECK DICH &#8211; LICHT AM ESSTISCH\",\"datePublished\":\"2025-01-12T20:03:32+00:00\",\"dateModified\":\"2025-07-17T23:10:15+00:00\",\"mainEntityOfPage\":{\"@id\":\"https:\/\/www.noserlight.ch\/home\/tischlein-deck-dich-licht-am-esstisch\/\"},\"wordCount\":1954,\"publisher\":{\"@id\":\"https:\/\/www.noserlight.ch\/home\/#organization\"},\"image\":{\"@id\":\"https:\/\/www.noserlight.ch\/home\/tischlein-deck-dich-licht-am-esstisch\/#primaryimage\"},\"thumbnailUrl\":\"https:\/\/www.noserlight.ch\/home\/wp-content\/uploads\/2024\/01\/NOSERLIGHT_LEDEsstisch.jpg\",\"keywords\":[\"Energieeffiziente LED\",\"Gestensteuerung\",\"KENDO\",\"LED Esszimmerlampe\",\"LED Interiordesign\",\"led pendelleuchten\",\"Tunable White\"],\"articleSection\":[\"Architectural Lighting\",\"Home Lighting - Licht f\u00fcr Zuhause\",\"LED Know-How\",\"Professionelle LED Beleuchtung\",\"Tipps und Tricks\"],\"inLanguage\":\"de\"},{\"@type\":\"WebPage\",\"@id\":\"https:\/\/www.noserlight.ch\/home\/tischlein-deck-dich-licht-am-esstisch\/\",\"url\":\"https:\/\/www.noserlight.ch\/home\/tischlein-deck-dich-licht-am-esstisch\/\",\"name\":\"TISCHLEIN DECK DICH - LICHT AM ESSTISCH - Noserlight AG, LED Leuchten und LED Lampen, LED, Licht, Lichtplanung\",\"isPartOf\":{\"@id\":\"https:\/\/www.noserlight.ch\/home\/#website\"},\"primaryImageOfPage\":{\"@id\":\"https:\/\/www.noserlight.ch\/home\/tischlein-deck-dich-licht-am-esstisch\/#primaryimage\"},\"image\":{\"@id\":\"https:\/\/www.noserlight.ch\/home\/tischlein-deck-dich-licht-am-esstisch\/#primaryimage\"},\"thumbnailUrl\":\"https:\/\/www.noserlight.ch\/home\/wp-content\/uploads\/2024\/01\/NOSERLIGHT_LEDEsstisch.jpg\",\"datePublished\":\"2025-01-12T20:03:32+00:00\",\"dateModified\":\"2025-07-17T23:10:15+00:00\",\"breadcrumb\":{\"@id\":\"https:\/\/www.noserlight.ch\/home\/tischlein-deck-dich-licht-am-esstisch\/#breadcrumb\"},\"inLanguage\":\"de\",\"potentialAction\":[{\"@type\":\"ReadAction\",\"target\":[\"https:\/\/www.noserlight.ch\/home\/tischlein-deck-dich-licht-am-esstisch\/\"]}]},{\"@type\":\"ImageObject\",\"inLanguage\":\"de\",\"@id\":\"https:\/\/www.noserlight.ch\/home\/tischlein-deck-dich-licht-am-esstisch\/#primaryimage\",\"url\":\"https:\/\/www.noserlight.ch\/home\/wp-content\/uploads\/2024\/01\/NOSERLIGHT_LEDEsstisch.jpg\",\"contentUrl\":\"https:\/\/www.noserlight.ch\/home\/wp-content\/uploads\/2024\/01\/NOSERLIGHT_LEDEsstisch.jpg\",\"width\":1920,\"height\":1080},{\"@type\":\"BreadcrumbList\",\"@id\":\"https:\/\/www.noserlight.ch\/home\/tischlein-deck-dich-licht-am-esstisch\/#breadcrumb\",\"itemListElement\":[{\"@type\":\"ListItem\",\"position\":1,\"name\":\"Startseite\",\"item\":\"https:\/\/www.noserlight.ch\/home\/\"},{\"@type\":\"ListItem\",\"position\":2,\"name\":\"TISCHLEIN DECK DICH &#8211; LICHT AM ESSTISCH\"}]},{\"@type\":\"WebSite\",\"@id\":\"https:\/\/www.noserlight.ch\/home\/#website\",\"url\":\"https:\/\/www.noserlight.ch\/home\/\",\"name\":\"Noserlight AG, LED Leuchten und LED Lampen, LED, Licht, Lichtplanung\",\"description\":\"Bruchsch Liecht? D\u00e4 Nosi h\u00e4t&#039;s!\",\"publisher\":{\"@id\":\"https:\/\/www.noserlight.ch\/home\/#organization\"},\"potentialAction\":[{\"@type\":\"SearchAction\",\"target\":{\"@type\":\"EntryPoint\",\"urlTemplate\":\"https:\/\/www.noserlight.ch\/home\/?s={search_term_string}\"},\"query-input\":{\"@type\":\"PropertyValueSpecification\",\"valueRequired\":true,\"valueName\":\"search_term_string\"}}],\"inLanguage\":\"de\"},{\"@type\":\"Organization\",\"@id\":\"https:\/\/www.noserlight.ch\/home\/#organization\",\"name\":\"Noserlight AG, LED Leuchten und LED Lampen, LED, Licht, Lichtplanung\",\"url\":\"https:\/\/www.noserlight.ch\/home\/\",\"logo\":{\"@type\":\"ImageObject\",\"inLanguage\":\"de\",\"@id\":\"https:\/\/www.noserlight.ch\/home\/#\/schema\/logo\/image\/\",\"url\":\"https:\/\/www.noserlight.ch\/home\/wp-content\/uploads\/2022\/12\/NoserlightAG_Logo_mit_Schlirgg_NEU_1-1.png\",\"contentUrl\":\"https:\/\/www.noserlight.ch\/home\/wp-content\/uploads\/2022\/12\/NoserlightAG_Logo_mit_Schlirgg_NEU_1-1.png\",\"width\":482,\"height\":121,\"caption\":\"Noserlight AG, LED Leuchten und LED Lampen, LED, Licht, Lichtplanung\"},\"image\":{\"@id\":\"https:\/\/www.noserlight.ch\/home\/#\/schema\/logo\/image\/\"},\"sameAs\":[\"https:\/\/www.facebook.com\/noserlight\/\",\"https:\/\/www.instagram.com\/noserlight\/\"]},{\"@type\":\"Person\",\"@id\":\"https:\/\/www.noserlight.ch\/home\/#\/schema\/person\/cd72adab091f0db04aef8e43d9b74611\",\"name\":\"Nosi\",\"image\":{\"@type\":\"ImageObject\",\"inLanguage\":\"de\",\"@id\":\"https:\/\/www.noserlight.ch\/home\/#\/schema\/person\/image\/\",\"url\":\"https:\/\/secure.gravatar.com\/avatar\/b18cc96158a2073e0df080a95bd309c904e62cb170d71914b5ddd7d9292afb82?s=96&d=mm&r=g\",\"contentUrl\":\"https:\/\/secure.gravatar.com\/avatar\/b18cc96158a2073e0df080a95bd309c904e62cb170d71914b5ddd7d9292afb82?s=96&d=mm&r=g\",\"caption\":\"Nosi\"},\"url\":\"https:\/\/www.noserlight.ch\/home\/author\/nosi\/\"}]}<\/script>\r\n<!-- \/ Yoast SEO plugin. -->","yoast_head_json":{"title":"TISCHLEIN DECK DICH - LICHT AM ESSTISCH - Noserlight AG, LED Leuchten und LED Lampen, LED, Licht, Lichtplanung","robots":{"index":"index","follow":"follow","max-snippet":"max-snippet:-1","max-image-preview":"max-image-preview:large","max-video-preview":"max-video-preview:-1"},"canonical":"https:\/\/www.noserlight.ch\/home\/tischlein-deck-dich-licht-am-esstisch\/","og_locale":"de_DE","og_type":"article","og_title":"TISCHLEIN DECK DICH - LICHT AM ESSTISCH - Noserlight AG, LED Leuchten und LED Lampen, LED, Licht, Lichtplanung","og_description":"Jetzt wird aufgetischt! Kaum ein M\u00f6belst\u00fcck wird mit soviel Liebe dekoriert wie der Esstisch. Da darf eine ansprechende und wohl durchdachte Beleuchtung nicht fehlen. Favoriten sind oft Pendelleuchten: in gro\u00df, klein, oval, eckig, im Landhaus-Look oder Retro-Style. Auch Kristall-L\u00fcster bringen Glamour ins Esszimmer und verwandeln den geselligen Platz in eine zauberhafte Tafel.","og_url":"https:\/\/www.noserlight.ch\/home\/tischlein-deck-dich-licht-am-esstisch\/","og_site_name":"Noserlight AG, LED Leuchten und LED Lampen, LED, Licht, Lichtplanung","article_publisher":"https:\/\/www.facebook.com\/noserlight\/","article_published_time":"2025-01-12T20:03:32+00:00","article_modified_time":"2025-07-17T23:10:15+00:00","og_image":[{"width":1920,"height":1080,"url":"https:\/\/www.noserlight.ch\/home\/wp-content\/uploads\/2024\/01\/NOSERLIGHT_LEDEsstisch.jpg","type":"image\/jpeg"}],"author":"Nosi","twitter_card":"summary_large_image","twitter_misc":{"Verfasst von":"Nosi","Gesch\u00e4tzte Lesezeit":"10\u00a0Minuten"},"schema":{"@context":"https:\/\/schema.org","@graph":[{"@type":"Article","@id":"https:\/\/www.noserlight.ch\/home\/tischlein-deck-dich-licht-am-esstisch\/#article","isPartOf":{"@id":"https:\/\/www.noserlight.ch\/home\/tischlein-deck-dich-licht-am-esstisch\/"},"author":{"name":"Nosi","@id":"https:\/\/www.noserlight.ch\/home\/#\/schema\/person\/cd72adab091f0db04aef8e43d9b74611"},"headline":"TISCHLEIN DECK DICH &#8211; LICHT AM ESSTISCH","datePublished":"2025-01-12T20:03:32+00:00","dateModified":"2025-07-17T23:10:15+00:00","mainEntityOfPage":{"@id":"https:\/\/www.noserlight.ch\/home\/tischlein-deck-dich-licht-am-esstisch\/"},"wordCount":1954,"publisher":{"@id":"https:\/\/www.noserlight.ch\/home\/#organization"},"image":{"@id":"https:\/\/www.noserlight.ch\/home\/tischlein-deck-dich-licht-am-esstisch\/#primaryimage"},"thumbnailUrl":"https:\/\/www.noserlight.ch\/home\/wp-content\/uploads\/2024\/01\/NOSERLIGHT_LEDEsstisch.jpg","keywords":["Energieeffiziente LED","Gestensteuerung","KENDO","LED Esszimmerlampe","LED Interiordesign","led pendelleuchten","Tunable White"],"articleSection":["Architectural Lighting","Home Lighting - Licht f\u00fcr Zuhause","LED Know-How","Professionelle LED Beleuchtung","Tipps und Tricks"],"inLanguage":"de"},{"@type":"WebPage","@id":"https:\/\/www.noserlight.ch\/home\/tischlein-deck-dich-licht-am-esstisch\/","url":"https:\/\/www.noserlight.ch\/home\/tischlein-deck-dich-licht-am-esstisch\/","name":"TISCHLEIN DECK DICH - LICHT AM ESSTISCH - Noserlight AG, LED Leuchten und LED Lampen, LED, Licht, Lichtplanung","isPartOf":{"@id":"https:\/\/www.noserlight.ch\/home\/#website"},"primaryImageOfPage":{"@id":"https:\/\/www.noserlight.ch\/home\/tischlein-deck-dich-licht-am-esstisch\/#primaryimage"},"image":{"@id":"https:\/\/www.noserlight.ch\/home\/tischlein-deck-dich-licht-am-esstisch\/#primaryimage"},"thumbnailUrl":"https:\/\/www.noserlight.ch\/home\/wp-content\/uploads\/2024\/01\/NOSERLIGHT_LEDEsstisch.jpg","datePublished":"2025-01-12T20:03:32+00:00","dateModified":"2025-07-17T23:10:15+00:00","breadcrumb":{"@id":"https:\/\/www.noserlight.ch\/home\/tischlein-deck-dich-licht-am-esstisch\/#breadcrumb"},"inLanguage":"de","potentialAction":[{"@type":"ReadAction","target":["https:\/\/www.noserlight.ch\/home\/tischlein-deck-dich-licht-am-esstisch\/"]}]},{"@type":"ImageObject","inLanguage":"de","@id":"https:\/\/www.noserlight.ch\/home\/tischlein-deck-dich-licht-am-esstisch\/#primaryimage","url":"https:\/\/www.noserlight.ch\/home\/wp-content\/uploads\/2024\/01\/NOSERLIGHT_LEDEsstisch.jpg","contentUrl":"https:\/\/www.noserlight.ch\/home\/wp-content\/uploads\/2024\/01\/NOSERLIGHT_LEDEsstisch.jpg","width":1920,"height":1080},{"@type":"BreadcrumbList","@id":"https:\/\/www.noserlight.ch\/home\/tischlein-deck-dich-licht-am-esstisch\/#breadcrumb","itemListElement":[{"@type":"ListItem","position":1,"name":"Startseite","item":"https:\/\/www.noserlight.ch\/home\/"},{"@type":"ListItem","position":2,"name":"TISCHLEIN DECK DICH &#8211; LICHT AM ESSTISCH"}]},{"@type":"WebSite","@id":"https:\/\/www.noserlight.ch\/home\/#website","url":"https:\/\/www.noserlight.ch\/home\/","name":"Noserlight AG, LED Leuchten und LED Lampen, LED, Licht, Lichtplanung","description":"Bruchsch Liecht? D\u00e4 Nosi h\u00e4t&#039;s!","publisher":{"@id":"https:\/\/www.noserlight.ch\/home\/#organization"},"potentialAction":[{"@type":"SearchAction","target":{"@type":"EntryPoint","urlTemplate":"https:\/\/www.noserlight.ch\/home\/?s={search_term_string}"},"query-input":{"@type":"PropertyValueSpecification","valueRequired":true,"valueName":"search_term_string"}}],"inLanguage":"de"},{"@type":"Organization","@id":"https:\/\/www.noserlight.ch\/home\/#organization","name":"Noserlight AG, LED Leuchten und LED Lampen, LED, Licht, Lichtplanung","url":"https:\/\/www.noserlight.ch\/home\/","logo":{"@type":"ImageObject","inLanguage":"de","@id":"https:\/\/www.noserlight.ch\/home\/#\/schema\/logo\/image\/","url":"https:\/\/www.noserlight.ch\/home\/wp-content\/uploads\/2022\/12\/NoserlightAG_Logo_mit_Schlirgg_NEU_1-1.png","contentUrl":"https:\/\/www.noserlight.ch\/home\/wp-content\/uploads\/2022\/12\/NoserlightAG_Logo_mit_Schlirgg_NEU_1-1.png","width":482,"height":121,"caption":"Noserlight AG, LED Leuchten und LED Lampen, LED, Licht, Lichtplanung"},"image":{"@id":"https:\/\/www.noserlight.ch\/home\/#\/schema\/logo\/image\/"},"sameAs":["https:\/\/www.facebook.com\/noserlight\/","https:\/\/www.instagram.com\/noserlight\/"]},{"@type":"Person","@id":"https:\/\/www.noserlight.ch\/home\/#\/schema\/person\/cd72adab091f0db04aef8e43d9b74611","name":"Nosi","image":{"@type":"ImageObject","inLanguage":"de","@id":"https:\/\/www.noserlight.ch\/home\/#\/schema\/person\/image\/","url":"https:\/\/secure.gravatar.com\/avatar\/b18cc96158a2073e0df080a95bd309c904e62cb170d71914b5ddd7d9292afb82?s=96&d=mm&r=g","contentUrl":"https:\/\/secure.gravatar.com\/avatar\/b18cc96158a2073e0df080a95bd309c904e62cb170d71914b5ddd7d9292afb82?s=96&d=mm&r=g","caption":"Nosi"},"url":"https:\/\/www.noserlight.ch\/home\/author\/nosi\/"}]}},"_links":{"self":[{"href":"https:\/\/www.noserlight.ch\/home\/wp-json\/wp\/v2\/posts\/26433","targetHints":{"allow":["GET"]}}],"collection":[{"href":"https:\/\/www.noserlight.ch\/home\/wp-json\/wp\/v2\/posts"}],"about":[{"href":"https:\/\/www.noserlight.ch\/home\/wp-json\/wp\/v2\/types\/post"}],"author":[{"embeddable":true,"href":"https:\/\/www.noserlight.ch\/home\/wp-json\/wp\/v2\/users\/2"}],"replies":[{"embeddable":true,"href":"https:\/\/www.noserlight.ch\/home\/wp-json\/wp\/v2\/comments?post=26433"}],"version-history":[{"count":0,"href":"https:\/\/www.noserlight.ch\/home\/wp-json\/wp\/v2\/posts\/26433\/revisions"}],"wp:featuredmedia":[{"embeddable":true,"href":"https:\/\/www.noserlight.ch\/home\/wp-json\/wp\/v2\/media\/26471"}],"wp:attachment":[{"href":"https:\/\/www.noserlight.ch\/home\/wp-json\/wp\/v2\/media?parent=26433"}],"wp:term":[{"taxonomy":"category","embeddable":true,"href":"https:\/\/www.noserlight.ch\/home\/wp-json\/wp\/v2\/categories?post=26433"},{"taxonomy":"post_tag","embeddable":true,"href":"https:\/\/www.noserlight.ch\/home\/wp-json\/wp\/v2\/tags?post=26433"}],"curies":[{"name":"wp","href":"https:\/\/api.w.org\/{rel}","templated":true}]}}