{"id":17849,"date":"2025-06-11T23:36:09","date_gmt":"2025-06-11T21:36:09","guid":{"rendered":"https:\/\/www.noserlight.ch\/home\/?p=17849"},"modified":"2025-07-18T00:52:27","modified_gmt":"2025-07-17T22:52:27","slug":"das-smarte-lichtfenster","status":"publish","type":"post","link":"https:\/\/www.noserlight.ch\/home\/das-smarte-lichtfenster\/","title":{"rendered":"Das smarte Lichtfenster"},"content":{"rendered":"\n<p>Die Beleuchtung mit Led Panel sind mittlerweile in aller Munde. Unser Standard Led Panel verf\u00fcgen \u00fcber Tunable White Funktion, sind dimm- und programmierbar. In der 3.0 Version sogar via Smartphone. Damit also ein optimaler und kosteneffizienter Ersatz f\u00fcr herk\u00f6mmliche Rasterleuchten (CFL \/ FL) in Shops, B\u00fcros und Shared Spaces. Warum unsere LED Panel? Wie mit so Vielem ist auch Led Panel nicht gleich Led Panel. Es gibt wesentliche Unterschiede in der Verarbeitung, den verwendeten Materialien vom verwendeten und wie verbauten Led Chip bis zum verwendeten Kunststoff f\u00fcr die Led Panel Abdeckung.<\/p>\n\n\n\n<div style=\"height:20px\" aria-hidden=\"true\" class=\"wp-block-spacer\"><\/div>\n\n\n\n<div class=\"wp-block-columns is-layout-flex wp-container-core-columns-is-layout-9d6595d7 wp-block-columns-is-layout-flex\">\n<div class=\"wp-block-column is-layout-flow wp-block-column-is-layout-flow\">\n<div class=\"wp-block-qi-blocks-image-gallery qodef-block-container qodef-block-e710c333\"><div class=\"qi-block-image-gallery qodef-block qodef-m qi-block-fslightbox-popup qodef-popup-gallery\"><div class=\"qodef-gutenberg-section qodef--columns qodef-col-num--3 qodef-responsive--predefined\"><div class=\"qodef-gutenberg-row\"><div class=\"qodef-gutenberg-column qodef-e qodef-image-wrapper\"><div class=\"qodef-gutenberg-column-inner qodef-e-inner\"><a class=\"qodef-popup-item\" href=\"https:\/\/www.noserlight.ch\/home\/wp-content\/uploads\/2023\/02\/NOSERLIGHT_LEDPanel.jpg\" data-type=\"image\" data-fslightbox=\"gallery-139\"><img loading=\"lazy\" decoding=\"async\" width=\"1080\" height=\"1080\" class=\"qodef-e-image wp-image-17886\" src=\"https:\/\/www.noserlight.ch\/home\/wp-content\/uploads\/2023\/02\/NOSERLIGHT_LEDPanel.jpg\" alt=\"\" srcset=\"https:\/\/www.noserlight.ch\/home\/wp-content\/uploads\/2023\/02\/NOSERLIGHT_LEDPanel.jpg 1080w, https:\/\/www.noserlight.ch\/home\/wp-content\/uploads\/2023\/02\/NOSERLIGHT_LEDPanel-300x300.jpg 300w, https:\/\/www.noserlight.ch\/home\/wp-content\/uploads\/2023\/02\/NOSERLIGHT_LEDPanel-1024x1024.jpg 1024w, https:\/\/www.noserlight.ch\/home\/wp-content\/uploads\/2023\/02\/NOSERLIGHT_LEDPanel-150x150.jpg 150w, https:\/\/www.noserlight.ch\/home\/wp-content\/uploads\/2023\/02\/NOSERLIGHT_LEDPanel-768x768.jpg 768w, https:\/\/www.noserlight.ch\/home\/wp-content\/uploads\/2023\/02\/NOSERLIGHT_LEDPanel-570x570.jpg 570w, https:\/\/www.noserlight.ch\/home\/wp-content\/uploads\/2023\/02\/NOSERLIGHT_LEDPanel-500x500.jpg 500w, https:\/\/www.noserlight.ch\/home\/wp-content\/uploads\/2023\/02\/NOSERLIGHT_LEDPanel-1000x1000.jpg 1000w, https:\/\/www.noserlight.ch\/home\/wp-content\/uploads\/2023\/02\/NOSERLIGHT_LEDPanel-700x700.jpg 700w, https:\/\/www.noserlight.ch\/home\/wp-content\/uploads\/2023\/02\/NOSERLIGHT_LEDPanel-650x650.jpg 650w\" sizes=\"auto, (max-width: 1080px) 100vw, 1080px\" \/><\/a><\/div><\/div><div class=\"qodef-gutenberg-column qodef-e qodef-image-wrapper\"><div class=\"qodef-gutenberg-column-inner qodef-e-inner\"><a class=\"qodef-popup-item\" href=\"https:\/\/www.noserlight.ch\/home\/wp-content\/uploads\/2023\/02\/NOSERLIGHT_LEDPanelLichtfenster.jpg\" data-type=\"image\" data-fslightbox=\"gallery-139\"><img loading=\"lazy\" decoding=\"async\" width=\"1080\" height=\"1080\" class=\"qodef-e-image wp-image-17966\" src=\"https:\/\/www.noserlight.ch\/home\/wp-content\/uploads\/2023\/02\/NOSERLIGHT_LEDPanelLichtfenster.jpg\" alt=\"\" srcset=\"https:\/\/www.noserlight.ch\/home\/wp-content\/uploads\/2023\/02\/NOSERLIGHT_LEDPanelLichtfenster.jpg 1080w, https:\/\/www.noserlight.ch\/home\/wp-content\/uploads\/2023\/02\/NOSERLIGHT_LEDPanelLichtfenster-300x300.jpg 300w, https:\/\/www.noserlight.ch\/home\/wp-content\/uploads\/2023\/02\/NOSERLIGHT_LEDPanelLichtfenster-1024x1024.jpg 1024w, https:\/\/www.noserlight.ch\/home\/wp-content\/uploads\/2023\/02\/NOSERLIGHT_LEDPanelLichtfenster-150x150.jpg 150w, https:\/\/www.noserlight.ch\/home\/wp-content\/uploads\/2023\/02\/NOSERLIGHT_LEDPanelLichtfenster-768x768.jpg 768w, https:\/\/www.noserlight.ch\/home\/wp-content\/uploads\/2023\/02\/NOSERLIGHT_LEDPanelLichtfenster-570x570.jpg 570w, https:\/\/www.noserlight.ch\/home\/wp-content\/uploads\/2023\/02\/NOSERLIGHT_LEDPanelLichtfenster-500x500.jpg 500w, https:\/\/www.noserlight.ch\/home\/wp-content\/uploads\/2023\/02\/NOSERLIGHT_LEDPanelLichtfenster-1000x1000.jpg 1000w, https:\/\/www.noserlight.ch\/home\/wp-content\/uploads\/2023\/02\/NOSERLIGHT_LEDPanelLichtfenster-700x700.jpg 700w, https:\/\/www.noserlight.ch\/home\/wp-content\/uploads\/2023\/02\/NOSERLIGHT_LEDPanelLichtfenster-650x650.jpg 650w\" sizes=\"auto, (max-width: 1080px) 100vw, 1080px\" \/><\/a><\/div><\/div><div class=\"qodef-gutenberg-column qodef-e qodef-image-wrapper\"><div class=\"qodef-gutenberg-column-inner qodef-e-inner\"><a class=\"qodef-popup-item\" href=\"https:\/\/www.noserlight.ch\/home\/wp-content\/uploads\/2023\/02\/Noserlight_LEDPanelMeeting.jpg\" data-type=\"image\" data-fslightbox=\"gallery-139\"><img loading=\"lazy\" decoding=\"async\" width=\"1080\" height=\"1080\" class=\"qodef-e-image wp-image-17970\" src=\"https:\/\/www.noserlight.ch\/home\/wp-content\/uploads\/2023\/02\/Noserlight_LEDPanelMeeting.jpg\" alt=\"\" srcset=\"https:\/\/www.noserlight.ch\/home\/wp-content\/uploads\/2023\/02\/Noserlight_LEDPanelMeeting.jpg 1080w, https:\/\/www.noserlight.ch\/home\/wp-content\/uploads\/2023\/02\/Noserlight_LEDPanelMeeting-300x300.jpg 300w, https:\/\/www.noserlight.ch\/home\/wp-content\/uploads\/2023\/02\/Noserlight_LEDPanelMeeting-1024x1024.jpg 1024w, https:\/\/www.noserlight.ch\/home\/wp-content\/uploads\/2023\/02\/Noserlight_LEDPanelMeeting-150x150.jpg 150w, https:\/\/www.noserlight.ch\/home\/wp-content\/uploads\/2023\/02\/Noserlight_LEDPanelMeeting-768x768.jpg 768w, https:\/\/www.noserlight.ch\/home\/wp-content\/uploads\/2023\/02\/Noserlight_LEDPanelMeeting-570x570.jpg 570w, https:\/\/www.noserlight.ch\/home\/wp-content\/uploads\/2023\/02\/Noserlight_LEDPanelMeeting-500x500.jpg 500w, https:\/\/www.noserlight.ch\/home\/wp-content\/uploads\/2023\/02\/Noserlight_LEDPanelMeeting-1000x1000.jpg 1000w, https:\/\/www.noserlight.ch\/home\/wp-content\/uploads\/2023\/02\/Noserlight_LEDPanelMeeting-700x700.jpg 700w, https:\/\/www.noserlight.ch\/home\/wp-content\/uploads\/2023\/02\/Noserlight_LEDPanelMeeting-650x650.jpg 650w\" sizes=\"auto, (max-width: 1080px) 100vw, 1080px\" \/><\/a><\/div><\/div><\/div><\/div><\/div><\/div>\n<\/div>\n<\/div>\n\n\n\n<div class=\"wp-block-columns is-layout-flex wp-container-core-columns-is-layout-9d6595d7 wp-block-columns-is-layout-flex\">\n<div class=\"wp-block-column is-layout-flow wp-block-column-is-layout-flow\">\n<div class=\"wp-block-qi-blocks-info-box qodef-block-container qodef-block-1a93ee9e\"><div class=\"qi-block-info-box qodef-block qodef-m\"><div class=\"qodef-m-content\"><h5 class=\"qodef-m-subtitle\">Direkt im Onlineshop ansehen<\/h5><h2 class=\"qodef-m-title\">LED Panel ganz einfach bestellen<\/h2><p class=\"qodef-m-text\">Die aktuellsten Angebote und Modelle LED Panel in unserem Onlineshop<\/p><\/div>\n<div class=\"wp-block-qi-blocks-button qodef-block-container qodef-block-5ef591d9\"><a class=\"qi-block-button qodef-block qodef-m qodef-layout--filled qodef-type--standard qodef-hover--icon-move-horizontal-short\" href=\"https:\/\/www.noserlight.ch\/shop\/de\/search?page=search&amp;page_action=query&amp;desc=on&amp;sdesc=on&amp;keywords=LED+Panel\"><span class=\"qodef-m-text\">Shoppen<\/span><\/a><\/div>\n<a href=\"https:\/\/www.noserlight.ch\/shop\/de\/search?page=search&amp;page_action=query&amp;desc=on&amp;sdesc=on&amp;keywords=LED+Panel\" class=\"qodef-m-link\"><\/a><\/div><\/div>\n\n\n\n<div style=\"height:20px\" aria-hidden=\"true\" class=\"wp-block-spacer\"><\/div>\n<\/div>\n\n\n\n<div class=\"wp-block-column is-layout-flow wp-block-column-is-layout-flow\">\n<div class=\"wp-block-qi-blocks-info-box qodef-block-container qodef-block-a886a6b5\"><div class=\"qi-block-info-box qodef-block qodef-m\"><div class=\"qodef-m-content\"><h5 class=\"qodef-m-subtitle\">Die Lichtfenster <\/h5><h2 class=\"qodef-m-title\">LED Panel <\/h2><p class=\"qodef-m-text\">Jetzt im interaktiven Katalog die neuste Generation unserer LED Panel ansehen<\/p><\/div>\n<div class=\"wp-block-qi-blocks-button qodef-block-container qodef-block-21a56a38\"><a class=\"qi-block-button qodef-block qodef-m qodef-layout--filled qodef-type--standard qodef-hover--icon-move-horizontal-short\" href=\"https:\/\/noserlight.ch\/LEDinfo\/NOSERLIGHT_LED_Panel_Download.pdf\"><span class=\"qodef-m-text\">Ansehen<\/span><\/a><\/div>\n<a href=\"https:\/\/noserlight.ch\/LEDinfo\/NOSERLIGHT_LED_Panel_Download.pdf\" class=\"qodef-m-link\"><\/a><\/div><\/div>\n<\/div>\n<\/div>\n\n\n\n<div style=\"height:20px\" aria-hidden=\"true\" class=\"wp-block-spacer\"><\/div>\n\n\n\n<div class=\"wp-block-qi-blocks-divider qodef-block-container qodef-block-22cffe78\"><div class=\"qi-block-divider qodef-block qodef-m qodef-layout--standard qodef-position--center\"><div class=\"qodef-m-line\"><\/div><\/div><\/div>\n\n\n\n<div style=\"height:20px\" aria-hidden=\"true\" class=\"wp-block-spacer\"><\/div>\n\n\n\n<h2 class=\"wp-block-heading\">Mehr aus unserem Blog<\/h2>\n\n\n\n<div style=\"height:20px\" aria-hidden=\"true\" class=\"wp-block-spacer\"><\/div>\n\n\n<div  class=\"qodef-block-container qodef-block-3249bbcc\" >\n\t<div class=\"qi-block-blog-list qodef-block qodef-m wp-block-qi-blocks-blog-list qodef-info-no-icons qodef-image--hover-zoom qodef-item-layout--boxed qodef-gutenberg-section qodef--columns qodef-col-num--3 qodef-responsive--predefined\">\n\t\t\t\t\t<div class=\"qodef-gutenberg-row\">\n\t\t\t\t<article class=\"qodef-blog-item qodef-e qodef-gutenberg-column post-15287 post type-post status-publish format-standard has-post-thumbnail hentry category-professionelle-led-beleuchtung tag-filament-led-2 tag-led-ausstellung tag-led-beratung tag-led-deko-gluehlampen tag-led-dimmbar tag-led-e14 tag-led-e27 tag-led-filamanet-leuchten tag-led-filament-2 tag-led-filament-lampen tag-led-gluehlampen tag-led-lampen-2 tag-led-lcc-gluehbirnen tag-led-leuchtmittel-2 tag-led-retrofit tag-led-retrolampen-2 tag-led-ausstellung-2\">\n\t<div class=\"qodef-e-inner\">\n\t\t\t\t\t<div class=\"qodef-e-media-holder\">\n\t\t\t\t<div class=\"qodef-e-media\">\n\t\t<div class=\"qodef-e-media-image\">\n\t\t<a href=\"https:\/\/www.noserlight.ch\/home\/sparlampenersatz_fl_ersatz\/\">\n\t\t\t<img loading=\"lazy\" decoding=\"async\" width=\"838\" height=\"292\" src=\"https:\/\/www.noserlight.ch\/home\/wp-content\/uploads\/2023\/02\/ID111_LED_T8_Kat.jpg\" class=\"attachment-full size-full\" alt=\"\" srcset=\"https:\/\/www.noserlight.ch\/home\/wp-content\/uploads\/2023\/02\/ID111_LED_T8_Kat.jpg 838w, https:\/\/www.noserlight.ch\/home\/wp-content\/uploads\/2023\/02\/ID111_LED_T8_Kat-300x105.jpg 300w, https:\/\/www.noserlight.ch\/home\/wp-content\/uploads\/2023\/02\/ID111_LED_T8_Kat-768x268.jpg 768w, https:\/\/www.noserlight.ch\/home\/wp-content\/uploads\/2023\/02\/ID111_LED_T8_Kat-700x244.jpg 700w\" sizes=\"auto, (max-width: 838px) 100vw, 838px\" \/>\t\t<\/a>\n\t<\/div>\n<\/div>\n\t\t\t<\/div>\n\t\t\t\t<div class=\"qodef-e-content\">\n\t\t\t\t\t\t<div class=\"qodef-e-text\">\n\t\t\t\t<h5 class=\"qodef-e-title\">\n\t<a class=\"qodef-e-title-link\" href=\"https:\/\/www.noserlight.ch\/home\/sparlampenersatz_fl_ersatz\/\">\n\t\tERSATZ F\u00dcR FL-R\u00d6HREN UND SPARLAMPEN\t<\/a>\n<\/h5>\n\t\t<p class=\"qodef-e-excerpt\">\n\t\t\tSuchst du Ersatz f\u00fcr Sparlampen und FL-R\u00f6hren die verboten wurden? Wir bieten ihn. Egal ob f\u00fcrs Facility Management, Ersatz in Werkstatt und Produktion oder im Office. R\u00fcste um\t\t<\/p>\n\t\t\t\t<\/div>\n\t\t\t\t\t\t\t<div class=\"qodef-e-info qodef-info--bottom\">\n\t\t\t\t\t\t<div class=\"qodef-e-read-more\">\n\t\t<a class=\"qi-block-button qodef-block qodef-m qodef-html--link qodef-layout--textual qodef-type--standard qodef-icon--right qodef-hover--icon-move-horizontal-short qodef-underline--left\" href=\"https:\/\/www.noserlight.ch\/home\/sparlampenersatz_fl_ersatz\/\" target=\"_self\">\n\t<span class=\"qodef-m-text\">Mehr erfahren<\/span>\n\t<\/a>\n\t<\/div>\n \t\t\t\t<\/div>\n\t\t\t\t\t<\/div>\n\t<\/div>\n<\/article>\n<article class=\"qodef-blog-item qodef-e qodef-gutenberg-column post-18628 post type-post status-publish format-standard has-post-thumbnail hentry category-architectural-lighting-licht-fuer-architektur category-facility-lighting-licht-fuer-immobilien-und-facility-management category-home-lighting-licht-fuer-zuhause category-led-know-how-de category-professionelle-led-beleuchtung category-tipps-und-tricks tag-led-aussenbeleuchtung tag-led-aussenlampen tag-led-bewegungsmelder tag-led-einbruchschutz tag-led-fluter tag-led-flutlicht tag-led-fuer-aussen tag-led-fuer-treppen tag-led-hallenbeleuchtung tag-led-parkplatzbeleuchtung tag-led-platzbeleuchtung tag-led-strahler tag-led-strahler-mit-abnehmbarem-akku tag-led-strahler-mit-bewegungsmelder tag-led-strahler-mit-powerbank tag-led-strahler-mit-sensor tag-led-strahler-mobil tag-led-wegebeleuchtung\">\n\t<div class=\"qodef-e-inner\">\n\t\t\t\t\t<div class=\"qodef-e-media-holder\">\n\t\t\t\t<div class=\"qodef-e-media\">\n\t\t<div class=\"qodef-e-media-image\">\n\t\t<a href=\"https:\/\/www.noserlight.ch\/home\/licht-fuer-wege-und-treppen-im-freien\/\">\n\t\t\t<img loading=\"lazy\" decoding=\"async\" width=\"1920\" height=\"1080\" src=\"https:\/\/www.noserlight.ch\/home\/wp-content\/uploads\/2023\/09\/NOSERLIGH_LEDAussenbeleuchtungWegeTreppen.jpg\" class=\"attachment-full size-full\" alt=\"\" srcset=\"https:\/\/www.noserlight.ch\/home\/wp-content\/uploads\/2023\/09\/NOSERLIGH_LEDAussenbeleuchtungWegeTreppen.jpg 1920w, https:\/\/www.noserlight.ch\/home\/wp-content\/uploads\/2023\/09\/NOSERLIGH_LEDAussenbeleuchtungWegeTreppen-300x169.jpg 300w, https:\/\/www.noserlight.ch\/home\/wp-content\/uploads\/2023\/09\/NOSERLIGH_LEDAussenbeleuchtungWegeTreppen-1024x576.jpg 1024w, https:\/\/www.noserlight.ch\/home\/wp-content\/uploads\/2023\/09\/NOSERLIGH_LEDAussenbeleuchtungWegeTreppen-768x432.jpg 768w, https:\/\/www.noserlight.ch\/home\/wp-content\/uploads\/2023\/09\/NOSERLIGH_LEDAussenbeleuchtungWegeTreppen-1536x864.jpg 1536w, https:\/\/www.noserlight.ch\/home\/wp-content\/uploads\/2023\/09\/NOSERLIGH_LEDAussenbeleuchtungWegeTreppen-700x394.jpg 700w, https:\/\/www.noserlight.ch\/home\/wp-content\/uploads\/2023\/09\/NOSERLIGH_LEDAussenbeleuchtungWegeTreppen-539x303.jpg 539w\" sizes=\"auto, (max-width: 1920px) 100vw, 1920px\" \/>\t\t<\/a>\n\t<\/div>\n<\/div>\n\t\t\t<\/div>\n\t\t\t\t<div class=\"qodef-e-content\">\n\t\t\t\t\t\t<div class=\"qodef-e-text\">\n\t\t\t\t<h5 class=\"qodef-e-title\">\n\t<a class=\"qodef-e-title-link\" href=\"https:\/\/www.noserlight.ch\/home\/licht-fuer-wege-und-treppen-im-freien\/\">\n\t\tLicht f\u00fcr Wege und Treppen im Freien\t<\/a>\n<\/h5>\n\t\t<p class=\"qodef-e-excerpt\">\n\t\t\tWegbeleuchtung und Treppenbeleuchtung. Wege zum und um das Haus, den Kellereingang oder zur Garage sollten gut beleuchtet sein. Licht bedeutet Sicherheit. Nicht nur bedeutet es ver\t\t<\/p>\n\t\t\t\t<\/div>\n\t\t\t\t\t\t\t<div class=\"qodef-e-info qodef-info--bottom\">\n\t\t\t\t\t\t<div class=\"qodef-e-read-more\">\n\t\t<a class=\"qi-block-button qodef-block qodef-m qodef-html--link qodef-layout--textual qodef-type--standard qodef-icon--right qodef-hover--icon-move-horizontal-short qodef-underline--left\" href=\"https:\/\/www.noserlight.ch\/home\/licht-fuer-wege-und-treppen-im-freien\/\" target=\"_self\">\n\t<span class=\"qodef-m-text\">Mehr erfahren<\/span>\n\t<\/a>\n\t<\/div>\n \t\t\t\t<\/div>\n\t\t\t\t\t<\/div>\n\t<\/div>\n<\/article>\n<article class=\"qodef-blog-item qodef-e qodef-gutenberg-column post-28764 post type-post status-publish format-standard has-post-thumbnail hentry category-led-know-how-de category-professionelle-led-beleuchtung tag-buerobeleuchtung tag-hcl tag-human-centric-lighting tag-licht-am-schreibtisch tag-licht-fuer-schulen tag-licht-fuers-buero tag-licht-zu-arbeiten tag-licht-zum-lernen\">\n\t<div class=\"qodef-e-inner\">\n\t\t\t\t\t<div class=\"qodef-e-media-holder\">\n\t\t\t\t<div class=\"qodef-e-media\">\n\t\t<div class=\"qodef-e-media-image\">\n\t\t<a href=\"https:\/\/www.noserlight.ch\/home\/warum-gutes-licht-der-schluessel-zum-lernerfolg-ist\/\">\n\t\t\t<img loading=\"lazy\" decoding=\"async\" width=\"1920\" height=\"1080\" src=\"https:\/\/www.noserlight.ch\/home\/wp-content\/uploads\/2024\/08\/HCL_TagesNachtzyklusLichtLED.jpg\" class=\"attachment-full size-full\" alt=\"\" srcset=\"https:\/\/www.noserlight.ch\/home\/wp-content\/uploads\/2024\/08\/HCL_TagesNachtzyklusLichtLED.jpg 1920w, https:\/\/www.noserlight.ch\/home\/wp-content\/uploads\/2024\/08\/HCL_TagesNachtzyklusLichtLED-300x169.jpg 300w, https:\/\/www.noserlight.ch\/home\/wp-content\/uploads\/2024\/08\/HCL_TagesNachtzyklusLichtLED-1024x576.jpg 1024w, https:\/\/www.noserlight.ch\/home\/wp-content\/uploads\/2024\/08\/HCL_TagesNachtzyklusLichtLED-768x432.jpg 768w, https:\/\/www.noserlight.ch\/home\/wp-content\/uploads\/2024\/08\/HCL_TagesNachtzyklusLichtLED-1536x864.jpg 1536w, https:\/\/www.noserlight.ch\/home\/wp-content\/uploads\/2024\/08\/HCL_TagesNachtzyklusLichtLED-700x394.jpg 700w, https:\/\/www.noserlight.ch\/home\/wp-content\/uploads\/2024\/08\/HCL_TagesNachtzyklusLichtLED-539x303.jpg 539w\" sizes=\"auto, (max-width: 1920px) 100vw, 1920px\" \/>\t\t<\/a>\n\t<\/div>\n<\/div>\n\t\t\t<\/div>\n\t\t\t\t<div class=\"qodef-e-content\">\n\t\t\t\t\t\t<div class=\"qodef-e-text\">\n\t\t\t\t<h5 class=\"qodef-e-title\">\n\t<a class=\"qodef-e-title-link\" href=\"https:\/\/www.noserlight.ch\/home\/warum-gutes-licht-der-schluessel-zum-lernerfolg-ist\/\">\n\t\tWarum gutes Licht der Schl\u00fcssel ist.\t<\/a>\n<\/h5>\n\t\t<p class=\"qodef-e-excerpt\">\n\t\t\tLicht ist mehr als nur Helligkeit. Es beeinflusst, wie wir uns f\u00fchlen, denken und arbeiten. In einer Welt, die zunehmend auf das Wohlbefinden und die Effizienz ihrer Menschen acht\t\t<\/p>\n\t\t\t\t<\/div>\n\t\t\t\t\t\t\t<div class=\"qodef-e-info qodef-info--bottom\">\n\t\t\t\t\t\t<div class=\"qodef-e-read-more\">\n\t\t<a class=\"qi-block-button qodef-block qodef-m qodef-html--link qodef-layout--textual qodef-type--standard qodef-icon--right qodef-hover--icon-move-horizontal-short qodef-underline--left\" href=\"https:\/\/www.noserlight.ch\/home\/warum-gutes-licht-der-schluessel-zum-lernerfolg-ist\/\" target=\"_self\">\n\t<span class=\"qodef-m-text\">Mehr erfahren<\/span>\n\t<\/a>\n\t<\/div>\n \t\t\t\t<\/div>\n\t\t\t\t\t<\/div>\n\t<\/div>\n<\/article>\n<article class=\"qodef-blog-item qodef-e qodef-gutenberg-column post-23752 post type-post status-publish format-standard has-post-thumbnail hentry category-architectural-lighting-licht-fuer-architektur category-facility-lighting-licht-fuer-immobilien-und-facility-management category-home-lighting-licht-fuer-zuhause category-noser category-professionelle-led-beleuchtung category-tipps-und-tricks tag-led-aussenbeleuchtung tag-led-aussenlampen tag-led-bewegungsmelder tag-led-einbruchschutz tag-led-fluter tag-led-flutlicht tag-led-fuer-aussen tag-led-hallenbeleuchtung tag-led-parkplatzbeleuchtung tag-led-platzbeleuchtung tag-led-strahler tag-led-strahler-mit-abnehmbarem-akku tag-led-strahler-mit-bewegungsmelder tag-led-strahler-mit-powerbank tag-led-strahler-mit-sensor tag-led-strahler-mobil\">\n\t<div class=\"qodef-e-inner\">\n\t\t\t\t\t<div class=\"qodef-e-media-holder\">\n\t\t\t\t<div class=\"qodef-e-media\">\n\t\t<div class=\"qodef-e-media-image\">\n\t\t<a href=\"https:\/\/www.noserlight.ch\/home\/einbruchschutz-ploetzliches-licht-schreckt-ab-2\/\">\n\t\t\t<img loading=\"lazy\" decoding=\"async\" width=\"1920\" height=\"1080\" src=\"https:\/\/www.noserlight.ch\/home\/wp-content\/uploads\/2023\/10\/NOSERLIGHT_LEDStrahler_LEDFluter.jpg\" class=\"attachment-full size-full\" alt=\"\" srcset=\"https:\/\/www.noserlight.ch\/home\/wp-content\/uploads\/2023\/10\/NOSERLIGHT_LEDStrahler_LEDFluter.jpg 1920w, https:\/\/www.noserlight.ch\/home\/wp-content\/uploads\/2023\/10\/NOSERLIGHT_LEDStrahler_LEDFluter-300x169.jpg 300w, https:\/\/www.noserlight.ch\/home\/wp-content\/uploads\/2023\/10\/NOSERLIGHT_LEDStrahler_LEDFluter-1024x576.jpg 1024w, https:\/\/www.noserlight.ch\/home\/wp-content\/uploads\/2023\/10\/NOSERLIGHT_LEDStrahler_LEDFluter-768x432.jpg 768w, https:\/\/www.noserlight.ch\/home\/wp-content\/uploads\/2023\/10\/NOSERLIGHT_LEDStrahler_LEDFluter-1536x864.jpg 1536w, https:\/\/www.noserlight.ch\/home\/wp-content\/uploads\/2023\/10\/NOSERLIGHT_LEDStrahler_LEDFluter-700x394.jpg 700w, https:\/\/www.noserlight.ch\/home\/wp-content\/uploads\/2023\/10\/NOSERLIGHT_LEDStrahler_LEDFluter-539x303.jpg 539w\" sizes=\"auto, (max-width: 1920px) 100vw, 1920px\" \/>\t\t<\/a>\n\t<\/div>\n<\/div>\n\t\t\t<\/div>\n\t\t\t\t<div class=\"qodef-e-content\">\n\t\t\t\t\t\t<div class=\"qodef-e-text\">\n\t\t\t\t<h5 class=\"qodef-e-title\">\n\t<a class=\"qodef-e-title-link\" href=\"https:\/\/www.noserlight.ch\/home\/einbruchschutz-ploetzliches-licht-schreckt-ab-2\/\">\n\t\tEinbruchschutz &#8211;  Licht schreckt ab\t<\/a>\n<\/h5>\n\t\t<p class=\"qodef-e-excerpt\">\n\t\t\tF\u00fcr eine zus\u00e4tzliche Sicherheitsbeleuchtung werden zum Beispiel unter dem Dachfirst Strahler oder Scheinwerfer montiert. Mit mehreren Bewegungsmeldern verbunden und in einer Reih\t\t<\/p>\n\t\t\t\t<\/div>\n\t\t\t\t\t\t\t<div class=\"qodef-e-info qodef-info--bottom\">\n\t\t\t\t\t\t<div class=\"qodef-e-read-more\">\n\t\t<a class=\"qi-block-button qodef-block qodef-m qodef-html--link qodef-layout--textual qodef-type--standard qodef-icon--right qodef-hover--icon-move-horizontal-short qodef-underline--left\" href=\"https:\/\/www.noserlight.ch\/home\/einbruchschutz-ploetzliches-licht-schreckt-ab-2\/\" target=\"_self\">\n\t<span class=\"qodef-m-text\">Mehr erfahren<\/span>\n\t<\/a>\n\t<\/div>\n \t\t\t\t<\/div>\n\t\t\t\t\t<\/div>\n\t<\/div>\n<\/article>\n<article class=\"qodef-blog-item qodef-e qodef-gutenberg-column post-12822 post type-post status-publish format-standard has-post-thumbnail hentry category-led-know-how-de category-noser category-professionelle-led-beleuchtung category-tipps-und-tricks tag-led-aussenlampe tag-led-aussenlampen tag-led-fur-den-garten tag-led-fuer-die-terrasse tag-led-gartenbeleuchtung tag-led-terrassenbeleuchtung tag-led-tipps tag-led-technik tag-licht-fuer-den-balkon tag-schutzklassen tag-schutzklassen-leuchten tag-sicherheitskennzeichnung tag-terrassenbeleuchtung\">\n\t<div class=\"qodef-e-inner\">\n\t\t\t\t\t<div class=\"qodef-e-media-holder\">\n\t\t\t\t<div class=\"qodef-e-media\">\n\t\t<div class=\"qodef-e-media-image\">\n\t\t<a href=\"https:\/\/www.noserlight.ch\/home\/schutzklassen\/\">\n\t\t\t<img loading=\"lazy\" decoding=\"async\" width=\"637\" height=\"320\" src=\"https:\/\/www.noserlight.ch\/home\/wp-content\/uploads\/2023\/10\/IP_Schutzarten637x320.jpg\" class=\"attachment-full size-full\" alt=\"\" srcset=\"https:\/\/www.noserlight.ch\/home\/wp-content\/uploads\/2023\/10\/IP_Schutzarten637x320.jpg 637w, https:\/\/www.noserlight.ch\/home\/wp-content\/uploads\/2023\/10\/IP_Schutzarten637x320-300x151.jpg 300w\" sizes=\"auto, (max-width: 637px) 100vw, 637px\" \/>\t\t<\/a>\n\t<\/div>\n<\/div>\n\t\t\t<\/div>\n\t\t\t\t<div class=\"qodef-e-content\">\n\t\t\t\t\t\t<div class=\"qodef-e-text\">\n\t\t\t\t<h5 class=\"qodef-e-title\">\n\t<a class=\"qodef-e-title-link\" href=\"https:\/\/www.noserlight.ch\/home\/schutzklassen\/\">\n\t\tSchutzklassen\t<\/a>\n<\/h5>\n\t\t<p class=\"qodef-e-excerpt\">\n\t\t\tLEUCHTEN UND SCHUTZKLASSEN\r\nSchutzklassen dienen in der Elektrotechnik der Einteilung und Kennzeichnung von elektrischen Betriebsmitteln (zum Beispiel Ger\u00e4te und Installationsbaut\t\t<\/p>\n\t\t\t\t<\/div>\n\t\t\t\t\t\t\t<div class=\"qodef-e-info qodef-info--bottom\">\n\t\t\t\t\t\t<div class=\"qodef-e-read-more\">\n\t\t<a class=\"qi-block-button qodef-block qodef-m qodef-html--link qodef-layout--textual qodef-type--standard qodef-icon--right qodef-hover--icon-move-horizontal-short qodef-underline--left\" href=\"https:\/\/www.noserlight.ch\/home\/schutzklassen\/\" target=\"_self\">\n\t<span class=\"qodef-m-text\">Mehr erfahren<\/span>\n\t<\/a>\n\t<\/div>\n \t\t\t\t<\/div>\n\t\t\t\t\t<\/div>\n\t<\/div>\n<\/article>\n<article class=\"qodef-blog-item qodef-e qodef-gutenberg-column post-18163 post type-post status-publish format-standard has-post-thumbnail hentry category-home-lighting-licht-fuer-zuhause tag-bruchsch-liecht-dae-nosi-haets tag-energieeffiziente-led-2 tag-led tag-led-aussenlampe tag-led-aussenlampen tag-led-beratung tag-led-deckenleuchten tag-led-design-leuchten tag-led-ersatz-fuer-gluehlampen tag-led-know-how-2 tag-led-licht-der-zukunft tag-led-statt-akw tag-led-technik\">\n\t<div class=\"qodef-e-inner\">\n\t\t\t\t\t<div class=\"qodef-e-media-holder\">\n\t\t\t\t<div class=\"qodef-e-media\">\n\t\t<div class=\"qodef-e-media-image\">\n\t\t<a href=\"https:\/\/www.noserlight.ch\/home\/welcome-licht-fuer-den-hauseingang\/\">\n\t\t\t<img loading=\"lazy\" decoding=\"async\" width=\"1960\" height=\"1000\" src=\"https:\/\/www.noserlight.ch\/home\/wp-content\/uploads\/2023\/03\/NOSERLIGHT_LichtfuerdenEingang-2.jpg\" class=\"attachment-full size-full\" alt=\"\" srcset=\"https:\/\/www.noserlight.ch\/home\/wp-content\/uploads\/2023\/03\/NOSERLIGHT_LichtfuerdenEingang-2.jpg 1960w, https:\/\/www.noserlight.ch\/home\/wp-content\/uploads\/2023\/03\/NOSERLIGHT_LichtfuerdenEingang-2-300x153.jpg 300w, https:\/\/www.noserlight.ch\/home\/wp-content\/uploads\/2023\/03\/NOSERLIGHT_LichtfuerdenEingang-2-1024x522.jpg 1024w, https:\/\/www.noserlight.ch\/home\/wp-content\/uploads\/2023\/03\/NOSERLIGHT_LichtfuerdenEingang-2-768x392.jpg 768w, https:\/\/www.noserlight.ch\/home\/wp-content\/uploads\/2023\/03\/NOSERLIGHT_LichtfuerdenEingang-2-1536x784.jpg 1536w, https:\/\/www.noserlight.ch\/home\/wp-content\/uploads\/2023\/03\/NOSERLIGHT_LichtfuerdenEingang-2-700x357.jpg 700w\" sizes=\"auto, (max-width: 1960px) 100vw, 1960px\" \/>\t\t<\/a>\n\t<\/div>\n<\/div>\n\t\t\t<\/div>\n\t\t\t\t<div class=\"qodef-e-content\">\n\t\t\t\t\t\t<div class=\"qodef-e-text\">\n\t\t\t\t<h5 class=\"qodef-e-title\">\n\t<a class=\"qodef-e-title-link\" href=\"https:\/\/www.noserlight.ch\/home\/welcome-licht-fuer-den-hauseingang\/\">\n\t\tWelcome! Licht f\u00fcr den Hauseingang\t<\/a>\n<\/h5>\n\t\t<p class=\"qodef-e-excerpt\">\n\t\t\tLicht im Eingangsbereich und an der Haust\u00fcr ist doppelt wichtig: Es wirkt einladend und sorgt&#8230;\t\t<\/p>\n\t\t\t\t<\/div>\n\t\t\t\t\t\t\t<div class=\"qodef-e-info qodef-info--bottom\">\n\t\t\t\t\t\t<div class=\"qodef-e-read-more\">\n\t\t<a class=\"qi-block-button qodef-block qodef-m qodef-html--link qodef-layout--textual qodef-type--standard qodef-icon--right qodef-hover--icon-move-horizontal-short qodef-underline--left\" href=\"https:\/\/www.noserlight.ch\/home\/welcome-licht-fuer-den-hauseingang\/\" target=\"_self\">\n\t<span class=\"qodef-m-text\">Mehr erfahren<\/span>\n\t<\/a>\n\t<\/div>\n \t\t\t\t<\/div>\n\t\t\t\t\t<\/div>\n\t<\/div>\n<\/article>\n<article class=\"qodef-blog-item qodef-e qodef-gutenberg-column post-14389 post type-post status-publish format-standard has-post-thumbnail hentry category-architectural-lighting-licht-fuer-architektur category-gastronomy-lighting-licht-fuer-hotels-und-restaurants category-home-lighting-licht-fuer-zuhause category-led-know-how-de category-shop-lighting-licht-fuer-shops-stores-und-ausstellungen tag-aussenbeleuchtung tag-farbige-led tag-farbige-lichtbaender tag-farbige-lichtstreifen tag-innenbeleuchtung tag-led-indirektbeleuchtung tag-led-indirektbeleuchtungen tag-led-innenbeleuchtung tag-led-lampen-2 tag-led-leuchten-2 tag-led-lichtstreifen tag-led-rgb-baender tag-led-streifen tag-led-stripes tag-led-strips\">\n\t<div class=\"qodef-e-inner\">\n\t\t\t\t\t<div class=\"qodef-e-media-holder\">\n\t\t\t\t<div class=\"qodef-e-media\">\n\t\t<div class=\"qodef-e-media-image\">\n\t\t<a href=\"https:\/\/www.noserlight.ch\/home\/erzielen-sie-raumlicht-wirkung\/\">\n\t\t\t<img loading=\"lazy\" decoding=\"async\" width=\"1920\" height=\"1080\" src=\"https:\/\/www.noserlight.ch\/home\/wp-content\/uploads\/2023\/09\/NOSERLIGHT_LEDStrip240V.jpg\" class=\"attachment-full size-full\" alt=\"\" srcset=\"https:\/\/www.noserlight.ch\/home\/wp-content\/uploads\/2023\/09\/NOSERLIGHT_LEDStrip240V.jpg 1920w, https:\/\/www.noserlight.ch\/home\/wp-content\/uploads\/2023\/09\/NOSERLIGHT_LEDStrip240V-300x169.jpg 300w, https:\/\/www.noserlight.ch\/home\/wp-content\/uploads\/2023\/09\/NOSERLIGHT_LEDStrip240V-1024x576.jpg 1024w, https:\/\/www.noserlight.ch\/home\/wp-content\/uploads\/2023\/09\/NOSERLIGHT_LEDStrip240V-768x432.jpg 768w, https:\/\/www.noserlight.ch\/home\/wp-content\/uploads\/2023\/09\/NOSERLIGHT_LEDStrip240V-1536x864.jpg 1536w, https:\/\/www.noserlight.ch\/home\/wp-content\/uploads\/2023\/09\/NOSERLIGHT_LEDStrip240V-700x394.jpg 700w, https:\/\/www.noserlight.ch\/home\/wp-content\/uploads\/2023\/09\/NOSERLIGHT_LEDStrip240V-539x303.jpg 539w\" sizes=\"auto, (max-width: 1920px) 100vw, 1920px\" \/>\t\t<\/a>\n\t<\/div>\n<\/div>\n\t\t\t<\/div>\n\t\t\t\t<div class=\"qodef-e-content\">\n\t\t\t\t\t\t<div class=\"qodef-e-text\">\n\t\t\t\t<h5 class=\"qodef-e-title\">\n\t<a class=\"qodef-e-title-link\" href=\"https:\/\/www.noserlight.ch\/home\/erzielen-sie-raumlicht-wirkung\/\">\n\t\tErziele (Raumlicht-)Wirkung!\t<\/a>\n<\/h5>\n\t\t<p class=\"qodef-e-excerpt\">\n\t\t\tWeil indirektes Licht diffus leuchte, kaum Schatten wirft, sich optimal im Raum verteilt und nicht blendet, eignet es sich f\u00fcr Innenbeleuchtungen ausgezeichnet. Zudem kann indirek\t\t<\/p>\n\t\t\t\t<\/div>\n\t\t\t\t\t\t\t<div class=\"qodef-e-info qodef-info--bottom\">\n\t\t\t\t\t\t<div class=\"qodef-e-read-more\">\n\t\t<a class=\"qi-block-button qodef-block qodef-m qodef-html--link qodef-layout--textual qodef-type--standard qodef-icon--right qodef-hover--icon-move-horizontal-short qodef-underline--left\" href=\"https:\/\/www.noserlight.ch\/home\/erzielen-sie-raumlicht-wirkung\/\" target=\"_self\">\n\t<span class=\"qodef-m-text\">Mehr erfahren<\/span>\n\t<\/a>\n\t<\/div>\n \t\t\t\t<\/div>\n\t\t\t\t\t<\/div>\n\t<\/div>\n<\/article>\n<article class=\"qodef-blog-item qodef-e qodef-gutenberg-column post-17849 post type-post status-publish format-standard has-post-thumbnail hentry category-architectural-lighting-licht-fuer-architektur category-facility-lighting-licht-fuer-immobilien-und-facility-management category-office-lighting-licht-fuer-office-atelier-und-praxis category-shop-lighting-licht-fuer-shops-stores-und-ausstellungen tag-led-flaechenleuchte tag-led-lampe tag-led-lichtfenster tag-led-panel-deckeneleuchte tag-led-panel-dimmbar tag-smart-led-panel tag-tunable-white-led-panel\">\n\t<div class=\"qodef-e-inner\">\n\t\t\t\t\t<div class=\"qodef-e-media-holder\">\n\t\t\t\t<div class=\"qodef-e-media\">\n\t\t<div class=\"qodef-e-media-image\">\n\t\t<a href=\"https:\/\/www.noserlight.ch\/home\/das-smarte-lichtfenster\/\">\n\t\t\t<img loading=\"lazy\" decoding=\"async\" width=\"1960\" height=\"1000\" src=\"https:\/\/www.noserlight.ch\/home\/wp-content\/uploads\/2023\/02\/NOSERLIGHT_LEDPanelOffice.jpg\" class=\"attachment-full size-full\" alt=\"\" srcset=\"https:\/\/www.noserlight.ch\/home\/wp-content\/uploads\/2023\/02\/NOSERLIGHT_LEDPanelOffice.jpg 1960w, https:\/\/www.noserlight.ch\/home\/wp-content\/uploads\/2023\/02\/NOSERLIGHT_LEDPanelOffice-300x153.jpg 300w, https:\/\/www.noserlight.ch\/home\/wp-content\/uploads\/2023\/02\/NOSERLIGHT_LEDPanelOffice-1024x522.jpg 1024w, https:\/\/www.noserlight.ch\/home\/wp-content\/uploads\/2023\/02\/NOSERLIGHT_LEDPanelOffice-768x392.jpg 768w, https:\/\/www.noserlight.ch\/home\/wp-content\/uploads\/2023\/02\/NOSERLIGHT_LEDPanelOffice-1536x784.jpg 1536w, https:\/\/www.noserlight.ch\/home\/wp-content\/uploads\/2023\/02\/NOSERLIGHT_LEDPanelOffice-700x357.jpg 700w\" sizes=\"auto, (max-width: 1960px) 100vw, 1960px\" \/>\t\t<\/a>\n\t<\/div>\n<\/div>\n\t\t\t<\/div>\n\t\t\t\t<div class=\"qodef-e-content\">\n\t\t\t\t\t\t<div class=\"qodef-e-text\">\n\t\t\t\t<h5 class=\"qodef-e-title\">\n\t<a class=\"qodef-e-title-link\" href=\"https:\/\/www.noserlight.ch\/home\/das-smarte-lichtfenster\/\">\n\t\tDas smarte Lichtfenster\t<\/a>\n<\/h5>\n\t\t<p class=\"qodef-e-excerpt\">\n\t\t\tDie Beleuchtung mit Led Panel sind mittlerweile in aller Munde. Unser Standard Led Panel verf\u00fcgen&#8230;\t\t<\/p>\n\t\t\t\t<\/div>\n\t\t\t\t\t\t\t<div class=\"qodef-e-info qodef-info--bottom\">\n\t\t\t\t\t\t<div class=\"qodef-e-read-more\">\n\t\t<a class=\"qi-block-button qodef-block qodef-m qodef-html--link qodef-layout--textual qodef-type--standard qodef-icon--right qodef-hover--icon-move-horizontal-short qodef-underline--left\" href=\"https:\/\/www.noserlight.ch\/home\/das-smarte-lichtfenster\/\" target=\"_self\">\n\t<span class=\"qodef-m-text\">Mehr erfahren<\/span>\n\t<\/a>\n\t<\/div>\n \t\t\t\t<\/div>\n\t\t\t\t\t<\/div>\n\t<\/div>\n<\/article>\n<article class=\"qodef-blog-item qodef-e qodef-gutenberg-column post-17747 post type-post status-publish format-standard has-post-thumbnail hentry category-energieeffizienz category-home-lighting-licht-fuer-zuhause category-led-know-how-de category-tipps-und-tricks\">\n\t<div class=\"qodef-e-inner\">\n\t\t\t\t\t<div class=\"qodef-e-media-holder\">\n\t\t\t\t<div class=\"qodef-e-media\">\n\t\t<div class=\"qodef-e-media-image\">\n\t\t<a href=\"https:\/\/www.noserlight.ch\/home\/tipps-fuer-die-private-lichtplanung\/\">\n\t\t\t<img loading=\"lazy\" decoding=\"async\" width=\"980\" height=\"500\" src=\"https:\/\/www.noserlight.ch\/home\/wp-content\/uploads\/2023\/02\/suite_ambient-980x500-1.jpg\" class=\"attachment-full size-full\" alt=\"\" srcset=\"https:\/\/www.noserlight.ch\/home\/wp-content\/uploads\/2023\/02\/suite_ambient-980x500-1.jpg 980w, https:\/\/www.noserlight.ch\/home\/wp-content\/uploads\/2023\/02\/suite_ambient-980x500-1-300x153.jpg 300w, https:\/\/www.noserlight.ch\/home\/wp-content\/uploads\/2023\/02\/suite_ambient-980x500-1-768x392.jpg 768w, https:\/\/www.noserlight.ch\/home\/wp-content\/uploads\/2023\/02\/suite_ambient-980x500-1-700x357.jpg 700w\" sizes=\"auto, (max-width: 980px) 100vw, 980px\" \/>\t\t<\/a>\n\t<\/div>\n<\/div>\n\t\t\t<\/div>\n\t\t\t\t<div class=\"qodef-e-content\">\n\t\t\t\t\t\t<div class=\"qodef-e-text\">\n\t\t\t\t<h5 class=\"qodef-e-title\">\n\t<a class=\"qodef-e-title-link\" href=\"https:\/\/www.noserlight.ch\/home\/tipps-fuer-die-private-lichtplanung\/\">\n\t\tTipps f\u00fcr die private Lichtplanung\t<\/a>\n<\/h5>\n\t\t<p class=\"qodef-e-excerpt\">\n\t\t\tEssen, lesen, fernsehen, arbeiten oder entspannen \u2013 das Beispiel Wohnzimmer zeigt, dass die Beleuchtung vielen&#8230;\t\t<\/p>\n\t\t\t\t<\/div>\n\t\t\t\t\t\t\t<div class=\"qodef-e-info qodef-info--bottom\">\n\t\t\t\t\t\t<div class=\"qodef-e-read-more\">\n\t\t<a class=\"qi-block-button qodef-block qodef-m qodef-html--link qodef-layout--textual qodef-type--standard qodef-icon--right qodef-hover--icon-move-horizontal-short qodef-underline--left\" href=\"https:\/\/www.noserlight.ch\/home\/tipps-fuer-die-private-lichtplanung\/\" target=\"_self\">\n\t<span class=\"qodef-m-text\">Mehr erfahren<\/span>\n\t<\/a>\n\t<\/div>\n \t\t\t\t<\/div>\n\t\t\t\t\t<\/div>\n\t<\/div>\n<\/article>\n\t\t\t<\/div>\n\t\t\t<\/div>\n<\/div>\n","protected":false},"excerpt":{"rendered":"<p>Die Beleuchtung mit Led Panel sind mittlerweile in aller Munde. Unser Standard Led Panel verf\u00fcgen&#8230;<\/p>\n","protected":false},"author":2,"featured_media":17962,"comment_status":"closed","ping_status":"open","sticky":false,"template":"","format":"standard","meta":{"footnotes":""},"categories":[74,78,76,77],"tags":[1697,988,1698,1696,921,1694,1695],"class_list":["post-17849","post","type-post","status-publish","format-standard","has-post-thumbnail","hentry","category-architectural-lighting-licht-fuer-architektur","category-facility-lighting-licht-fuer-immobilien-und-facility-management","category-office-lighting-licht-fuer-office-atelier-und-praxis","category-shop-lighting-licht-fuer-shops-stores-und-ausstellungen","tag-led-flaechenleuchte","tag-led-lampe","tag-led-lichtfenster","tag-led-panel-deckeneleuchte","tag-led-panel-dimmbar","tag-smart-led-panel","tag-tunable-white-led-panel"],"yoast_head":"<!-- This site is optimized with the Yoast SEO plugin v27.0 - https:\/\/yoast.com\/product\/yoast-seo-wordpress\/ -->\r\n<title>Das smarte Lichtfenster - Noserlight AG, LED Leuchten und LED Lampen, LED, Licht, Lichtplanung<\/title>\r\n<meta name=\"robots\" content=\"index, follow, max-snippet:-1, max-image-preview:large, max-video-preview:-1\" \/>\r\n<link rel=\"canonical\" href=\"https:\/\/www.noserlight.ch\/home\/das-smarte-lichtfenster\/\" \/>\r\n<meta property=\"og:locale\" content=\"de_DE\" \/>\r\n<meta property=\"og:type\" content=\"article\" \/>\r\n<meta property=\"og:title\" content=\"Das smarte Lichtfenster - Noserlight AG, LED Leuchten und LED Lampen, LED, Licht, Lichtplanung\" \/>\r\n<meta property=\"og:description\" content=\"Die Beleuchtung mit Led Panel sind mittlerweile in aller Munde. Unser Standard Led Panel verf\u00fcgen...\" \/>\r\n<meta property=\"og:url\" content=\"https:\/\/www.noserlight.ch\/home\/das-smarte-lichtfenster\/\" \/>\r\n<meta property=\"og:site_name\" content=\"Noserlight AG, LED Leuchten und LED Lampen, LED, Licht, Lichtplanung\" \/>\r\n<meta property=\"article:publisher\" content=\"https:\/\/www.facebook.com\/noserlight\/\" \/>\r\n<meta property=\"article:published_time\" content=\"2025-06-11T21:36:09+00:00\" \/>\r\n<meta property=\"article:modified_time\" content=\"2025-07-17T22:52:27+00:00\" \/>\r\n<meta property=\"og:image\" content=\"https:\/\/www.noserlight.ch\/home\/wp-content\/uploads\/2023\/02\/NOSERLIGHT_LEDPanelOffice.jpg\" \/>\r\n\t<meta property=\"og:image:width\" content=\"1960\" \/>\r\n\t<meta property=\"og:image:height\" content=\"1000\" \/>\r\n\t<meta property=\"og:image:type\" content=\"image\/jpeg\" \/>\r\n<meta name=\"author\" content=\"Nosi\" \/>\r\n<meta name=\"twitter:card\" content=\"summary_large_image\" \/>\r\n<meta name=\"twitter:label1\" content=\"Verfasst von\" \/>\n\t<meta name=\"twitter:data1\" content=\"Nosi\" \/>\n\t<meta name=\"twitter:label2\" content=\"Gesch\u00e4tzte Lesezeit\" \/>\n\t<meta name=\"twitter:data2\" content=\"1\u00a0Minute\" \/>\r\n<script type=\"application\/ld+json\" class=\"yoast-schema-graph\">{\"@context\":\"https:\/\/schema.org\",\"@graph\":[{\"@type\":\"Article\",\"@id\":\"https:\/\/www.noserlight.ch\/home\/das-smarte-lichtfenster\/#article\",\"isPartOf\":{\"@id\":\"https:\/\/www.noserlight.ch\/home\/das-smarte-lichtfenster\/\"},\"author\":{\"name\":\"Nosi\",\"@id\":\"https:\/\/www.noserlight.ch\/home\/#\/schema\/person\/cd72adab091f0db04aef8e43d9b74611\"},\"headline\":\"Das smarte Lichtfenster\",\"datePublished\":\"2025-06-11T21:36:09+00:00\",\"dateModified\":\"2025-07-17T22:52:27+00:00\",\"mainEntityOfPage\":{\"@id\":\"https:\/\/www.noserlight.ch\/home\/das-smarte-lichtfenster\/\"},\"wordCount\":137,\"publisher\":{\"@id\":\"https:\/\/www.noserlight.ch\/home\/#organization\"},\"image\":{\"@id\":\"https:\/\/www.noserlight.ch\/home\/das-smarte-lichtfenster\/#primaryimage\"},\"thumbnailUrl\":\"https:\/\/www.noserlight.ch\/home\/wp-content\/uploads\/2023\/02\/NOSERLIGHT_LEDPanelOffice.jpg\",\"keywords\":[\"LED Fl\u00e4chenleuchte\",\"LED Lampe\",\"LED Lichtfenster\",\"LED Panel Deckeneleuchte\",\"LED Panel dimmbar\",\"Smart LED Panel\",\"Tunable White LED Panel\"],\"articleSection\":[\"Architectural Lighting\",\"Facility Lighting\",\"Office Lighting - Licht f\u00fcr Office, Atelier und Praxis\",\"Shop Lighting - Licht f\u00fcr Shops, Stores und Ausstellungen\"],\"inLanguage\":\"de\"},{\"@type\":\"WebPage\",\"@id\":\"https:\/\/www.noserlight.ch\/home\/das-smarte-lichtfenster\/\",\"url\":\"https:\/\/www.noserlight.ch\/home\/das-smarte-lichtfenster\/\",\"name\":\"Das smarte Lichtfenster - Noserlight AG, LED Leuchten und LED Lampen, LED, Licht, Lichtplanung\",\"isPartOf\":{\"@id\":\"https:\/\/www.noserlight.ch\/home\/#website\"},\"primaryImageOfPage\":{\"@id\":\"https:\/\/www.noserlight.ch\/home\/das-smarte-lichtfenster\/#primaryimage\"},\"image\":{\"@id\":\"https:\/\/www.noserlight.ch\/home\/das-smarte-lichtfenster\/#primaryimage\"},\"thumbnailUrl\":\"https:\/\/www.noserlight.ch\/home\/wp-content\/uploads\/2023\/02\/NOSERLIGHT_LEDPanelOffice.jpg\",\"datePublished\":\"2025-06-11T21:36:09+00:00\",\"dateModified\":\"2025-07-17T22:52:27+00:00\",\"breadcrumb\":{\"@id\":\"https:\/\/www.noserlight.ch\/home\/das-smarte-lichtfenster\/#breadcrumb\"},\"inLanguage\":\"de\",\"potentialAction\":[{\"@type\":\"ReadAction\",\"target\":[\"https:\/\/www.noserlight.ch\/home\/das-smarte-lichtfenster\/\"]}]},{\"@type\":\"ImageObject\",\"inLanguage\":\"de\",\"@id\":\"https:\/\/www.noserlight.ch\/home\/das-smarte-lichtfenster\/#primaryimage\",\"url\":\"https:\/\/www.noserlight.ch\/home\/wp-content\/uploads\/2023\/02\/NOSERLIGHT_LEDPanelOffice.jpg\",\"contentUrl\":\"https:\/\/www.noserlight.ch\/home\/wp-content\/uploads\/2023\/02\/NOSERLIGHT_LEDPanelOffice.jpg\",\"width\":1960,\"height\":1000},{\"@type\":\"BreadcrumbList\",\"@id\":\"https:\/\/www.noserlight.ch\/home\/das-smarte-lichtfenster\/#breadcrumb\",\"itemListElement\":[{\"@type\":\"ListItem\",\"position\":1,\"name\":\"Startseite\",\"item\":\"https:\/\/www.noserlight.ch\/home\/\"},{\"@type\":\"ListItem\",\"position\":2,\"name\":\"Das smarte Lichtfenster\"}]},{\"@type\":\"WebSite\",\"@id\":\"https:\/\/www.noserlight.ch\/home\/#website\",\"url\":\"https:\/\/www.noserlight.ch\/home\/\",\"name\":\"Noserlight AG, LED Leuchten und LED Lampen, LED, Licht, Lichtplanung\",\"description\":\"Bruchsch Liecht? D\u00e4 Nosi h\u00e4t&#039;s!\",\"publisher\":{\"@id\":\"https:\/\/www.noserlight.ch\/home\/#organization\"},\"potentialAction\":[{\"@type\":\"SearchAction\",\"target\":{\"@type\":\"EntryPoint\",\"urlTemplate\":\"https:\/\/www.noserlight.ch\/home\/?s={search_term_string}\"},\"query-input\":{\"@type\":\"PropertyValueSpecification\",\"valueRequired\":true,\"valueName\":\"search_term_string\"}}],\"inLanguage\":\"de\"},{\"@type\":\"Organization\",\"@id\":\"https:\/\/www.noserlight.ch\/home\/#organization\",\"name\":\"Noserlight AG, LED Leuchten und LED Lampen, LED, Licht, Lichtplanung\",\"url\":\"https:\/\/www.noserlight.ch\/home\/\",\"logo\":{\"@type\":\"ImageObject\",\"inLanguage\":\"de\",\"@id\":\"https:\/\/www.noserlight.ch\/home\/#\/schema\/logo\/image\/\",\"url\":\"https:\/\/www.noserlight.ch\/home\/wp-content\/uploads\/2022\/12\/NoserlightAG_Logo_mit_Schlirgg_NEU_1-1.png\",\"contentUrl\":\"https:\/\/www.noserlight.ch\/home\/wp-content\/uploads\/2022\/12\/NoserlightAG_Logo_mit_Schlirgg_NEU_1-1.png\",\"width\":482,\"height\":121,\"caption\":\"Noserlight AG, LED Leuchten und LED Lampen, LED, Licht, Lichtplanung\"},\"image\":{\"@id\":\"https:\/\/www.noserlight.ch\/home\/#\/schema\/logo\/image\/\"},\"sameAs\":[\"https:\/\/www.facebook.com\/noserlight\/\",\"https:\/\/www.instagram.com\/noserlight\/\"]},{\"@type\":\"Person\",\"@id\":\"https:\/\/www.noserlight.ch\/home\/#\/schema\/person\/cd72adab091f0db04aef8e43d9b74611\",\"name\":\"Nosi\",\"image\":{\"@type\":\"ImageObject\",\"inLanguage\":\"de\",\"@id\":\"https:\/\/www.noserlight.ch\/home\/#\/schema\/person\/image\/\",\"url\":\"https:\/\/secure.gravatar.com\/avatar\/b18cc96158a2073e0df080a95bd309c904e62cb170d71914b5ddd7d9292afb82?s=96&d=mm&r=g\",\"contentUrl\":\"https:\/\/secure.gravatar.com\/avatar\/b18cc96158a2073e0df080a95bd309c904e62cb170d71914b5ddd7d9292afb82?s=96&d=mm&r=g\",\"caption\":\"Nosi\"},\"url\":\"https:\/\/www.noserlight.ch\/home\/author\/nosi\/\"}]}<\/script>\r\n<!-- \/ Yoast SEO plugin. -->","yoast_head_json":{"title":"Das smarte Lichtfenster - Noserlight AG, LED Leuchten und LED Lampen, LED, Licht, Lichtplanung","robots":{"index":"index","follow":"follow","max-snippet":"max-snippet:-1","max-image-preview":"max-image-preview:large","max-video-preview":"max-video-preview:-1"},"canonical":"https:\/\/www.noserlight.ch\/home\/das-smarte-lichtfenster\/","og_locale":"de_DE","og_type":"article","og_title":"Das smarte Lichtfenster - Noserlight AG, LED Leuchten und LED Lampen, LED, Licht, Lichtplanung","og_description":"Die Beleuchtung mit Led Panel sind mittlerweile in aller Munde. Unser Standard Led Panel verf\u00fcgen...","og_url":"https:\/\/www.noserlight.ch\/home\/das-smarte-lichtfenster\/","og_site_name":"Noserlight AG, LED Leuchten und LED Lampen, LED, Licht, Lichtplanung","article_publisher":"https:\/\/www.facebook.com\/noserlight\/","article_published_time":"2025-06-11T21:36:09+00:00","article_modified_time":"2025-07-17T22:52:27+00:00","og_image":[{"width":1960,"height":1000,"url":"https:\/\/www.noserlight.ch\/home\/wp-content\/uploads\/2023\/02\/NOSERLIGHT_LEDPanelOffice.jpg","type":"image\/jpeg"}],"author":"Nosi","twitter_card":"summary_large_image","twitter_misc":{"Verfasst von":"Nosi","Gesch\u00e4tzte Lesezeit":"1\u00a0Minute"},"schema":{"@context":"https:\/\/schema.org","@graph":[{"@type":"Article","@id":"https:\/\/www.noserlight.ch\/home\/das-smarte-lichtfenster\/#article","isPartOf":{"@id":"https:\/\/www.noserlight.ch\/home\/das-smarte-lichtfenster\/"},"author":{"name":"Nosi","@id":"https:\/\/www.noserlight.ch\/home\/#\/schema\/person\/cd72adab091f0db04aef8e43d9b74611"},"headline":"Das smarte Lichtfenster","datePublished":"2025-06-11T21:36:09+00:00","dateModified":"2025-07-17T22:52:27+00:00","mainEntityOfPage":{"@id":"https:\/\/www.noserlight.ch\/home\/das-smarte-lichtfenster\/"},"wordCount":137,"publisher":{"@id":"https:\/\/www.noserlight.ch\/home\/#organization"},"image":{"@id":"https:\/\/www.noserlight.ch\/home\/das-smarte-lichtfenster\/#primaryimage"},"thumbnailUrl":"https:\/\/www.noserlight.ch\/home\/wp-content\/uploads\/2023\/02\/NOSERLIGHT_LEDPanelOffice.jpg","keywords":["LED Fl\u00e4chenleuchte","LED Lampe","LED Lichtfenster","LED Panel Deckeneleuchte","LED Panel dimmbar","Smart LED Panel","Tunable White LED Panel"],"articleSection":["Architectural Lighting","Facility Lighting","Office Lighting - Licht f\u00fcr Office, Atelier und Praxis","Shop Lighting - Licht f\u00fcr Shops, Stores und Ausstellungen"],"inLanguage":"de"},{"@type":"WebPage","@id":"https:\/\/www.noserlight.ch\/home\/das-smarte-lichtfenster\/","url":"https:\/\/www.noserlight.ch\/home\/das-smarte-lichtfenster\/","name":"Das smarte Lichtfenster - Noserlight AG, LED Leuchten und LED Lampen, LED, Licht, Lichtplanung","isPartOf":{"@id":"https:\/\/www.noserlight.ch\/home\/#website"},"primaryImageOfPage":{"@id":"https:\/\/www.noserlight.ch\/home\/das-smarte-lichtfenster\/#primaryimage"},"image":{"@id":"https:\/\/www.noserlight.ch\/home\/das-smarte-lichtfenster\/#primaryimage"},"thumbnailUrl":"https:\/\/www.noserlight.ch\/home\/wp-content\/uploads\/2023\/02\/NOSERLIGHT_LEDPanelOffice.jpg","datePublished":"2025-06-11T21:36:09+00:00","dateModified":"2025-07-17T22:52:27+00:00","breadcrumb":{"@id":"https:\/\/www.noserlight.ch\/home\/das-smarte-lichtfenster\/#breadcrumb"},"inLanguage":"de","potentialAction":[{"@type":"ReadAction","target":["https:\/\/www.noserlight.ch\/home\/das-smarte-lichtfenster\/"]}]},{"@type":"ImageObject","inLanguage":"de","@id":"https:\/\/www.noserlight.ch\/home\/das-smarte-lichtfenster\/#primaryimage","url":"https:\/\/www.noserlight.ch\/home\/wp-content\/uploads\/2023\/02\/NOSERLIGHT_LEDPanelOffice.jpg","contentUrl":"https:\/\/www.noserlight.ch\/home\/wp-content\/uploads\/2023\/02\/NOSERLIGHT_LEDPanelOffice.jpg","width":1960,"height":1000},{"@type":"BreadcrumbList","@id":"https:\/\/www.noserlight.ch\/home\/das-smarte-lichtfenster\/#breadcrumb","itemListElement":[{"@type":"ListItem","position":1,"name":"Startseite","item":"https:\/\/www.noserlight.ch\/home\/"},{"@type":"ListItem","position":2,"name":"Das smarte Lichtfenster"}]},{"@type":"WebSite","@id":"https:\/\/www.noserlight.ch\/home\/#website","url":"https:\/\/www.noserlight.ch\/home\/","name":"Noserlight AG, LED Leuchten und LED Lampen, LED, Licht, Lichtplanung","description":"Bruchsch Liecht? D\u00e4 Nosi h\u00e4t&#039;s!","publisher":{"@id":"https:\/\/www.noserlight.ch\/home\/#organization"},"potentialAction":[{"@type":"SearchAction","target":{"@type":"EntryPoint","urlTemplate":"https:\/\/www.noserlight.ch\/home\/?s={search_term_string}"},"query-input":{"@type":"PropertyValueSpecification","valueRequired":true,"valueName":"search_term_string"}}],"inLanguage":"de"},{"@type":"Organization","@id":"https:\/\/www.noserlight.ch\/home\/#organization","name":"Noserlight AG, LED Leuchten und LED Lampen, LED, Licht, Lichtplanung","url":"https:\/\/www.noserlight.ch\/home\/","logo":{"@type":"ImageObject","inLanguage":"de","@id":"https:\/\/www.noserlight.ch\/home\/#\/schema\/logo\/image\/","url":"https:\/\/www.noserlight.ch\/home\/wp-content\/uploads\/2022\/12\/NoserlightAG_Logo_mit_Schlirgg_NEU_1-1.png","contentUrl":"https:\/\/www.noserlight.ch\/home\/wp-content\/uploads\/2022\/12\/NoserlightAG_Logo_mit_Schlirgg_NEU_1-1.png","width":482,"height":121,"caption":"Noserlight AG, LED Leuchten und LED Lampen, LED, Licht, Lichtplanung"},"image":{"@id":"https:\/\/www.noserlight.ch\/home\/#\/schema\/logo\/image\/"},"sameAs":["https:\/\/www.facebook.com\/noserlight\/","https:\/\/www.instagram.com\/noserlight\/"]},{"@type":"Person","@id":"https:\/\/www.noserlight.ch\/home\/#\/schema\/person\/cd72adab091f0db04aef8e43d9b74611","name":"Nosi","image":{"@type":"ImageObject","inLanguage":"de","@id":"https:\/\/www.noserlight.ch\/home\/#\/schema\/person\/image\/","url":"https:\/\/secure.gravatar.com\/avatar\/b18cc96158a2073e0df080a95bd309c904e62cb170d71914b5ddd7d9292afb82?s=96&d=mm&r=g","contentUrl":"https:\/\/secure.gravatar.com\/avatar\/b18cc96158a2073e0df080a95bd309c904e62cb170d71914b5ddd7d9292afb82?s=96&d=mm&r=g","caption":"Nosi"},"url":"https:\/\/www.noserlight.ch\/home\/author\/nosi\/"}]}},"_links":{"self":[{"href":"https:\/\/www.noserlight.ch\/home\/wp-json\/wp\/v2\/posts\/17849","targetHints":{"allow":["GET"]}}],"collection":[{"href":"https:\/\/www.noserlight.ch\/home\/wp-json\/wp\/v2\/posts"}],"about":[{"href":"https:\/\/www.noserlight.ch\/home\/wp-json\/wp\/v2\/types\/post"}],"author":[{"embeddable":true,"href":"https:\/\/www.noserlight.ch\/home\/wp-json\/wp\/v2\/users\/2"}],"replies":[{"embeddable":true,"href":"https:\/\/www.noserlight.ch\/home\/wp-json\/wp\/v2\/comments?post=17849"}],"version-history":[{"count":0,"href":"https:\/\/www.noserlight.ch\/home\/wp-json\/wp\/v2\/posts\/17849\/revisions"}],"wp:featuredmedia":[{"embeddable":true,"href":"https:\/\/www.noserlight.ch\/home\/wp-json\/wp\/v2\/media\/17962"}],"wp:attachment":[{"href":"https:\/\/www.noserlight.ch\/home\/wp-json\/wp\/v2\/media?parent=17849"}],"wp:term":[{"taxonomy":"category","embeddable":true,"href":"https:\/\/www.noserlight.ch\/home\/wp-json\/wp\/v2\/categories?post=17849"},{"taxonomy":"post_tag","embeddable":true,"href":"https:\/\/www.noserlight.ch\/home\/wp-json\/wp\/v2\/tags?post=17849"}],"curies":[{"name":"wp","href":"https:\/\/api.w.org\/{rel}","templated":true}]}}