{"id":17747,"date":"2025-05-11T18:27:13","date_gmt":"2025-05-11T16:27:13","guid":{"rendered":"https:\/\/www.noserlight.ch\/home\/?p=17747"},"modified":"2025-07-18T00:52:56","modified_gmt":"2025-07-17T22:52:56","slug":"tipps-fuer-die-private-lichtplanung","status":"publish","type":"post","link":"https:\/\/www.noserlight.ch\/home\/tipps-fuer-die-private-lichtplanung\/","title":{"rendered":"Tipps f\u00fcr die private Lichtplanung"},"content":{"rendered":"\n<p>Essen, lesen, fernsehen, arbeiten oder entspannen \u2013 das Beispiel Wohnzimmer zeigt, dass die Beleuchtung vielen W\u00fcnschen gerecht werden muss. Einleuchtend also, dass eine einzelne Leuchte keine Stimmung zaubert \u2013 und eine einzige Leuchte den vielen unterschiedlichen Anspr\u00fcchen an die Beleuchtung nicht gerecht werden kann. Jeder Raum sollte mit einem eigenen, seiner Funktion entsprechenden Lichtkonzept ausgestattet sein.<\/p>\n\n\n\n<div class=\"wp-block-qi-blocks-divider qodef-block-container qodef-block-2ab4ddc7\"><div class=\"qi-block-divider qodef-block qodef-m qodef-layout--standard qodef-position--center\"><div class=\"qodef-m-line\"><\/div><\/div><\/div>\n\n\n\n<div class=\"wp-block-qi-blocks-image-gallery qodef-block-container qodef-block-1e76f550\"><div class=\"qi-block-image-gallery qodef-block qodef-m qi-block-fslightbox-popup qodef-popup-gallery\"><div class=\"qodef-gutenberg-section qodef--columns qodef-col-num--3 qodef-responsive--predefined\"><div class=\"qodef-gutenberg-row\"><div class=\"qodef-gutenberg-column qodef-e qodef-image-wrapper\"><div class=\"qodef-gutenberg-column-inner qodef-e-inner\"><a class=\"qodef-popup-item\" href=\"https:\/\/www.noserlight.ch\/home\/wp-content\/uploads\/2023\/02\/BRUMBERG_Tischleuchten.jpg\" data-type=\"image\" data-fslightbox=\"gallery-204\"><img loading=\"lazy\" decoding=\"async\" width=\"1080\" height=\"1080\" class=\"qodef-e-image wp-image-17574\" src=\"https:\/\/www.noserlight.ch\/home\/wp-content\/uploads\/2023\/02\/BRUMBERG_Tischleuchten.jpg\" alt=\"\" srcset=\"https:\/\/www.noserlight.ch\/home\/wp-content\/uploads\/2023\/02\/BRUMBERG_Tischleuchten.jpg 1080w, https:\/\/www.noserlight.ch\/home\/wp-content\/uploads\/2023\/02\/BRUMBERG_Tischleuchten-300x300.jpg 300w, https:\/\/www.noserlight.ch\/home\/wp-content\/uploads\/2023\/02\/BRUMBERG_Tischleuchten-1024x1024.jpg 1024w, https:\/\/www.noserlight.ch\/home\/wp-content\/uploads\/2023\/02\/BRUMBERG_Tischleuchten-150x150.jpg 150w, https:\/\/www.noserlight.ch\/home\/wp-content\/uploads\/2023\/02\/BRUMBERG_Tischleuchten-768x768.jpg 768w, https:\/\/www.noserlight.ch\/home\/wp-content\/uploads\/2023\/02\/BRUMBERG_Tischleuchten-570x570.jpg 570w, https:\/\/www.noserlight.ch\/home\/wp-content\/uploads\/2023\/02\/BRUMBERG_Tischleuchten-500x500.jpg 500w, https:\/\/www.noserlight.ch\/home\/wp-content\/uploads\/2023\/02\/BRUMBERG_Tischleuchten-1000x1000.jpg 1000w, https:\/\/www.noserlight.ch\/home\/wp-content\/uploads\/2023\/02\/BRUMBERG_Tischleuchten-700x700.jpg 700w, https:\/\/www.noserlight.ch\/home\/wp-content\/uploads\/2023\/02\/BRUMBERG_Tischleuchten-650x650.jpg 650w\" sizes=\"auto, (max-width: 1080px) 100vw, 1080px\" \/><\/a><\/div><\/div><div class=\"qodef-gutenberg-column qodef-e qodef-image-wrapper\"><div class=\"qodef-gutenberg-column-inner qodef-e-inner\"><a class=\"qodef-popup-item\" href=\"https:\/\/www.noserlight.ch\/home\/wp-content\/uploads\/2023\/01\/LEDLichtWohnzimmerjpg.jpg\" data-type=\"image\" data-fslightbox=\"gallery-204\"><img loading=\"lazy\" decoding=\"async\" width=\"1080\" height=\"1080\" class=\"qodef-e-image wp-image-16766\" src=\"https:\/\/www.noserlight.ch\/home\/wp-content\/uploads\/2023\/01\/LEDLichtWohnzimmerjpg.jpg\" alt=\"\" srcset=\"https:\/\/www.noserlight.ch\/home\/wp-content\/uploads\/2023\/01\/LEDLichtWohnzimmerjpg.jpg 1080w, https:\/\/www.noserlight.ch\/home\/wp-content\/uploads\/2023\/01\/LEDLichtWohnzimmerjpg-300x300.jpg 300w, https:\/\/www.noserlight.ch\/home\/wp-content\/uploads\/2023\/01\/LEDLichtWohnzimmerjpg-1024x1024.jpg 1024w, https:\/\/www.noserlight.ch\/home\/wp-content\/uploads\/2023\/01\/LEDLichtWohnzimmerjpg-150x150.jpg 150w, https:\/\/www.noserlight.ch\/home\/wp-content\/uploads\/2023\/01\/LEDLichtWohnzimmerjpg-768x768.jpg 768w, https:\/\/www.noserlight.ch\/home\/wp-content\/uploads\/2023\/01\/LEDLichtWohnzimmerjpg-570x570.jpg 570w, https:\/\/www.noserlight.ch\/home\/wp-content\/uploads\/2023\/01\/LEDLichtWohnzimmerjpg-500x500.jpg 500w, https:\/\/www.noserlight.ch\/home\/wp-content\/uploads\/2023\/01\/LEDLichtWohnzimmerjpg-1000x1000.jpg 1000w, https:\/\/www.noserlight.ch\/home\/wp-content\/uploads\/2023\/01\/LEDLichtWohnzimmerjpg-700x700.jpg 700w, https:\/\/www.noserlight.ch\/home\/wp-content\/uploads\/2023\/01\/LEDLichtWohnzimmerjpg-650x650.jpg 650w\" sizes=\"auto, (max-width: 1080px) 100vw, 1080px\" \/><\/a><\/div><\/div><div class=\"qodef-gutenberg-column qodef-e qodef-image-wrapper\"><div class=\"qodef-gutenberg-column-inner qodef-e-inner\"><a class=\"qodef-popup-item\" href=\"https:\/\/www.noserlight.ch\/home\/wp-content\/uploads\/2023\/01\/LEDLichtplanungWohnen-e1674757226433.jpg\" data-type=\"image\" data-fslightbox=\"gallery-204\"><img decoding=\"async\" class=\"qodef-e-image wp-image-16711\" src=\"https:\/\/www.noserlight.ch\/home\/wp-content\/uploads\/2023\/01\/LEDLichtplanungWohnen-e1674757226433.jpg\" alt=\"\"\/><\/a><\/div><\/div><\/div><\/div><\/div><\/div>\n\n\n\n<div class=\"wp-block-columns is-layout-flex wp-container-core-columns-is-layout-9d6595d7 wp-block-columns-is-layout-flex\">\n<div class=\"wp-block-column is-layout-flow wp-block-column-is-layout-flow\"><\/div>\n<\/div>\n\n\n\n<h3 class=\"wp-block-heading\"><strong>Licht gliedert R\u00e4ume<\/strong><\/h3>\n\n\n\n<div style=\"height:20px\" aria-hidden=\"true\" class=\"wp-block-spacer\"><\/div>\n\n\n\n<p>Beleuchtung gliedert R\u00e4ume und lenkt den Blick der Betrachter. Lichtplanung beginnt deshalb immer mit der Frage: Wie viel Licht wird zu welchem Zweck an welchem Platz gebraucht? Wenn diese Fragen beantwortet sind, werden je nach Beleuchtungsaufgabe geeignete Leuchten und Systeme ausgew\u00e4hlt.<\/p>\n\n\n\n<div class=\"wp-block-qi-blocks-image-gallery qodef-block-container qodef-block-c74f98af\"><div class=\"qi-block-image-gallery qodef-block qodef-m qi-block-fslightbox-popup qodef-popup-gallery\"><div class=\"qodef-gutenberg-section qodef--columns qodef-col-num--3 qodef-responsive--predefined\"><div class=\"qodef-gutenberg-row\"><div class=\"qodef-gutenberg-column qodef-e qodef-image-wrapper\"><div class=\"qodef-gutenberg-column-inner qodef-e-inner\"><a class=\"qodef-popup-item\" href=\"https:\/\/www.noserlight.ch\/home\/wp-content\/uploads\/2023\/02\/NOSERLIGHT_LEDBeleuchtungWohnenEssen.jpg\" data-type=\"image\" data-fslightbox=\"gallery-204\"><img loading=\"lazy\" decoding=\"async\" width=\"1080\" height=\"1080\" class=\"qodef-e-image wp-image-17786\" src=\"https:\/\/www.noserlight.ch\/home\/wp-content\/uploads\/2023\/02\/NOSERLIGHT_LEDBeleuchtungWohnenEssen.jpg\" alt=\"\" srcset=\"https:\/\/www.noserlight.ch\/home\/wp-content\/uploads\/2023\/02\/NOSERLIGHT_LEDBeleuchtungWohnenEssen.jpg 1080w, https:\/\/www.noserlight.ch\/home\/wp-content\/uploads\/2023\/02\/NOSERLIGHT_LEDBeleuchtungWohnenEssen-300x300.jpg 300w, https:\/\/www.noserlight.ch\/home\/wp-content\/uploads\/2023\/02\/NOSERLIGHT_LEDBeleuchtungWohnenEssen-1024x1024.jpg 1024w, https:\/\/www.noserlight.ch\/home\/wp-content\/uploads\/2023\/02\/NOSERLIGHT_LEDBeleuchtungWohnenEssen-150x150.jpg 150w, https:\/\/www.noserlight.ch\/home\/wp-content\/uploads\/2023\/02\/NOSERLIGHT_LEDBeleuchtungWohnenEssen-768x768.jpg 768w, https:\/\/www.noserlight.ch\/home\/wp-content\/uploads\/2023\/02\/NOSERLIGHT_LEDBeleuchtungWohnenEssen-570x570.jpg 570w, https:\/\/www.noserlight.ch\/home\/wp-content\/uploads\/2023\/02\/NOSERLIGHT_LEDBeleuchtungWohnenEssen-500x500.jpg 500w, https:\/\/www.noserlight.ch\/home\/wp-content\/uploads\/2023\/02\/NOSERLIGHT_LEDBeleuchtungWohnenEssen-1000x1000.jpg 1000w, https:\/\/www.noserlight.ch\/home\/wp-content\/uploads\/2023\/02\/NOSERLIGHT_LEDBeleuchtungWohnenEssen-700x700.jpg 700w, https:\/\/www.noserlight.ch\/home\/wp-content\/uploads\/2023\/02\/NOSERLIGHT_LEDBeleuchtungWohnenEssen-650x650.jpg 650w\" sizes=\"auto, (max-width: 1080px) 100vw, 1080px\" \/><\/a><\/div><\/div><div class=\"qodef-gutenberg-column qodef-e qodef-image-wrapper\"><div class=\"qodef-gutenberg-column-inner qodef-e-inner\"><a class=\"qodef-popup-item\" href=\"https:\/\/www.noserlight.ch\/home\/wp-content\/uploads\/2023\/02\/NOSERLIGHT_LEDLichtRaugliederung.jpg\" data-type=\"image\" data-fslightbox=\"gallery-204\"><img loading=\"lazy\" decoding=\"async\" width=\"1080\" height=\"1080\" class=\"qodef-e-image wp-image-17798\" src=\"https:\/\/www.noserlight.ch\/home\/wp-content\/uploads\/2023\/02\/NOSERLIGHT_LEDLichtRaugliederung.jpg\" alt=\"\" srcset=\"https:\/\/www.noserlight.ch\/home\/wp-content\/uploads\/2023\/02\/NOSERLIGHT_LEDLichtRaugliederung.jpg 1080w, https:\/\/www.noserlight.ch\/home\/wp-content\/uploads\/2023\/02\/NOSERLIGHT_LEDLichtRaugliederung-300x300.jpg 300w, https:\/\/www.noserlight.ch\/home\/wp-content\/uploads\/2023\/02\/NOSERLIGHT_LEDLichtRaugliederung-1024x1024.jpg 1024w, https:\/\/www.noserlight.ch\/home\/wp-content\/uploads\/2023\/02\/NOSERLIGHT_LEDLichtRaugliederung-150x150.jpg 150w, https:\/\/www.noserlight.ch\/home\/wp-content\/uploads\/2023\/02\/NOSERLIGHT_LEDLichtRaugliederung-768x768.jpg 768w, https:\/\/www.noserlight.ch\/home\/wp-content\/uploads\/2023\/02\/NOSERLIGHT_LEDLichtRaugliederung-570x570.jpg 570w, https:\/\/www.noserlight.ch\/home\/wp-content\/uploads\/2023\/02\/NOSERLIGHT_LEDLichtRaugliederung-500x500.jpg 500w, https:\/\/www.noserlight.ch\/home\/wp-content\/uploads\/2023\/02\/NOSERLIGHT_LEDLichtRaugliederung-1000x1000.jpg 1000w, https:\/\/www.noserlight.ch\/home\/wp-content\/uploads\/2023\/02\/NOSERLIGHT_LEDLichtRaugliederung-700x700.jpg 700w, https:\/\/www.noserlight.ch\/home\/wp-content\/uploads\/2023\/02\/NOSERLIGHT_LEDLichtRaugliederung-650x650.jpg 650w\" sizes=\"auto, (max-width: 1080px) 100vw, 1080px\" \/><\/a><\/div><\/div><div class=\"qodef-gutenberg-column qodef-e qodef-image-wrapper\"><div class=\"qodef-gutenberg-column-inner qodef-e-inner\"><a class=\"qodef-popup-item\" href=\"https:\/\/www.noserlight.ch\/home\/wp-content\/uploads\/2023\/02\/NOSERLIGHT_LEDGrundbeleuchtungBad.jpg\" data-type=\"image\" data-fslightbox=\"gallery-204\"><img loading=\"lazy\" decoding=\"async\" width=\"1080\" height=\"1080\" class=\"qodef-e-image wp-image-17774\" src=\"https:\/\/www.noserlight.ch\/home\/wp-content\/uploads\/2023\/02\/NOSERLIGHT_LEDGrundbeleuchtungBad.jpg\" alt=\"\" srcset=\"https:\/\/www.noserlight.ch\/home\/wp-content\/uploads\/2023\/02\/NOSERLIGHT_LEDGrundbeleuchtungBad.jpg 1080w, https:\/\/www.noserlight.ch\/home\/wp-content\/uploads\/2023\/02\/NOSERLIGHT_LEDGrundbeleuchtungBad-300x300.jpg 300w, https:\/\/www.noserlight.ch\/home\/wp-content\/uploads\/2023\/02\/NOSERLIGHT_LEDGrundbeleuchtungBad-1024x1024.jpg 1024w, https:\/\/www.noserlight.ch\/home\/wp-content\/uploads\/2023\/02\/NOSERLIGHT_LEDGrundbeleuchtungBad-150x150.jpg 150w, https:\/\/www.noserlight.ch\/home\/wp-content\/uploads\/2023\/02\/NOSERLIGHT_LEDGrundbeleuchtungBad-768x768.jpg 768w, https:\/\/www.noserlight.ch\/home\/wp-content\/uploads\/2023\/02\/NOSERLIGHT_LEDGrundbeleuchtungBad-570x570.jpg 570w, https:\/\/www.noserlight.ch\/home\/wp-content\/uploads\/2023\/02\/NOSERLIGHT_LEDGrundbeleuchtungBad-500x500.jpg 500w, https:\/\/www.noserlight.ch\/home\/wp-content\/uploads\/2023\/02\/NOSERLIGHT_LEDGrundbeleuchtungBad-1000x1000.jpg 1000w, https:\/\/www.noserlight.ch\/home\/wp-content\/uploads\/2023\/02\/NOSERLIGHT_LEDGrundbeleuchtungBad-700x700.jpg 700w, https:\/\/www.noserlight.ch\/home\/wp-content\/uploads\/2023\/02\/NOSERLIGHT_LEDGrundbeleuchtungBad-650x650.jpg 650w\" sizes=\"auto, (max-width: 1080px) 100vw, 1080px\" \/><\/a><\/div><\/div><\/div><\/div><\/div><\/div>\n\n\n\n<div class=\"wp-block-columns is-layout-flex wp-container-core-columns-is-layout-9d6595d7 wp-block-columns-is-layout-flex\">\n<div class=\"wp-block-column is-layout-flow wp-block-column-is-layout-flow\"><\/div>\n<\/div>\n\n\n\n<p>In den einzelnen Raumzonen wird das Licht zur Grund- oder Akzentbeleuchtung eingesetzt, dient der Orientierung und betont sch\u00f6ne Details der Architektur. Grundvoraussetzung f\u00fcr gute Sehleistung ist immer eine gute Beleuchtungsqualit\u00e4t mit m\u00f6glichst wenig Blendung. Gutes Licht h\u00e4ngt also nicht allein vom Design der gew\u00e4hlten Leuchte ab, sondern ebenso von ihrer Platzierung im Raum und der gew\u00fcnschten Lichtmenge.<\/p>\n\n\n\n<div class=\"wp-block-qi-blocks-image-gallery qodef-block-container qodef-block-47fa09ed\"><div class=\"qi-block-image-gallery qodef-block qodef-m qi-block-fslightbox-popup qodef-popup-gallery\"><div class=\"qodef-gutenberg-section qodef--columns qodef-col-num--3 qodef-responsive--predefined\"><div class=\"qodef-gutenberg-row\"><div class=\"qodef-gutenberg-column qodef-e qodef-image-wrapper\"><div class=\"qodef-gutenberg-column-inner qodef-e-inner\"><a class=\"qodef-popup-item\" href=\"https:\/\/www.noserlight.ch\/home\/wp-content\/uploads\/2023\/02\/FORLIGHT_Wandleuchte_Keop.jpg\" data-type=\"image\" data-fslightbox=\"gallery-204\"><img loading=\"lazy\" decoding=\"async\" width=\"1080\" height=\"1080\" class=\"qodef-e-image wp-image-17678\" src=\"https:\/\/www.noserlight.ch\/home\/wp-content\/uploads\/2023\/02\/FORLIGHT_Wandleuchte_Keop.jpg\" alt=\"\" srcset=\"https:\/\/www.noserlight.ch\/home\/wp-content\/uploads\/2023\/02\/FORLIGHT_Wandleuchte_Keop.jpg 1080w, https:\/\/www.noserlight.ch\/home\/wp-content\/uploads\/2023\/02\/FORLIGHT_Wandleuchte_Keop-300x300.jpg 300w, https:\/\/www.noserlight.ch\/home\/wp-content\/uploads\/2023\/02\/FORLIGHT_Wandleuchte_Keop-1024x1024.jpg 1024w, https:\/\/www.noserlight.ch\/home\/wp-content\/uploads\/2023\/02\/FORLIGHT_Wandleuchte_Keop-150x150.jpg 150w, https:\/\/www.noserlight.ch\/home\/wp-content\/uploads\/2023\/02\/FORLIGHT_Wandleuchte_Keop-768x768.jpg 768w, https:\/\/www.noserlight.ch\/home\/wp-content\/uploads\/2023\/02\/FORLIGHT_Wandleuchte_Keop-570x570.jpg 570w, https:\/\/www.noserlight.ch\/home\/wp-content\/uploads\/2023\/02\/FORLIGHT_Wandleuchte_Keop-500x500.jpg 500w, https:\/\/www.noserlight.ch\/home\/wp-content\/uploads\/2023\/02\/FORLIGHT_Wandleuchte_Keop-1000x1000.jpg 1000w, https:\/\/www.noserlight.ch\/home\/wp-content\/uploads\/2023\/02\/FORLIGHT_Wandleuchte_Keop-700x700.jpg 700w, https:\/\/www.noserlight.ch\/home\/wp-content\/uploads\/2023\/02\/FORLIGHT_Wandleuchte_Keop-650x650.jpg 650w\" sizes=\"auto, (max-width: 1080px) 100vw, 1080px\" \/><\/a><\/div><\/div><div class=\"qodef-gutenberg-column qodef-e qodef-image-wrapper\"><div class=\"qodef-gutenberg-column-inner qodef-e-inner\"><a class=\"qodef-popup-item\" href=\"https:\/\/www.noserlight.ch\/home\/wp-content\/uploads\/2023\/02\/FORLIGHT_Deckenspot_Era.jpg\" data-type=\"image\" data-fslightbox=\"gallery-204\"><img loading=\"lazy\" decoding=\"async\" width=\"1080\" height=\"1080\" class=\"qodef-e-image wp-image-17634\" src=\"https:\/\/www.noserlight.ch\/home\/wp-content\/uploads\/2023\/02\/FORLIGHT_Deckenspot_Era.jpg\" alt=\"\" srcset=\"https:\/\/www.noserlight.ch\/home\/wp-content\/uploads\/2023\/02\/FORLIGHT_Deckenspot_Era.jpg 1080w, https:\/\/www.noserlight.ch\/home\/wp-content\/uploads\/2023\/02\/FORLIGHT_Deckenspot_Era-300x300.jpg 300w, https:\/\/www.noserlight.ch\/home\/wp-content\/uploads\/2023\/02\/FORLIGHT_Deckenspot_Era-1024x1024.jpg 1024w, https:\/\/www.noserlight.ch\/home\/wp-content\/uploads\/2023\/02\/FORLIGHT_Deckenspot_Era-150x150.jpg 150w, https:\/\/www.noserlight.ch\/home\/wp-content\/uploads\/2023\/02\/FORLIGHT_Deckenspot_Era-768x768.jpg 768w, https:\/\/www.noserlight.ch\/home\/wp-content\/uploads\/2023\/02\/FORLIGHT_Deckenspot_Era-570x570.jpg 570w, https:\/\/www.noserlight.ch\/home\/wp-content\/uploads\/2023\/02\/FORLIGHT_Deckenspot_Era-500x500.jpg 500w, https:\/\/www.noserlight.ch\/home\/wp-content\/uploads\/2023\/02\/FORLIGHT_Deckenspot_Era-1000x1000.jpg 1000w, https:\/\/www.noserlight.ch\/home\/wp-content\/uploads\/2023\/02\/FORLIGHT_Deckenspot_Era-700x700.jpg 700w, https:\/\/www.noserlight.ch\/home\/wp-content\/uploads\/2023\/02\/FORLIGHT_Deckenspot_Era-650x650.jpg 650w\" sizes=\"auto, (max-width: 1080px) 100vw, 1080px\" \/><\/a><\/div><\/div><div class=\"qodef-gutenberg-column qodef-e qodef-image-wrapper\"><div class=\"qodef-gutenberg-column-inner qodef-e-inner\"><a class=\"qodef-popup-item\" href=\"https:\/\/www.noserlight.ch\/home\/wp-content\/uploads\/2023\/02\/ROTALIANA_SquigglePendantKitchen.jpg\" data-type=\"image\" data-fslightbox=\"gallery-204\"><img loading=\"lazy\" decoding=\"async\" width=\"1080\" height=\"1080\" class=\"qodef-e-image wp-image-17486\" src=\"https:\/\/www.noserlight.ch\/home\/wp-content\/uploads\/2023\/02\/ROTALIANA_SquigglePendantKitchen.jpg\" alt=\"\" srcset=\"https:\/\/www.noserlight.ch\/home\/wp-content\/uploads\/2023\/02\/ROTALIANA_SquigglePendantKitchen.jpg 1080w, https:\/\/www.noserlight.ch\/home\/wp-content\/uploads\/2023\/02\/ROTALIANA_SquigglePendantKitchen-300x300.jpg 300w, https:\/\/www.noserlight.ch\/home\/wp-content\/uploads\/2023\/02\/ROTALIANA_SquigglePendantKitchen-1024x1024.jpg 1024w, https:\/\/www.noserlight.ch\/home\/wp-content\/uploads\/2023\/02\/ROTALIANA_SquigglePendantKitchen-150x150.jpg 150w, https:\/\/www.noserlight.ch\/home\/wp-content\/uploads\/2023\/02\/ROTALIANA_SquigglePendantKitchen-768x768.jpg 768w, https:\/\/www.noserlight.ch\/home\/wp-content\/uploads\/2023\/02\/ROTALIANA_SquigglePendantKitchen-570x570.jpg 570w, https:\/\/www.noserlight.ch\/home\/wp-content\/uploads\/2023\/02\/ROTALIANA_SquigglePendantKitchen-500x500.jpg 500w, https:\/\/www.noserlight.ch\/home\/wp-content\/uploads\/2023\/02\/ROTALIANA_SquigglePendantKitchen-1000x1000.jpg 1000w, https:\/\/www.noserlight.ch\/home\/wp-content\/uploads\/2023\/02\/ROTALIANA_SquigglePendantKitchen-700x700.jpg 700w, https:\/\/www.noserlight.ch\/home\/wp-content\/uploads\/2023\/02\/ROTALIANA_SquigglePendantKitchen-650x650.jpg 650w\" sizes=\"auto, (max-width: 1080px) 100vw, 1080px\" \/><\/a><\/div><\/div><\/div><\/div><\/div><\/div>\n\n\n\n<div style=\"height:20px\" aria-hidden=\"true\" class=\"wp-block-spacer\"><\/div>\n\n\n\n<div class=\"wp-block-qi-blocks-divider qodef-block-container qodef-block-df9cd41a\"><div class=\"qi-block-divider qodef-block qodef-m qodef-layout--standard qodef-position--center\"><div class=\"qodef-m-line\"><\/div><\/div><\/div>\n\n\n\n<div style=\"height:20px\" aria-hidden=\"true\" class=\"wp-block-spacer\"><\/div>\n\n\n\n<div class=\"wp-block-columns is-layout-flex wp-container-core-columns-is-layout-9d6595d7 wp-block-columns-is-layout-flex\">\n<div class=\"wp-block-column is-layout-flow wp-block-column-is-layout-flow\"><\/div>\n<\/div>\n\n\n\n<h3 class=\"wp-block-heading\">Beleuchtung hat drei Funktionen:<\/h3>\n\n\n\n<div style=\"height:20px\" aria-hidden=\"true\" class=\"wp-block-spacer\"><\/div>\n\n\n\n<p>Eine gute Beleuchtung ber\u00fccksichtigt unterschiedliche Raumzonen und erf\u00fcllt drei Hauptaufgaben:<\/p>\n\n\n\n<p><\/p>\n\n\n\n<p><strong>Die Grundbeleuchtung, <\/strong>auch Allgemeinbeleuchtung oder in Innenr\u00e4umen &#8222;Raumlicht&#8220; genannt, dient der Orientierung.<\/p>\n\n\n\n<p><strong>Das Zonenlicht<\/strong> (auch Platzbeleuchtung gennant) erhellt einzelne Bereiche.<\/p>\n\n\n\n<p><strong>Das Stimmungslicht <\/strong>setzt Highlights und Akzente.<\/p>\n\n\n\n<div style=\"height:20px\" aria-hidden=\"true\" class=\"wp-block-spacer\"><\/div>\n\n\n\n<div class=\"wp-block-qi-blocks-image-gallery qodef-block-container qodef-block-28bf9ca0\"><div class=\"qi-block-image-gallery qodef-block qodef-m qi-block-fslightbox-popup qodef-popup-gallery\"><div class=\"qodef-gutenberg-section qodef--columns qodef-col-num--3 qodef-responsive--predefined\"><div class=\"qodef-gutenberg-row\"><div class=\"qodef-gutenberg-column qodef-e qodef-image-wrapper\"><div class=\"qodef-gutenberg-column-inner qodef-e-inner\"><a class=\"qodef-popup-item\" href=\"https:\/\/www.noserlight.ch\/home\/wp-content\/uploads\/2023\/02\/NOSERLIGHT_LEDBeleuchtungBad.jpg\" data-type=\"image\" data-fslightbox=\"gallery-204\"><img loading=\"lazy\" decoding=\"async\" width=\"1080\" height=\"1080\" class=\"qodef-e-image wp-image-17770\" src=\"https:\/\/www.noserlight.ch\/home\/wp-content\/uploads\/2023\/02\/NOSERLIGHT_LEDBeleuchtungBad.jpg\" alt=\"\" srcset=\"https:\/\/www.noserlight.ch\/home\/wp-content\/uploads\/2023\/02\/NOSERLIGHT_LEDBeleuchtungBad.jpg 1080w, https:\/\/www.noserlight.ch\/home\/wp-content\/uploads\/2023\/02\/NOSERLIGHT_LEDBeleuchtungBad-300x300.jpg 300w, https:\/\/www.noserlight.ch\/home\/wp-content\/uploads\/2023\/02\/NOSERLIGHT_LEDBeleuchtungBad-1024x1024.jpg 1024w, https:\/\/www.noserlight.ch\/home\/wp-content\/uploads\/2023\/02\/NOSERLIGHT_LEDBeleuchtungBad-150x150.jpg 150w, https:\/\/www.noserlight.ch\/home\/wp-content\/uploads\/2023\/02\/NOSERLIGHT_LEDBeleuchtungBad-768x768.jpg 768w, https:\/\/www.noserlight.ch\/home\/wp-content\/uploads\/2023\/02\/NOSERLIGHT_LEDBeleuchtungBad-570x570.jpg 570w, https:\/\/www.noserlight.ch\/home\/wp-content\/uploads\/2023\/02\/NOSERLIGHT_LEDBeleuchtungBad-500x500.jpg 500w, https:\/\/www.noserlight.ch\/home\/wp-content\/uploads\/2023\/02\/NOSERLIGHT_LEDBeleuchtungBad-1000x1000.jpg 1000w, https:\/\/www.noserlight.ch\/home\/wp-content\/uploads\/2023\/02\/NOSERLIGHT_LEDBeleuchtungBad-700x700.jpg 700w, https:\/\/www.noserlight.ch\/home\/wp-content\/uploads\/2023\/02\/NOSERLIGHT_LEDBeleuchtungBad-650x650.jpg 650w\" sizes=\"auto, (max-width: 1080px) 100vw, 1080px\" \/><\/a><\/div><\/div><div class=\"qodef-gutenberg-column qodef-e qodef-image-wrapper\"><div class=\"qodef-gutenberg-column-inner qodef-e-inner\"><a class=\"qodef-popup-item\" href=\"https:\/\/www.noserlight.ch\/home\/wp-content\/uploads\/2023\/02\/NOSERLIGHT_LEDZonenlichtWohnen.jpg\" data-type=\"image\" data-fslightbox=\"gallery-204\"><img loading=\"lazy\" decoding=\"async\" width=\"1080\" height=\"1080\" class=\"qodef-e-image wp-image-17806\" src=\"https:\/\/www.noserlight.ch\/home\/wp-content\/uploads\/2023\/02\/NOSERLIGHT_LEDZonenlichtWohnen.jpg\" alt=\"\" srcset=\"https:\/\/www.noserlight.ch\/home\/wp-content\/uploads\/2023\/02\/NOSERLIGHT_LEDZonenlichtWohnen.jpg 1080w, https:\/\/www.noserlight.ch\/home\/wp-content\/uploads\/2023\/02\/NOSERLIGHT_LEDZonenlichtWohnen-300x300.jpg 300w, https:\/\/www.noserlight.ch\/home\/wp-content\/uploads\/2023\/02\/NOSERLIGHT_LEDZonenlichtWohnen-1024x1024.jpg 1024w, https:\/\/www.noserlight.ch\/home\/wp-content\/uploads\/2023\/02\/NOSERLIGHT_LEDZonenlichtWohnen-150x150.jpg 150w, https:\/\/www.noserlight.ch\/home\/wp-content\/uploads\/2023\/02\/NOSERLIGHT_LEDZonenlichtWohnen-768x768.jpg 768w, https:\/\/www.noserlight.ch\/home\/wp-content\/uploads\/2023\/02\/NOSERLIGHT_LEDZonenlichtWohnen-570x570.jpg 570w, https:\/\/www.noserlight.ch\/home\/wp-content\/uploads\/2023\/02\/NOSERLIGHT_LEDZonenlichtWohnen-500x500.jpg 500w, https:\/\/www.noserlight.ch\/home\/wp-content\/uploads\/2023\/02\/NOSERLIGHT_LEDZonenlichtWohnen-1000x1000.jpg 1000w, https:\/\/www.noserlight.ch\/home\/wp-content\/uploads\/2023\/02\/NOSERLIGHT_LEDZonenlichtWohnen-700x700.jpg 700w, https:\/\/www.noserlight.ch\/home\/wp-content\/uploads\/2023\/02\/NOSERLIGHT_LEDZonenlichtWohnen-650x650.jpg 650w\" sizes=\"auto, (max-width: 1080px) 100vw, 1080px\" \/><\/a><\/div><\/div><div class=\"qodef-gutenberg-column qodef-e qodef-image-wrapper\"><div class=\"qodef-gutenberg-column-inner qodef-e-inner\"><a class=\"qodef-popup-item\" href=\"https:\/\/www.noserlight.ch\/home\/wp-content\/uploads\/2023\/02\/NOSERLIGHT_LEDAkzentbeleuchtung.jpg\" data-type=\"image\" data-fslightbox=\"gallery-204\"><img loading=\"lazy\" decoding=\"async\" width=\"1080\" height=\"1080\" class=\"qodef-e-image wp-image-17762\" src=\"https:\/\/www.noserlight.ch\/home\/wp-content\/uploads\/2023\/02\/NOSERLIGHT_LEDAkzentbeleuchtung.jpg\" alt=\"\" srcset=\"https:\/\/www.noserlight.ch\/home\/wp-content\/uploads\/2023\/02\/NOSERLIGHT_LEDAkzentbeleuchtung.jpg 1080w, https:\/\/www.noserlight.ch\/home\/wp-content\/uploads\/2023\/02\/NOSERLIGHT_LEDAkzentbeleuchtung-300x300.jpg 300w, https:\/\/www.noserlight.ch\/home\/wp-content\/uploads\/2023\/02\/NOSERLIGHT_LEDAkzentbeleuchtung-1024x1024.jpg 1024w, https:\/\/www.noserlight.ch\/home\/wp-content\/uploads\/2023\/02\/NOSERLIGHT_LEDAkzentbeleuchtung-150x150.jpg 150w, https:\/\/www.noserlight.ch\/home\/wp-content\/uploads\/2023\/02\/NOSERLIGHT_LEDAkzentbeleuchtung-768x768.jpg 768w, https:\/\/www.noserlight.ch\/home\/wp-content\/uploads\/2023\/02\/NOSERLIGHT_LEDAkzentbeleuchtung-570x570.jpg 570w, https:\/\/www.noserlight.ch\/home\/wp-content\/uploads\/2023\/02\/NOSERLIGHT_LEDAkzentbeleuchtung-500x500.jpg 500w, https:\/\/www.noserlight.ch\/home\/wp-content\/uploads\/2023\/02\/NOSERLIGHT_LEDAkzentbeleuchtung-1000x1000.jpg 1000w, https:\/\/www.noserlight.ch\/home\/wp-content\/uploads\/2023\/02\/NOSERLIGHT_LEDAkzentbeleuchtung-700x700.jpg 700w, https:\/\/www.noserlight.ch\/home\/wp-content\/uploads\/2023\/02\/NOSERLIGHT_LEDAkzentbeleuchtung-650x650.jpg 650w\" sizes=\"auto, (max-width: 1080px) 100vw, 1080px\" \/><\/a><\/div><\/div><\/div><\/div><\/div><\/div>\n\n\n\n<div style=\"height:20px\" aria-hidden=\"true\" class=\"wp-block-spacer\"><\/div>\n\n\n\n<div class=\"wp-block-qi-blocks-divider qodef-block-container qodef-block-dc61801e\"><div class=\"qi-block-divider qodef-block qodef-m qodef-layout--standard qodef-position--center\"><div class=\"qodef-m-line\"><\/div><\/div><\/div>\n\n\n\n<div style=\"height:20px\" aria-hidden=\"true\" class=\"wp-block-spacer\"><\/div>\n\n\n\n<div class=\"wp-block-columns is-layout-flex wp-container-core-columns-is-layout-9d6595d7 wp-block-columns-is-layout-flex\">\n<div class=\"wp-block-column is-layout-flow wp-block-column-is-layout-flow\"><\/div>\n<\/div>\n\n\n\n<h3 class=\"wp-block-heading\">Grundbeleuchtung<\/h3>\n\n\n\n<div style=\"height:20px\" aria-hidden=\"true\" class=\"wp-block-spacer\"><\/div>\n\n\n\n<p>Im Aussenbereich weist sie den Weg zum Haus, im Haus erhellt sie Treppen und G\u00e4nge und gibt Licht f\u00fcr den ganzen Wohnraum. Die Grundbeleuchtung dient also haupts\u00e4chlich der Orientierung und Grundausleuchtung. Am besten w\u00e4hlt man hier Leuchten die ihr Licht entweder nach oben zur Decke ab oder verteilen es gleichm\u00e4\u00dfig nach allen Seiten. Dimmbares Licht ist optimal, es kann ganz nach Bedarf geregelt werden \u2013 vom behaglichen Kuschellicht bis zum hellen Putz- oder Arbeitslicht.<\/p>\n\n\n\n<p><\/p>\n\n\n\n<div class=\"wp-block-qi-blocks-image-gallery qodef-block-container qodef-block-6a3b3d66\"><div class=\"qi-block-image-gallery qodef-block qodef-m qi-block-fslightbox-popup qodef-popup-gallery\"><div class=\"qodef-gutenberg-section qodef--columns qodef-col-num--3 qodef-responsive--predefined\"><div class=\"qodef-gutenberg-row\"><div class=\"qodef-gutenberg-column qodef-e qodef-image-wrapper\"><div class=\"qodef-gutenberg-column-inner qodef-e-inner\"><a class=\"qodef-popup-item\" href=\"https:\/\/www.noserlight.ch\/home\/wp-content\/uploads\/2023\/02\/NOSERLIGHT_LEDZonenlichtAussen.jpg\" data-type=\"image\" data-fslightbox=\"gallery-204\"><img loading=\"lazy\" decoding=\"async\" width=\"1080\" height=\"1080\" class=\"qodef-e-image wp-image-17810\" src=\"https:\/\/www.noserlight.ch\/home\/wp-content\/uploads\/2023\/02\/NOSERLIGHT_LEDZonenlichtAussen.jpg\" alt=\"\" srcset=\"https:\/\/www.noserlight.ch\/home\/wp-content\/uploads\/2023\/02\/NOSERLIGHT_LEDZonenlichtAussen.jpg 1080w, https:\/\/www.noserlight.ch\/home\/wp-content\/uploads\/2023\/02\/NOSERLIGHT_LEDZonenlichtAussen-300x300.jpg 300w, https:\/\/www.noserlight.ch\/home\/wp-content\/uploads\/2023\/02\/NOSERLIGHT_LEDZonenlichtAussen-1024x1024.jpg 1024w, https:\/\/www.noserlight.ch\/home\/wp-content\/uploads\/2023\/02\/NOSERLIGHT_LEDZonenlichtAussen-150x150.jpg 150w, https:\/\/www.noserlight.ch\/home\/wp-content\/uploads\/2023\/02\/NOSERLIGHT_LEDZonenlichtAussen-768x768.jpg 768w, https:\/\/www.noserlight.ch\/home\/wp-content\/uploads\/2023\/02\/NOSERLIGHT_LEDZonenlichtAussen-570x570.jpg 570w, https:\/\/www.noserlight.ch\/home\/wp-content\/uploads\/2023\/02\/NOSERLIGHT_LEDZonenlichtAussen-500x500.jpg 500w, https:\/\/www.noserlight.ch\/home\/wp-content\/uploads\/2023\/02\/NOSERLIGHT_LEDZonenlichtAussen-1000x1000.jpg 1000w, https:\/\/www.noserlight.ch\/home\/wp-content\/uploads\/2023\/02\/NOSERLIGHT_LEDZonenlichtAussen-700x700.jpg 700w, https:\/\/www.noserlight.ch\/home\/wp-content\/uploads\/2023\/02\/NOSERLIGHT_LEDZonenlichtAussen-650x650.jpg 650w\" sizes=\"auto, (max-width: 1080px) 100vw, 1080px\" \/><\/a><\/div><\/div><div class=\"qodef-gutenberg-column qodef-e qodef-image-wrapper\"><div class=\"qodef-gutenberg-column-inner qodef-e-inner\"><a class=\"qodef-popup-item\" href=\"https:\/\/www.noserlight.ch\/home\/wp-content\/uploads\/2023\/01\/OLIGO_Kelveen.jpg\" data-type=\"image\" data-fslightbox=\"gallery-204\"><img loading=\"lazy\" decoding=\"async\" width=\"1080\" height=\"1080\" class=\"qodef-e-image wp-image-16887\" src=\"https:\/\/www.noserlight.ch\/home\/wp-content\/uploads\/2023\/01\/OLIGO_Kelveen.jpg\" alt=\"\" srcset=\"https:\/\/www.noserlight.ch\/home\/wp-content\/uploads\/2023\/01\/OLIGO_Kelveen.jpg 1080w, https:\/\/www.noserlight.ch\/home\/wp-content\/uploads\/2023\/01\/OLIGO_Kelveen-300x300.jpg 300w, https:\/\/www.noserlight.ch\/home\/wp-content\/uploads\/2023\/01\/OLIGO_Kelveen-1024x1024.jpg 1024w, https:\/\/www.noserlight.ch\/home\/wp-content\/uploads\/2023\/01\/OLIGO_Kelveen-150x150.jpg 150w, https:\/\/www.noserlight.ch\/home\/wp-content\/uploads\/2023\/01\/OLIGO_Kelveen-768x768.jpg 768w, https:\/\/www.noserlight.ch\/home\/wp-content\/uploads\/2023\/01\/OLIGO_Kelveen-570x570.jpg 570w, https:\/\/www.noserlight.ch\/home\/wp-content\/uploads\/2023\/01\/OLIGO_Kelveen-500x500.jpg 500w, https:\/\/www.noserlight.ch\/home\/wp-content\/uploads\/2023\/01\/OLIGO_Kelveen-1000x1000.jpg 1000w, https:\/\/www.noserlight.ch\/home\/wp-content\/uploads\/2023\/01\/OLIGO_Kelveen-700x700.jpg 700w, https:\/\/www.noserlight.ch\/home\/wp-content\/uploads\/2023\/01\/OLIGO_Kelveen-650x650.jpg 650w\" sizes=\"auto, (max-width: 1080px) 100vw, 1080px\" \/><\/a><\/div><\/div><div class=\"qodef-gutenberg-column qodef-e qodef-image-wrapper\"><div class=\"qodef-gutenberg-column-inner qodef-e-inner\"><a class=\"qodef-popup-item\" href=\"https:\/\/www.noserlight.ch\/home\/wp-content\/uploads\/2023\/02\/NOSERLIGHT_Grundbeleuchtung.jpg\" data-type=\"image\" data-fslightbox=\"gallery-204\"><img loading=\"lazy\" decoding=\"async\" width=\"1080\" height=\"1080\" class=\"qodef-e-image wp-image-17822\" src=\"https:\/\/www.noserlight.ch\/home\/wp-content\/uploads\/2023\/02\/NOSERLIGHT_Grundbeleuchtung.jpg\" alt=\"\" srcset=\"https:\/\/www.noserlight.ch\/home\/wp-content\/uploads\/2023\/02\/NOSERLIGHT_Grundbeleuchtung.jpg 1080w, https:\/\/www.noserlight.ch\/home\/wp-content\/uploads\/2023\/02\/NOSERLIGHT_Grundbeleuchtung-300x300.jpg 300w, https:\/\/www.noserlight.ch\/home\/wp-content\/uploads\/2023\/02\/NOSERLIGHT_Grundbeleuchtung-1024x1024.jpg 1024w, https:\/\/www.noserlight.ch\/home\/wp-content\/uploads\/2023\/02\/NOSERLIGHT_Grundbeleuchtung-150x150.jpg 150w, https:\/\/www.noserlight.ch\/home\/wp-content\/uploads\/2023\/02\/NOSERLIGHT_Grundbeleuchtung-768x768.jpg 768w, https:\/\/www.noserlight.ch\/home\/wp-content\/uploads\/2023\/02\/NOSERLIGHT_Grundbeleuchtung-570x570.jpg 570w, https:\/\/www.noserlight.ch\/home\/wp-content\/uploads\/2023\/02\/NOSERLIGHT_Grundbeleuchtung-500x500.jpg 500w, https:\/\/www.noserlight.ch\/home\/wp-content\/uploads\/2023\/02\/NOSERLIGHT_Grundbeleuchtung-1000x1000.jpg 1000w, https:\/\/www.noserlight.ch\/home\/wp-content\/uploads\/2023\/02\/NOSERLIGHT_Grundbeleuchtung-700x700.jpg 700w, https:\/\/www.noserlight.ch\/home\/wp-content\/uploads\/2023\/02\/NOSERLIGHT_Grundbeleuchtung-650x650.jpg 650w\" sizes=\"auto, (max-width: 1080px) 100vw, 1080px\" \/><\/a><\/div><\/div><\/div><\/div><\/div><\/div>\n\n\n\n<div style=\"height:20px\" aria-hidden=\"true\" class=\"wp-block-spacer\"><\/div>\n\n\n\n<p>Auch dienen dimmbare Grundbeleuchtungen dazu, starke Helligkeitsunterschiede auszugleichen. Der Ausgleich von Helligkeitsunterschieden sch\u00fctzt die Augen vor Erm\u00fcdung, z.B. beim Fernsehen oder beim Lesen, und sorgt gleichzeitig f\u00fcr eine behagliche Atmosph\u00e4re<\/p>\n\n\n\n<div style=\"height:20px\" aria-hidden=\"true\" class=\"wp-block-spacer\"><\/div>\n\n\n\n<div class=\"wp-block-qi-blocks-divider qodef-block-container qodef-block-0ac53db1\"><div class=\"qi-block-divider qodef-block qodef-m qodef-layout--standard qodef-position--center\"><div class=\"qodef-m-line\"><\/div><\/div><\/div>\n\n\n\n<div class=\"wp-block-columns is-layout-flex wp-container-core-columns-is-layout-9d6595d7 wp-block-columns-is-layout-flex\">\n<div class=\"wp-block-column is-layout-flow wp-block-column-is-layout-flow\"><\/div>\n<\/div>\n\n\n\n<h3 class=\"wp-block-heading\">Zonenlicht \u2013 das Licht f\u00fcr\u2019s Auge<\/h3>\n\n\n\n<div style=\"height:20px\" aria-hidden=\"true\" class=\"wp-block-spacer\"><\/div>\n\n\n\n<p>Zonenlicht (auch Platzbeleuchtung genannt) bringt Licht dorthin, wo es f\u00fcr Sehaufgaben gebraucht wird. Zonenlicht konzentriert sich auf spezielle T\u00e4tigkeiten und Funktionen, wie z.B. Licht f\u00fcr den Esstisch, in der K\u00fcche, den privaten Arbeitsplatz oder f\u00fcr die Leseecke.<\/p>\n\n\n\n<p>Deswegen wird die Platzbeleuchtung mit gerichtetem, akzentuierendem Licht umgesetzt. Dazu eignen sich zum Beispiel Spots, die ihr Licht nach unten oder an die Wand richten, oder der Klassiker: am Esstisch eine Pendelleuchte.<\/p>\n\n\n\n<div style=\"height:20px\" aria-hidden=\"true\" class=\"wp-block-spacer\"><\/div>\n\n\n\n<div class=\"wp-block-qi-blocks-image-gallery qodef-block-container qodef-block-f7345863\"><div class=\"qi-block-image-gallery qodef-block qodef-m qi-block-fslightbox-popup qodef-popup-gallery\"><div class=\"qodef-gutenberg-section qodef--columns qodef-col-num--3 qodef-responsive--predefined\"><div class=\"qodef-gutenberg-row\"><div class=\"qodef-gutenberg-column qodef-e qodef-image-wrapper\"><div class=\"qodef-gutenberg-column-inner qodef-e-inner\"><a class=\"qodef-popup-item\" href=\"https:\/\/www.noserlight.ch\/home\/wp-content\/uploads\/2023\/02\/ROTALIANA_DrinkPendant.jpg\" data-type=\"image\" data-fslightbox=\"gallery-204\"><img loading=\"lazy\" decoding=\"async\" width=\"1080\" height=\"1080\" class=\"qodef-e-image wp-image-17474\" src=\"https:\/\/www.noserlight.ch\/home\/wp-content\/uploads\/2023\/02\/ROTALIANA_DrinkPendant.jpg\" alt=\"\" srcset=\"https:\/\/www.noserlight.ch\/home\/wp-content\/uploads\/2023\/02\/ROTALIANA_DrinkPendant.jpg 1080w, https:\/\/www.noserlight.ch\/home\/wp-content\/uploads\/2023\/02\/ROTALIANA_DrinkPendant-300x300.jpg 300w, https:\/\/www.noserlight.ch\/home\/wp-content\/uploads\/2023\/02\/ROTALIANA_DrinkPendant-1024x1024.jpg 1024w, https:\/\/www.noserlight.ch\/home\/wp-content\/uploads\/2023\/02\/ROTALIANA_DrinkPendant-150x150.jpg 150w, https:\/\/www.noserlight.ch\/home\/wp-content\/uploads\/2023\/02\/ROTALIANA_DrinkPendant-768x768.jpg 768w, https:\/\/www.noserlight.ch\/home\/wp-content\/uploads\/2023\/02\/ROTALIANA_DrinkPendant-570x570.jpg 570w, https:\/\/www.noserlight.ch\/home\/wp-content\/uploads\/2023\/02\/ROTALIANA_DrinkPendant-500x500.jpg 500w, https:\/\/www.noserlight.ch\/home\/wp-content\/uploads\/2023\/02\/ROTALIANA_DrinkPendant-1000x1000.jpg 1000w, https:\/\/www.noserlight.ch\/home\/wp-content\/uploads\/2023\/02\/ROTALIANA_DrinkPendant-700x700.jpg 700w, https:\/\/www.noserlight.ch\/home\/wp-content\/uploads\/2023\/02\/ROTALIANA_DrinkPendant-650x650.jpg 650w\" sizes=\"auto, (max-width: 1080px) 100vw, 1080px\" \/><\/a><\/div><\/div><div class=\"qodef-gutenberg-column qodef-e qodef-image-wrapper\"><div class=\"qodef-gutenberg-column-inner qodef-e-inner\"><a class=\"qodef-popup-item\" href=\"https:\/\/www.noserlight.ch\/home\/wp-content\/uploads\/2023\/01\/OLIGO_Rio_SmartTrack.jpg\" data-type=\"image\" data-fslightbox=\"gallery-204\"><img loading=\"lazy\" decoding=\"async\" width=\"1080\" height=\"1080\" class=\"qodef-e-image wp-image-16895\" src=\"https:\/\/www.noserlight.ch\/home\/wp-content\/uploads\/2023\/01\/OLIGO_Rio_SmartTrack.jpg\" alt=\"\" srcset=\"https:\/\/www.noserlight.ch\/home\/wp-content\/uploads\/2023\/01\/OLIGO_Rio_SmartTrack.jpg 1080w, https:\/\/www.noserlight.ch\/home\/wp-content\/uploads\/2023\/01\/OLIGO_Rio_SmartTrack-300x300.jpg 300w, https:\/\/www.noserlight.ch\/home\/wp-content\/uploads\/2023\/01\/OLIGO_Rio_SmartTrack-1024x1024.jpg 1024w, https:\/\/www.noserlight.ch\/home\/wp-content\/uploads\/2023\/01\/OLIGO_Rio_SmartTrack-150x150.jpg 150w, https:\/\/www.noserlight.ch\/home\/wp-content\/uploads\/2023\/01\/OLIGO_Rio_SmartTrack-768x768.jpg 768w, https:\/\/www.noserlight.ch\/home\/wp-content\/uploads\/2023\/01\/OLIGO_Rio_SmartTrack-570x570.jpg 570w, https:\/\/www.noserlight.ch\/home\/wp-content\/uploads\/2023\/01\/OLIGO_Rio_SmartTrack-500x500.jpg 500w, https:\/\/www.noserlight.ch\/home\/wp-content\/uploads\/2023\/01\/OLIGO_Rio_SmartTrack-1000x1000.jpg 1000w, https:\/\/www.noserlight.ch\/home\/wp-content\/uploads\/2023\/01\/OLIGO_Rio_SmartTrack-700x700.jpg 700w, https:\/\/www.noserlight.ch\/home\/wp-content\/uploads\/2023\/01\/OLIGO_Rio_SmartTrack-650x650.jpg 650w\" sizes=\"auto, (max-width: 1080px) 100vw, 1080px\" \/><\/a><\/div><\/div><div class=\"qodef-gutenberg-column qodef-e qodef-image-wrapper\"><div class=\"qodef-gutenberg-column-inner qodef-e-inner\"><a class=\"qodef-popup-item\" href=\"https:\/\/www.noserlight.ch\/home\/wp-content\/uploads\/2023\/02\/ROTALIANA_SquigglePendantOfficejpg.jpg\" data-type=\"image\" data-fslightbox=\"gallery-204\"><img loading=\"lazy\" decoding=\"async\" width=\"1080\" height=\"1080\" class=\"qodef-e-image wp-image-17490\" src=\"https:\/\/www.noserlight.ch\/home\/wp-content\/uploads\/2023\/02\/ROTALIANA_SquigglePendantOfficejpg.jpg\" alt=\"\" srcset=\"https:\/\/www.noserlight.ch\/home\/wp-content\/uploads\/2023\/02\/ROTALIANA_SquigglePendantOfficejpg.jpg 1080w, https:\/\/www.noserlight.ch\/home\/wp-content\/uploads\/2023\/02\/ROTALIANA_SquigglePendantOfficejpg-300x300.jpg 300w, https:\/\/www.noserlight.ch\/home\/wp-content\/uploads\/2023\/02\/ROTALIANA_SquigglePendantOfficejpg-1024x1024.jpg 1024w, https:\/\/www.noserlight.ch\/home\/wp-content\/uploads\/2023\/02\/ROTALIANA_SquigglePendantOfficejpg-150x150.jpg 150w, https:\/\/www.noserlight.ch\/home\/wp-content\/uploads\/2023\/02\/ROTALIANA_SquigglePendantOfficejpg-768x768.jpg 768w, https:\/\/www.noserlight.ch\/home\/wp-content\/uploads\/2023\/02\/ROTALIANA_SquigglePendantOfficejpg-570x570.jpg 570w, https:\/\/www.noserlight.ch\/home\/wp-content\/uploads\/2023\/02\/ROTALIANA_SquigglePendantOfficejpg-500x500.jpg 500w, https:\/\/www.noserlight.ch\/home\/wp-content\/uploads\/2023\/02\/ROTALIANA_SquigglePendantOfficejpg-1000x1000.jpg 1000w, https:\/\/www.noserlight.ch\/home\/wp-content\/uploads\/2023\/02\/ROTALIANA_SquigglePendantOfficejpg-700x700.jpg 700w, https:\/\/www.noserlight.ch\/home\/wp-content\/uploads\/2023\/02\/ROTALIANA_SquigglePendantOfficejpg-650x650.jpg 650w\" sizes=\"auto, (max-width: 1080px) 100vw, 1080px\" \/><\/a><\/div><\/div><\/div><\/div><\/div><\/div>\n\n\n\n<div style=\"height:20px\" aria-hidden=\"true\" class=\"wp-block-spacer\"><\/div>\n\n\n\n<div class=\"wp-block-qi-blocks-divider qodef-block-container qodef-block-a9a1668a\"><div class=\"qi-block-divider qodef-block qodef-m qodef-layout--standard qodef-position--center\"><div class=\"qodef-m-line\"><\/div><\/div><\/div>\n\n\n\n<div class=\"wp-block-columns is-layout-flex wp-container-core-columns-is-layout-9d6595d7 wp-block-columns-is-layout-flex\">\n<div class=\"wp-block-column is-layout-flow wp-block-column-is-layout-flow\"><\/div>\n<\/div>\n\n\n\n<h3 class=\"wp-block-heading\">Atmosph\u00e4re mit Stimmungslicht<\/h3>\n\n\n\n<div style=\"height:20px\" aria-hidden=\"true\" class=\"wp-block-spacer\"><\/div>\n\n\n\n<p>F\u00fcr die Raum-Atmosph\u00e4re ist Stimmungslicht das Zaubermittel. Es inszeniert den Raum, taucht ganze W\u00e4nde in sanfte Farben und r\u00fcckt Bilder ins rechte Licht. Stimmungslichter glimmen auch als Einbauleuchten aus dem Boden oder leuchten sanft aus Tischleuchten auf beispielsweise der Kommode.<\/p>\n\n\n\n<div style=\"height:20px\" aria-hidden=\"true\" class=\"wp-block-spacer\"><\/div>\n\n\n\n<div class=\"wp-block-qi-blocks-image-gallery qodef-block-container qodef-block-dc6a5bb1\"><div class=\"qi-block-image-gallery qodef-block qodef-m qi-block-fslightbox-popup qodef-popup-gallery\"><div class=\"qodef-gutenberg-section qodef--columns qodef-col-num--3 qodef-responsive--predefined\"><div class=\"qodef-gutenberg-row\"><div class=\"qodef-gutenberg-column qodef-e qodef-image-wrapper\"><div class=\"qodef-gutenberg-column-inner qodef-e-inner\"><a class=\"qodef-popup-item\" href=\"https:\/\/www.noserlight.ch\/home\/wp-content\/uploads\/2023\/02\/EGLO_Rost_Tischleuchte.jpg\" data-type=\"image\" data-fslightbox=\"gallery-204\"><img loading=\"lazy\" decoding=\"async\" width=\"1080\" height=\"1080\" class=\"qodef-e-image wp-image-17722\" src=\"https:\/\/www.noserlight.ch\/home\/wp-content\/uploads\/2023\/02\/EGLO_Rost_Tischleuchte.jpg\" alt=\"\" srcset=\"https:\/\/www.noserlight.ch\/home\/wp-content\/uploads\/2023\/02\/EGLO_Rost_Tischleuchte.jpg 1080w, https:\/\/www.noserlight.ch\/home\/wp-content\/uploads\/2023\/02\/EGLO_Rost_Tischleuchte-300x300.jpg 300w, https:\/\/www.noserlight.ch\/home\/wp-content\/uploads\/2023\/02\/EGLO_Rost_Tischleuchte-1024x1024.jpg 1024w, https:\/\/www.noserlight.ch\/home\/wp-content\/uploads\/2023\/02\/EGLO_Rost_Tischleuchte-150x150.jpg 150w, https:\/\/www.noserlight.ch\/home\/wp-content\/uploads\/2023\/02\/EGLO_Rost_Tischleuchte-768x768.jpg 768w, https:\/\/www.noserlight.ch\/home\/wp-content\/uploads\/2023\/02\/EGLO_Rost_Tischleuchte-570x570.jpg 570w, https:\/\/www.noserlight.ch\/home\/wp-content\/uploads\/2023\/02\/EGLO_Rost_Tischleuchte-500x500.jpg 500w, https:\/\/www.noserlight.ch\/home\/wp-content\/uploads\/2023\/02\/EGLO_Rost_Tischleuchte-1000x1000.jpg 1000w, https:\/\/www.noserlight.ch\/home\/wp-content\/uploads\/2023\/02\/EGLO_Rost_Tischleuchte-700x700.jpg 700w, https:\/\/www.noserlight.ch\/home\/wp-content\/uploads\/2023\/02\/EGLO_Rost_Tischleuchte-650x650.jpg 650w\" sizes=\"auto, (max-width: 1080px) 100vw, 1080px\" \/><\/a><\/div><\/div><div class=\"qodef-gutenberg-column qodef-e qodef-image-wrapper\"><div class=\"qodef-gutenberg-column-inner qodef-e-inner\"><a class=\"qodef-popup-item\" href=\"https:\/\/www.noserlight.ch\/home\/wp-content\/uploads\/2023\/02\/ROTALIANA_TickWallblk.jpg\" data-type=\"image\" data-fslightbox=\"gallery-204\"><img loading=\"lazy\" decoding=\"async\" width=\"1080\" height=\"1080\" class=\"qodef-e-image wp-image-17434\" src=\"https:\/\/www.noserlight.ch\/home\/wp-content\/uploads\/2023\/02\/ROTALIANA_TickWallblk.jpg\" alt=\"\" srcset=\"https:\/\/www.noserlight.ch\/home\/wp-content\/uploads\/2023\/02\/ROTALIANA_TickWallblk.jpg 1080w, https:\/\/www.noserlight.ch\/home\/wp-content\/uploads\/2023\/02\/ROTALIANA_TickWallblk-300x300.jpg 300w, https:\/\/www.noserlight.ch\/home\/wp-content\/uploads\/2023\/02\/ROTALIANA_TickWallblk-1024x1024.jpg 1024w, https:\/\/www.noserlight.ch\/home\/wp-content\/uploads\/2023\/02\/ROTALIANA_TickWallblk-150x150.jpg 150w, https:\/\/www.noserlight.ch\/home\/wp-content\/uploads\/2023\/02\/ROTALIANA_TickWallblk-768x768.jpg 768w, https:\/\/www.noserlight.ch\/home\/wp-content\/uploads\/2023\/02\/ROTALIANA_TickWallblk-570x570.jpg 570w, https:\/\/www.noserlight.ch\/home\/wp-content\/uploads\/2023\/02\/ROTALIANA_TickWallblk-500x500.jpg 500w, https:\/\/www.noserlight.ch\/home\/wp-content\/uploads\/2023\/02\/ROTALIANA_TickWallblk-1000x1000.jpg 1000w, https:\/\/www.noserlight.ch\/home\/wp-content\/uploads\/2023\/02\/ROTALIANA_TickWallblk-700x700.jpg 700w, https:\/\/www.noserlight.ch\/home\/wp-content\/uploads\/2023\/02\/ROTALIANA_TickWallblk-650x650.jpg 650w\" sizes=\"auto, (max-width: 1080px) 100vw, 1080px\" \/><\/a><\/div><\/div><div class=\"qodef-gutenberg-column qodef-e qodef-image-wrapper\"><div class=\"qodef-gutenberg-column-inner qodef-e-inner\"><a class=\"qodef-popup-item\" href=\"https:\/\/www.noserlight.ch\/home\/wp-content\/uploads\/2023\/01\/OLIGO_TrofeoFamilySchlafen.jpg\" data-type=\"image\" data-fslightbox=\"gallery-204\"><img loading=\"lazy\" decoding=\"async\" width=\"1080\" height=\"1080\" class=\"qodef-e-image wp-image-16860\" src=\"https:\/\/www.noserlight.ch\/home\/wp-content\/uploads\/2023\/01\/OLIGO_TrofeoFamilySchlafen.jpg\" alt=\"\" srcset=\"https:\/\/www.noserlight.ch\/home\/wp-content\/uploads\/2023\/01\/OLIGO_TrofeoFamilySchlafen.jpg 1080w, https:\/\/www.noserlight.ch\/home\/wp-content\/uploads\/2023\/01\/OLIGO_TrofeoFamilySchlafen-300x300.jpg 300w, https:\/\/www.noserlight.ch\/home\/wp-content\/uploads\/2023\/01\/OLIGO_TrofeoFamilySchlafen-1024x1024.jpg 1024w, https:\/\/www.noserlight.ch\/home\/wp-content\/uploads\/2023\/01\/OLIGO_TrofeoFamilySchlafen-150x150.jpg 150w, https:\/\/www.noserlight.ch\/home\/wp-content\/uploads\/2023\/01\/OLIGO_TrofeoFamilySchlafen-768x768.jpg 768w, https:\/\/www.noserlight.ch\/home\/wp-content\/uploads\/2023\/01\/OLIGO_TrofeoFamilySchlafen-570x570.jpg 570w, https:\/\/www.noserlight.ch\/home\/wp-content\/uploads\/2023\/01\/OLIGO_TrofeoFamilySchlafen-500x500.jpg 500w, https:\/\/www.noserlight.ch\/home\/wp-content\/uploads\/2023\/01\/OLIGO_TrofeoFamilySchlafen-1000x1000.jpg 1000w, https:\/\/www.noserlight.ch\/home\/wp-content\/uploads\/2023\/01\/OLIGO_TrofeoFamilySchlafen-700x700.jpg 700w, https:\/\/www.noserlight.ch\/home\/wp-content\/uploads\/2023\/01\/OLIGO_TrofeoFamilySchlafen-650x650.jpg 650w\" sizes=\"auto, (max-width: 1080px) 100vw, 1080px\" \/><\/a><\/div><\/div><\/div><\/div><\/div><\/div>\n\n\n\n<div style=\"height:20px\" aria-hidden=\"true\" class=\"wp-block-spacer\"><\/div>\n\n\n\n<div class=\"wp-block-qi-blocks-divider qodef-block-container qodef-block-a40c1359\"><div class=\"qi-block-divider qodef-block qodef-m qodef-layout--standard qodef-position--center\"><div class=\"qodef-m-line\"><\/div><\/div><\/div>\n\n\n\n<div class=\"wp-block-columns is-layout-flex wp-container-core-columns-is-layout-9d6595d7 wp-block-columns-is-layout-flex\">\n<div class=\"wp-block-column is-layout-flow wp-block-column-is-layout-flow\">\n<h2 class=\"wp-block-heading\">Aktuell \/ Social Media<\/h2>\n<\/div>\n<\/div>\n\n\n\n<div style=\"height:20px\" aria-hidden=\"true\" class=\"wp-block-spacer\"><\/div>\n\n\n        <div\n            class=\"spotlight-instagram-feed\"\n            data-feed-var=\"9b12301d\"\n            data-analytics=\"1\"\n            data-instance=\"17747\"\n        >\n        <\/div>\n        <input type=\"hidden\" id=\"sli__f__9b12301d\" data-json='{&quot;useCase&quot;:&quot;accounts&quot;,&quot;template&quot;:&quot;gallery&quot;,&quot;layout&quot;:&quot;grid&quot;,&quot;numColumns&quot;:{&quot;desktop&quot;:3,&quot;tablet&quot;:3,&quot;phone&quot;:3},&quot;highlightFreq&quot;:{&quot;desktop&quot;:7},&quot;sliderNumScrollPosts&quot;:{&quot;desktop&quot;:1},&quot;sliderInfinite&quot;:true,&quot;sliderLoop&quot;:false,&quot;sliderArrowPos&quot;:{&quot;desktop&quot;:&quot;inside&quot;},&quot;sliderArrowSize&quot;:{&quot;desktop&quot;:20},&quot;sliderArrowColor&quot;:{&quot;r&quot;:255,&quot;b&quot;:255,&quot;g&quot;:255,&quot;a&quot;:1},&quot;sliderArrowBgColor&quot;:{&quot;r&quot;:0,&quot;b&quot;:0,&quot;g&quot;:0,&quot;a&quot;:0.8000000000000000444089209850062616169452667236328125},&quot;sliderAutoScroll&quot;:false,&quot;sliderAutoInterval&quot;:3,&quot;postOrder&quot;:&quot;date_desc&quot;,&quot;numPosts&quot;:{&quot;desktop&quot;:6,&quot;tablet&quot;:9,&quot;phone&quot;:9},&quot;linkBehavior&quot;:{&quot;desktop&quot;:&quot;new_tab&quot;},&quot;feedWidth&quot;:{&quot;desktop&quot;:0},&quot;feedHeight&quot;:{&quot;desktop&quot;:&quot;&quot;},&quot;feedPadding&quot;:{&quot;desktop&quot;:0,&quot;tablet&quot;:0,&quot;phone&quot;:0},&quot;imgPadding&quot;:{&quot;desktop&quot;:7,&quot;tablet&quot;:7,&quot;phone&quot;:6},&quot;ratio&quot;:&quot;classic&quot;,&quot;textSize&quot;:{&quot;desktop&quot;:&quot;&quot;,&quot;tablet&quot;:&quot;&quot;,&quot;phone&quot;:&quot;&quot;},&quot;bgColor&quot;:{&quot;r&quot;:255,&quot;g&quot;:255,&quot;b&quot;:255,&quot;a&quot;:0},&quot;hoverInfo&quot;:[&quot;likes_comments&quot;,&quot;insta_link&quot;],&quot;textColorHover&quot;:{&quot;r&quot;:255,&quot;g&quot;:255,&quot;b&quot;:255,&quot;a&quot;:1},&quot;bgColorHover&quot;:{&quot;r&quot;:0,&quot;g&quot;:0,&quot;b&quot;:0,&quot;a&quot;:0.5},&quot;showHeader&quot;:{&quot;desktop&quot;:false},&quot;headerInfo&quot;:{&quot;desktop&quot;:[&quot;profile_pic&quot;,&quot;bio&quot;],&quot;phone&quot;:[&quot;profile_pic&quot;,&quot;bio&quot;]},&quot;headerAccount&quot;:5,&quot;headerStyle&quot;:{&quot;desktop&quot;:&quot;normal&quot;,&quot;phone&quot;:&quot;centered&quot;},&quot;headerTextSize&quot;:{&quot;desktop&quot;:&quot;&quot;},&quot;headerPhotoSize&quot;:{&quot;desktop&quot;:50},&quot;headerTextColor&quot;:{&quot;r&quot;:0,&quot;g&quot;:0,&quot;b&quot;:0,&quot;a&quot;:1},&quot;headerBgColor&quot;:{&quot;r&quot;:255,&quot;g&quot;:255,&quot;b&quot;:255,&quot;a&quot;:1},&quot;headerPadding&quot;:{&quot;desktop&quot;:2},&quot;customProfilePic&quot;:0,&quot;customBioText&quot;:&quot;&quot;,&quot;includeStories&quot;:false,&quot;storiesInterval&quot;:5,&quot;showCaptions&quot;:{&quot;desktop&quot;:false,&quot;tablet&quot;:false,&quot;phone&quot;:false},&quot;captionMaxLength&quot;:{&quot;desktop&quot;:0},&quot;captionRemoveDots&quot;:false,&quot;captionSize&quot;:{&quot;desktop&quot;:0},&quot;captionColor&quot;:{&quot;r&quot;:0,&quot;g&quot;:0,&quot;b&quot;:0,&quot;a&quot;:1},&quot;showLikes&quot;:{&quot;desktop&quot;:false},&quot;showComments&quot;:{&quot;desktop&quot;:false},&quot;lcIconSize&quot;:{&quot;desktop&quot;:14},&quot;likesIconColor&quot;:{&quot;r&quot;:0,&quot;g&quot;:0,&quot;b&quot;:0,&quot;a&quot;:1},&quot;commentsIconColor&quot;:{&quot;r&quot;:0,&quot;g&quot;:0,&quot;b&quot;:0,&quot;a&quot;:1},&quot;lightboxShowSidebar&quot;:false,&quot;lightboxCtaStyle&quot;:&quot;link&quot;,&quot;lightboxCtaDesign&quot;:{&quot;text&quot;:{&quot;color&quot;:{&quot;r&quot;:0,&quot;g&quot;:0,&quot;b&quot;:0,&quot;a&quot;:1},&quot;align&quot;:&quot;center&quot;},&quot;bgColor&quot;:{&quot;r&quot;:230,&quot;g&quot;:230,&quot;b&quot;:230,&quot;a&quot;:1},&quot;border&quot;:{&quot;radius&quot;:3}},&quot;numLightboxComments&quot;:50,&quot;showLoadMoreBtn&quot;:{&quot;desktop&quot;:true},&quot;loadMoreBtnDesign&quot;:{&quot;text&quot;:{&quot;color&quot;:{&quot;r&quot;:255,&quot;g&quot;:255,&quot;b&quot;:0,&quot;a&quot;:1},&quot;align&quot;:&quot;center&quot;},&quot;border&quot;:{&quot;radius&quot;:10},&quot;bgColor&quot;:{&quot;r&quot;:0,&quot;g&quot;:0,&quot;b&quot;:0,&quot;a&quot;:1},&quot;margin&quot;:{&quot;top&quot;:0,&quot;bottom&quot;:0,&quot;left&quot;:0,&quot;right&quot;:0}},&quot;loadMoreBtnText&quot;:&quot;Load more&quot;,&quot;loadMoreBtnScroll&quot;:true,&quot;autoload&quot;:false,&quot;showFollowBtn&quot;:{&quot;desktop&quot;:true,&quot;phone&quot;:false,&quot;tablet&quot;:false},&quot;followBtnText&quot;:&quot;Follow us&quot;,&quot;followBtnDesign&quot;:{&quot;text&quot;:{&quot;color&quot;:{&quot;r&quot;:0,&quot;g&quot;:0,&quot;b&quot;:0,&quot;a&quot;:1},&quot;align&quot;:&quot;center&quot;},&quot;border&quot;:{&quot;radius&quot;:1},&quot;bgColor&quot;:{&quot;r&quot;:255,&quot;g&quot;:255,&quot;b&quot;:0,&quot;a&quot;:1},&quot;margin&quot;:{&quot;top&quot;:0,&quot;bottom&quot;:0,&quot;left&quot;:0,&quot;right&quot;:0}},&quot;followBtnLocation&quot;:{&quot;desktop&quot;:&quot;header&quot;,&quot;phone&quot;:&quot;bottom&quot;},&quot;alignFooterButtons&quot;:{&quot;desktop&quot;:true},&quot;customCss&quot;:&quot;\\\/* Enter your custom CSS below *\\\/\\n\\n&quot;,&quot;accounts&quot;:[28981],&quot;tagged&quot;:[],&quot;hashtags&quot;:[],&quot;mediaType&quot;:&quot;all&quot;,&quot;hashtagWhitelist&quot;:[],&quot;hashtagBlacklist&quot;:[],&quot;captionWhitelist&quot;:[],&quot;captionBlacklist&quot;:[],&quot;hashtagWhitelistSettings&quot;:true,&quot;hashtagBlacklistSettings&quot;:true,&quot;captionWhitelistSettings&quot;:true,&quot;captionBlacklistSettings&quot;:true,&quot;moderation&quot;:[],&quot;moderationMode&quot;:&quot;blacklist&quot;,&quot;promosVersion&quot;:2,&quot;promosEnabled&quot;:true,&quot;globalPromosEnabled&quot;:true,&quot;autoPromosEnabled&quot;:true,&quot;promoOverrides&quot;:[],&quot;feedPromo&quot;:{&quot;linkSource&quot;:{&quot;type&quot;:null},&quot;linkBehavior&quot;:{&quot;openNewTab&quot;:false,&quot;showPopupBox&quot;:false},&quot;linkText&quot;:&quot;&quot;},&quot;gaCampaignSource&quot;:&quot;&quot;,&quot;gaCampaignMedium&quot;:&quot;&quot;,&quot;gaCampaignName&quot;:&quot;&quot;,&quot;className&quot;:&quot;&quot;}' \/>\n        <input type=\"hidden\" id=\"sli__a__9b12301d\" data-json='[{&quot;id&quot;:28981,&quot;type&quot;:&quot;PERSONAL&quot;,&quot;userId&quot;:&quot;9015409761892929&quot;,&quot;username&quot;:&quot;noserlight&quot;,&quot;bio&quot;:&quot;&quot;,&quot;customBio&quot;:&quot;\\&quot;Bruchsch Liecht?\\&quot;\\ud83d\\udca1\\n\\nLightstyle. Sustainability. Knowhow.\\n\\&quot;D\\u00e4 Nosi h\\u00e4t&#039;s!\\&quot;\\n\\n\\ud83c\\udf0d Online\\n\\ud83d\\udc41 &gt;300m2 Walk-in Ausstellung &amp; Store \\ud83d\\udecd\\n.\\n\\ud83d\\udc47\\ud83d\\udc47\\ud83d\\udc47\\ud83d\\udc47\\ud83d\\udc47\\nOttenbacherstr. 25, Affoltern am Albis, Switzerland 8909&quot;,&quot;profilePicUrl&quot;:&quot;&quot;,&quot;customProfilePicUrl&quot;:&quot;https:\\\/\\\/www.noserlight.ch\\\/home\\\/wp-content\\\/uploads\\\/2025\\\/05\\\/NoserlightIGLogo.jpg&quot;,&quot;mediaCount&quot;:&quot;231&quot;,&quot;followersCount&quot;:&quot;0&quot;,&quot;usages&quot;:[],&quot;creationDate&quot;:&quot;2025-08-11 09:04:49&quot;}]' \/>\n        <input type=\"hidden\" id=\"sli__m__9b12301d\" data-json='[]' \/>\n        \n\n\n<div style=\"height:20px\" aria-hidden=\"true\" class=\"wp-block-spacer\"><\/div>\n\n\n\n<div class=\"wp-block-columns is-layout-flex wp-container-core-columns-is-layout-9d6595d7 wp-block-columns-is-layout-flex\">\n<div class=\"wp-block-column is-layout-flow wp-block-column-is-layout-flow\">\n<div style=\"height:20px\" aria-hidden=\"true\" class=\"wp-block-spacer\"><\/div>\n<\/div>\n<\/div>\n\n\n\n<div class=\"wp-block-qi-blocks-divider qodef-block-container qodef-block-8f3c1e50\"><div class=\"qi-block-divider qodef-block qodef-m qodef-layout--standard qodef-position--center\"><div class=\"qodef-m-line\"><\/div><\/div><\/div>\n\n\n\n<div style=\"height:20px\" aria-hidden=\"true\" class=\"wp-block-spacer\"><\/div>\n\n\n\n<h2 class=\"wp-block-heading\">Mehr aus unserem Blog<\/h2>\n\n\n\n<div style=\"height:20px\" aria-hidden=\"true\" class=\"wp-block-spacer\"><\/div>\n\n\n<div  class=\"qodef-block-container qodef-block-e7adc0bf\" >\n\t<div class=\"qi-block-blog-list qodef-block qodef-m wp-block-qi-blocks-blog-list qodef-info-no-icons qodef-image--hover-zoom qodef-item-layout--boxed qodef-gutenberg-section qodef--columns qodef-col-num--3 qodef-responsive--predefined\">\n\t\t\t\t\t<div class=\"qodef-gutenberg-row\">\n\t\t\t\t<article class=\"qodef-blog-item qodef-e qodef-gutenberg-column post-15287 post type-post status-publish format-standard has-post-thumbnail hentry category-professionelle-led-beleuchtung tag-filament-led-2 tag-led-ausstellung tag-led-beratung tag-led-deko-gluehlampen tag-led-dimmbar tag-led-e14 tag-led-e27 tag-led-filamanet-leuchten tag-led-filament-2 tag-led-filament-lampen tag-led-gluehlampen tag-led-lampen-2 tag-led-lcc-gluehbirnen tag-led-leuchtmittel-2 tag-led-retrofit tag-led-retrolampen-2 tag-led-ausstellung-2\">\n\t<div class=\"qodef-e-inner\">\n\t\t\t\t\t<div class=\"qodef-e-media-holder\">\n\t\t\t\t<div class=\"qodef-e-media\">\n\t\t<div class=\"qodef-e-media-image\">\n\t\t<a href=\"https:\/\/www.noserlight.ch\/home\/sparlampenersatz_fl_ersatz\/\">\n\t\t\t<img loading=\"lazy\" decoding=\"async\" width=\"838\" height=\"292\" src=\"https:\/\/www.noserlight.ch\/home\/wp-content\/uploads\/2023\/02\/ID111_LED_T8_Kat.jpg\" class=\"attachment-full size-full\" alt=\"\" srcset=\"https:\/\/www.noserlight.ch\/home\/wp-content\/uploads\/2023\/02\/ID111_LED_T8_Kat.jpg 838w, https:\/\/www.noserlight.ch\/home\/wp-content\/uploads\/2023\/02\/ID111_LED_T8_Kat-300x105.jpg 300w, https:\/\/www.noserlight.ch\/home\/wp-content\/uploads\/2023\/02\/ID111_LED_T8_Kat-768x268.jpg 768w, https:\/\/www.noserlight.ch\/home\/wp-content\/uploads\/2023\/02\/ID111_LED_T8_Kat-700x244.jpg 700w\" sizes=\"auto, (max-width: 838px) 100vw, 838px\" \/>\t\t<\/a>\n\t<\/div>\n<\/div>\n\t\t\t<\/div>\n\t\t\t\t<div class=\"qodef-e-content\">\n\t\t\t\t\t\t<div class=\"qodef-e-text\">\n\t\t\t\t<h5 class=\"qodef-e-title\">\n\t<a class=\"qodef-e-title-link\" href=\"https:\/\/www.noserlight.ch\/home\/sparlampenersatz_fl_ersatz\/\">\n\t\tERSATZ F\u00dcR FL-R\u00d6HREN UND SPARLAMPEN\t<\/a>\n<\/h5>\n\t\t<p class=\"qodef-e-excerpt\">\n\t\t\tSuchst du Ersatz f\u00fcr Sparlampen und FL-R\u00f6hren die verboten wurden? Wir bieten ihn. Egal ob f\u00fcrs Facility Management, Ersatz in Werkstatt und Produktion oder im Office. R\u00fcste um\t\t<\/p>\n\t\t\t\t<\/div>\n\t\t\t\t\t\t\t<div class=\"qodef-e-info qodef-info--bottom\">\n\t\t\t\t\t\t<div class=\"qodef-e-read-more\">\n\t\t<a class=\"qi-block-button qodef-block qodef-m qodef-html--link qodef-layout--textual qodef-type--standard qodef-icon--right qodef-hover--icon-move-horizontal-short qodef-underline--left\" href=\"https:\/\/www.noserlight.ch\/home\/sparlampenersatz_fl_ersatz\/\" target=\"_self\">\n\t<span class=\"qodef-m-text\">Mehr erfahren<\/span>\n\t<\/a>\n\t<\/div>\n \t\t\t\t<\/div>\n\t\t\t\t\t<\/div>\n\t<\/div>\n<\/article>\n<article class=\"qodef-blog-item qodef-e qodef-gutenberg-column post-18628 post type-post status-publish format-standard has-post-thumbnail hentry category-architectural-lighting-licht-fuer-architektur category-facility-lighting-licht-fuer-immobilien-und-facility-management category-home-lighting-licht-fuer-zuhause category-led-know-how-de category-professionelle-led-beleuchtung category-tipps-und-tricks tag-led-aussenbeleuchtung tag-led-aussenlampen tag-led-bewegungsmelder tag-led-einbruchschutz tag-led-fluter tag-led-flutlicht tag-led-fuer-aussen tag-led-fuer-treppen tag-led-hallenbeleuchtung tag-led-parkplatzbeleuchtung tag-led-platzbeleuchtung tag-led-strahler tag-led-strahler-mit-abnehmbarem-akku tag-led-strahler-mit-bewegungsmelder tag-led-strahler-mit-powerbank tag-led-strahler-mit-sensor tag-led-strahler-mobil tag-led-wegebeleuchtung\">\n\t<div class=\"qodef-e-inner\">\n\t\t\t\t\t<div class=\"qodef-e-media-holder\">\n\t\t\t\t<div class=\"qodef-e-media\">\n\t\t<div class=\"qodef-e-media-image\">\n\t\t<a href=\"https:\/\/www.noserlight.ch\/home\/licht-fuer-wege-und-treppen-im-freien\/\">\n\t\t\t<img loading=\"lazy\" decoding=\"async\" width=\"1920\" height=\"1080\" src=\"https:\/\/www.noserlight.ch\/home\/wp-content\/uploads\/2023\/09\/NOSERLIGH_LEDAussenbeleuchtungWegeTreppen.jpg\" class=\"attachment-full size-full\" alt=\"\" srcset=\"https:\/\/www.noserlight.ch\/home\/wp-content\/uploads\/2023\/09\/NOSERLIGH_LEDAussenbeleuchtungWegeTreppen.jpg 1920w, https:\/\/www.noserlight.ch\/home\/wp-content\/uploads\/2023\/09\/NOSERLIGH_LEDAussenbeleuchtungWegeTreppen-300x169.jpg 300w, https:\/\/www.noserlight.ch\/home\/wp-content\/uploads\/2023\/09\/NOSERLIGH_LEDAussenbeleuchtungWegeTreppen-1024x576.jpg 1024w, https:\/\/www.noserlight.ch\/home\/wp-content\/uploads\/2023\/09\/NOSERLIGH_LEDAussenbeleuchtungWegeTreppen-768x432.jpg 768w, https:\/\/www.noserlight.ch\/home\/wp-content\/uploads\/2023\/09\/NOSERLIGH_LEDAussenbeleuchtungWegeTreppen-1536x864.jpg 1536w, https:\/\/www.noserlight.ch\/home\/wp-content\/uploads\/2023\/09\/NOSERLIGH_LEDAussenbeleuchtungWegeTreppen-700x394.jpg 700w, https:\/\/www.noserlight.ch\/home\/wp-content\/uploads\/2023\/09\/NOSERLIGH_LEDAussenbeleuchtungWegeTreppen-539x303.jpg 539w\" sizes=\"auto, (max-width: 1920px) 100vw, 1920px\" \/>\t\t<\/a>\n\t<\/div>\n<\/div>\n\t\t\t<\/div>\n\t\t\t\t<div class=\"qodef-e-content\">\n\t\t\t\t\t\t<div class=\"qodef-e-text\">\n\t\t\t\t<h5 class=\"qodef-e-title\">\n\t<a class=\"qodef-e-title-link\" href=\"https:\/\/www.noserlight.ch\/home\/licht-fuer-wege-und-treppen-im-freien\/\">\n\t\tLicht f\u00fcr Wege und Treppen im Freien\t<\/a>\n<\/h5>\n\t\t<p class=\"qodef-e-excerpt\">\n\t\t\tWegbeleuchtung und Treppenbeleuchtung. Wege zum und um das Haus, den Kellereingang oder zur Garage sollten gut beleuchtet sein. Licht bedeutet Sicherheit. Nicht nur bedeutet es ver\t\t<\/p>\n\t\t\t\t<\/div>\n\t\t\t\t\t\t\t<div class=\"qodef-e-info qodef-info--bottom\">\n\t\t\t\t\t\t<div class=\"qodef-e-read-more\">\n\t\t<a class=\"qi-block-button qodef-block qodef-m qodef-html--link qodef-layout--textual qodef-type--standard qodef-icon--right qodef-hover--icon-move-horizontal-short qodef-underline--left\" href=\"https:\/\/www.noserlight.ch\/home\/licht-fuer-wege-und-treppen-im-freien\/\" target=\"_self\">\n\t<span class=\"qodef-m-text\">Mehr erfahren<\/span>\n\t<\/a>\n\t<\/div>\n \t\t\t\t<\/div>\n\t\t\t\t\t<\/div>\n\t<\/div>\n<\/article>\n<article class=\"qodef-blog-item qodef-e qodef-gutenberg-column post-28764 post type-post status-publish format-standard has-post-thumbnail hentry category-led-know-how-de category-professionelle-led-beleuchtung tag-buerobeleuchtung tag-hcl tag-human-centric-lighting tag-licht-am-schreibtisch tag-licht-fuer-schulen tag-licht-fuers-buero tag-licht-zu-arbeiten tag-licht-zum-lernen\">\n\t<div class=\"qodef-e-inner\">\n\t\t\t\t\t<div class=\"qodef-e-media-holder\">\n\t\t\t\t<div class=\"qodef-e-media\">\n\t\t<div class=\"qodef-e-media-image\">\n\t\t<a href=\"https:\/\/www.noserlight.ch\/home\/warum-gutes-licht-der-schluessel-zum-lernerfolg-ist\/\">\n\t\t\t<img loading=\"lazy\" decoding=\"async\" width=\"1920\" height=\"1080\" src=\"https:\/\/www.noserlight.ch\/home\/wp-content\/uploads\/2024\/08\/HCL_TagesNachtzyklusLichtLED.jpg\" class=\"attachment-full size-full\" alt=\"\" srcset=\"https:\/\/www.noserlight.ch\/home\/wp-content\/uploads\/2024\/08\/HCL_TagesNachtzyklusLichtLED.jpg 1920w, https:\/\/www.noserlight.ch\/home\/wp-content\/uploads\/2024\/08\/HCL_TagesNachtzyklusLichtLED-300x169.jpg 300w, https:\/\/www.noserlight.ch\/home\/wp-content\/uploads\/2024\/08\/HCL_TagesNachtzyklusLichtLED-1024x576.jpg 1024w, https:\/\/www.noserlight.ch\/home\/wp-content\/uploads\/2024\/08\/HCL_TagesNachtzyklusLichtLED-768x432.jpg 768w, https:\/\/www.noserlight.ch\/home\/wp-content\/uploads\/2024\/08\/HCL_TagesNachtzyklusLichtLED-1536x864.jpg 1536w, https:\/\/www.noserlight.ch\/home\/wp-content\/uploads\/2024\/08\/HCL_TagesNachtzyklusLichtLED-700x394.jpg 700w, https:\/\/www.noserlight.ch\/home\/wp-content\/uploads\/2024\/08\/HCL_TagesNachtzyklusLichtLED-539x303.jpg 539w\" sizes=\"auto, (max-width: 1920px) 100vw, 1920px\" \/>\t\t<\/a>\n\t<\/div>\n<\/div>\n\t\t\t<\/div>\n\t\t\t\t<div class=\"qodef-e-content\">\n\t\t\t\t\t\t<div class=\"qodef-e-text\">\n\t\t\t\t<h5 class=\"qodef-e-title\">\n\t<a class=\"qodef-e-title-link\" href=\"https:\/\/www.noserlight.ch\/home\/warum-gutes-licht-der-schluessel-zum-lernerfolg-ist\/\">\n\t\tWarum gutes Licht der Schl\u00fcssel ist.\t<\/a>\n<\/h5>\n\t\t<p class=\"qodef-e-excerpt\">\n\t\t\tLicht ist mehr als nur Helligkeit. Es beeinflusst, wie wir uns f\u00fchlen, denken und arbeiten. In einer Welt, die zunehmend auf das Wohlbefinden und die Effizienz ihrer Menschen acht\t\t<\/p>\n\t\t\t\t<\/div>\n\t\t\t\t\t\t\t<div class=\"qodef-e-info qodef-info--bottom\">\n\t\t\t\t\t\t<div class=\"qodef-e-read-more\">\n\t\t<a class=\"qi-block-button qodef-block qodef-m qodef-html--link qodef-layout--textual qodef-type--standard qodef-icon--right qodef-hover--icon-move-horizontal-short qodef-underline--left\" href=\"https:\/\/www.noserlight.ch\/home\/warum-gutes-licht-der-schluessel-zum-lernerfolg-ist\/\" target=\"_self\">\n\t<span class=\"qodef-m-text\">Mehr erfahren<\/span>\n\t<\/a>\n\t<\/div>\n \t\t\t\t<\/div>\n\t\t\t\t\t<\/div>\n\t<\/div>\n<\/article>\n<article class=\"qodef-blog-item qodef-e qodef-gutenberg-column post-23752 post type-post status-publish format-standard has-post-thumbnail hentry category-architectural-lighting-licht-fuer-architektur category-facility-lighting-licht-fuer-immobilien-und-facility-management category-home-lighting-licht-fuer-zuhause category-noser category-professionelle-led-beleuchtung category-tipps-und-tricks tag-led-aussenbeleuchtung tag-led-aussenlampen tag-led-bewegungsmelder tag-led-einbruchschutz tag-led-fluter tag-led-flutlicht tag-led-fuer-aussen tag-led-hallenbeleuchtung tag-led-parkplatzbeleuchtung tag-led-platzbeleuchtung tag-led-strahler tag-led-strahler-mit-abnehmbarem-akku tag-led-strahler-mit-bewegungsmelder tag-led-strahler-mit-powerbank tag-led-strahler-mit-sensor tag-led-strahler-mobil\">\n\t<div class=\"qodef-e-inner\">\n\t\t\t\t\t<div class=\"qodef-e-media-holder\">\n\t\t\t\t<div class=\"qodef-e-media\">\n\t\t<div class=\"qodef-e-media-image\">\n\t\t<a href=\"https:\/\/www.noserlight.ch\/home\/einbruchschutz-ploetzliches-licht-schreckt-ab-2\/\">\n\t\t\t<img loading=\"lazy\" decoding=\"async\" width=\"1920\" height=\"1080\" src=\"https:\/\/www.noserlight.ch\/home\/wp-content\/uploads\/2023\/10\/NOSERLIGHT_LEDStrahler_LEDFluter.jpg\" class=\"attachment-full size-full\" alt=\"\" srcset=\"https:\/\/www.noserlight.ch\/home\/wp-content\/uploads\/2023\/10\/NOSERLIGHT_LEDStrahler_LEDFluter.jpg 1920w, https:\/\/www.noserlight.ch\/home\/wp-content\/uploads\/2023\/10\/NOSERLIGHT_LEDStrahler_LEDFluter-300x169.jpg 300w, https:\/\/www.noserlight.ch\/home\/wp-content\/uploads\/2023\/10\/NOSERLIGHT_LEDStrahler_LEDFluter-1024x576.jpg 1024w, https:\/\/www.noserlight.ch\/home\/wp-content\/uploads\/2023\/10\/NOSERLIGHT_LEDStrahler_LEDFluter-768x432.jpg 768w, https:\/\/www.noserlight.ch\/home\/wp-content\/uploads\/2023\/10\/NOSERLIGHT_LEDStrahler_LEDFluter-1536x864.jpg 1536w, https:\/\/www.noserlight.ch\/home\/wp-content\/uploads\/2023\/10\/NOSERLIGHT_LEDStrahler_LEDFluter-700x394.jpg 700w, https:\/\/www.noserlight.ch\/home\/wp-content\/uploads\/2023\/10\/NOSERLIGHT_LEDStrahler_LEDFluter-539x303.jpg 539w\" sizes=\"auto, (max-width: 1920px) 100vw, 1920px\" \/>\t\t<\/a>\n\t<\/div>\n<\/div>\n\t\t\t<\/div>\n\t\t\t\t<div class=\"qodef-e-content\">\n\t\t\t\t\t\t<div class=\"qodef-e-text\">\n\t\t\t\t<h5 class=\"qodef-e-title\">\n\t<a class=\"qodef-e-title-link\" href=\"https:\/\/www.noserlight.ch\/home\/einbruchschutz-ploetzliches-licht-schreckt-ab-2\/\">\n\t\tEinbruchschutz &#8211;  Licht schreckt ab\t<\/a>\n<\/h5>\n\t\t<p class=\"qodef-e-excerpt\">\n\t\t\tF\u00fcr eine zus\u00e4tzliche Sicherheitsbeleuchtung werden zum Beispiel unter dem Dachfirst Strahler oder Scheinwerfer montiert. Mit mehreren Bewegungsmeldern verbunden und in einer Reih\t\t<\/p>\n\t\t\t\t<\/div>\n\t\t\t\t\t\t\t<div class=\"qodef-e-info qodef-info--bottom\">\n\t\t\t\t\t\t<div class=\"qodef-e-read-more\">\n\t\t<a class=\"qi-block-button qodef-block qodef-m qodef-html--link qodef-layout--textual qodef-type--standard qodef-icon--right qodef-hover--icon-move-horizontal-short qodef-underline--left\" href=\"https:\/\/www.noserlight.ch\/home\/einbruchschutz-ploetzliches-licht-schreckt-ab-2\/\" target=\"_self\">\n\t<span class=\"qodef-m-text\">Mehr erfahren<\/span>\n\t<\/a>\n\t<\/div>\n \t\t\t\t<\/div>\n\t\t\t\t\t<\/div>\n\t<\/div>\n<\/article>\n<article class=\"qodef-blog-item qodef-e qodef-gutenberg-column post-12822 post type-post status-publish format-standard has-post-thumbnail hentry category-led-know-how-de category-noser category-professionelle-led-beleuchtung category-tipps-und-tricks tag-led-aussenlampe tag-led-aussenlampen tag-led-fur-den-garten tag-led-fuer-die-terrasse tag-led-gartenbeleuchtung tag-led-terrassenbeleuchtung tag-led-tipps tag-led-technik tag-licht-fuer-den-balkon tag-schutzklassen tag-schutzklassen-leuchten tag-sicherheitskennzeichnung tag-terrassenbeleuchtung\">\n\t<div class=\"qodef-e-inner\">\n\t\t\t\t\t<div class=\"qodef-e-media-holder\">\n\t\t\t\t<div class=\"qodef-e-media\">\n\t\t<div class=\"qodef-e-media-image\">\n\t\t<a href=\"https:\/\/www.noserlight.ch\/home\/schutzklassen\/\">\n\t\t\t<img loading=\"lazy\" decoding=\"async\" width=\"637\" height=\"320\" src=\"https:\/\/www.noserlight.ch\/home\/wp-content\/uploads\/2023\/10\/IP_Schutzarten637x320.jpg\" class=\"attachment-full size-full\" alt=\"\" srcset=\"https:\/\/www.noserlight.ch\/home\/wp-content\/uploads\/2023\/10\/IP_Schutzarten637x320.jpg 637w, https:\/\/www.noserlight.ch\/home\/wp-content\/uploads\/2023\/10\/IP_Schutzarten637x320-300x151.jpg 300w\" sizes=\"auto, (max-width: 637px) 100vw, 637px\" \/>\t\t<\/a>\n\t<\/div>\n<\/div>\n\t\t\t<\/div>\n\t\t\t\t<div class=\"qodef-e-content\">\n\t\t\t\t\t\t<div class=\"qodef-e-text\">\n\t\t\t\t<h5 class=\"qodef-e-title\">\n\t<a class=\"qodef-e-title-link\" href=\"https:\/\/www.noserlight.ch\/home\/schutzklassen\/\">\n\t\tSchutzklassen\t<\/a>\n<\/h5>\n\t\t<p class=\"qodef-e-excerpt\">\n\t\t\tLEUCHTEN UND SCHUTZKLASSEN\r\nSchutzklassen dienen in der Elektrotechnik der Einteilung und Kennzeichnung von elektrischen Betriebsmitteln (zum Beispiel Ger\u00e4te und Installationsbaut\t\t<\/p>\n\t\t\t\t<\/div>\n\t\t\t\t\t\t\t<div class=\"qodef-e-info qodef-info--bottom\">\n\t\t\t\t\t\t<div class=\"qodef-e-read-more\">\n\t\t<a class=\"qi-block-button qodef-block qodef-m qodef-html--link qodef-layout--textual qodef-type--standard qodef-icon--right qodef-hover--icon-move-horizontal-short qodef-underline--left\" href=\"https:\/\/www.noserlight.ch\/home\/schutzklassen\/\" target=\"_self\">\n\t<span class=\"qodef-m-text\">Mehr erfahren<\/span>\n\t<\/a>\n\t<\/div>\n \t\t\t\t<\/div>\n\t\t\t\t\t<\/div>\n\t<\/div>\n<\/article>\n<article class=\"qodef-blog-item qodef-e qodef-gutenberg-column post-18163 post type-post status-publish format-standard has-post-thumbnail hentry category-home-lighting-licht-fuer-zuhause tag-bruchsch-liecht-dae-nosi-haets tag-energieeffiziente-led-2 tag-led tag-led-aussenlampe tag-led-aussenlampen tag-led-beratung tag-led-deckenleuchten tag-led-design-leuchten tag-led-ersatz-fuer-gluehlampen tag-led-know-how-2 tag-led-licht-der-zukunft tag-led-statt-akw tag-led-technik\">\n\t<div class=\"qodef-e-inner\">\n\t\t\t\t\t<div class=\"qodef-e-media-holder\">\n\t\t\t\t<div class=\"qodef-e-media\">\n\t\t<div class=\"qodef-e-media-image\">\n\t\t<a href=\"https:\/\/www.noserlight.ch\/home\/welcome-licht-fuer-den-hauseingang\/\">\n\t\t\t<img loading=\"lazy\" decoding=\"async\" width=\"1960\" height=\"1000\" src=\"https:\/\/www.noserlight.ch\/home\/wp-content\/uploads\/2023\/03\/NOSERLIGHT_LichtfuerdenEingang-2.jpg\" class=\"attachment-full size-full\" alt=\"\" srcset=\"https:\/\/www.noserlight.ch\/home\/wp-content\/uploads\/2023\/03\/NOSERLIGHT_LichtfuerdenEingang-2.jpg 1960w, https:\/\/www.noserlight.ch\/home\/wp-content\/uploads\/2023\/03\/NOSERLIGHT_LichtfuerdenEingang-2-300x153.jpg 300w, https:\/\/www.noserlight.ch\/home\/wp-content\/uploads\/2023\/03\/NOSERLIGHT_LichtfuerdenEingang-2-1024x522.jpg 1024w, https:\/\/www.noserlight.ch\/home\/wp-content\/uploads\/2023\/03\/NOSERLIGHT_LichtfuerdenEingang-2-768x392.jpg 768w, https:\/\/www.noserlight.ch\/home\/wp-content\/uploads\/2023\/03\/NOSERLIGHT_LichtfuerdenEingang-2-1536x784.jpg 1536w, https:\/\/www.noserlight.ch\/home\/wp-content\/uploads\/2023\/03\/NOSERLIGHT_LichtfuerdenEingang-2-700x357.jpg 700w\" sizes=\"auto, (max-width: 1960px) 100vw, 1960px\" \/>\t\t<\/a>\n\t<\/div>\n<\/div>\n\t\t\t<\/div>\n\t\t\t\t<div class=\"qodef-e-content\">\n\t\t\t\t\t\t<div class=\"qodef-e-text\">\n\t\t\t\t<h5 class=\"qodef-e-title\">\n\t<a class=\"qodef-e-title-link\" href=\"https:\/\/www.noserlight.ch\/home\/welcome-licht-fuer-den-hauseingang\/\">\n\t\tWelcome! Licht f\u00fcr den Hauseingang\t<\/a>\n<\/h5>\n\t\t<p class=\"qodef-e-excerpt\">\n\t\t\tLicht im Eingangsbereich und an der Haust\u00fcr ist doppelt wichtig: Es wirkt einladend und sorgt&#8230;\t\t<\/p>\n\t\t\t\t<\/div>\n\t\t\t\t\t\t\t<div class=\"qodef-e-info qodef-info--bottom\">\n\t\t\t\t\t\t<div class=\"qodef-e-read-more\">\n\t\t<a class=\"qi-block-button qodef-block qodef-m qodef-html--link qodef-layout--textual qodef-type--standard qodef-icon--right qodef-hover--icon-move-horizontal-short qodef-underline--left\" href=\"https:\/\/www.noserlight.ch\/home\/welcome-licht-fuer-den-hauseingang\/\" target=\"_self\">\n\t<span class=\"qodef-m-text\">Mehr erfahren<\/span>\n\t<\/a>\n\t<\/div>\n \t\t\t\t<\/div>\n\t\t\t\t\t<\/div>\n\t<\/div>\n<\/article>\n<article class=\"qodef-blog-item qodef-e qodef-gutenberg-column post-14389 post type-post status-publish format-standard has-post-thumbnail hentry category-architectural-lighting-licht-fuer-architektur category-gastronomy-lighting-licht-fuer-hotels-und-restaurants category-home-lighting-licht-fuer-zuhause category-led-know-how-de category-shop-lighting-licht-fuer-shops-stores-und-ausstellungen tag-aussenbeleuchtung tag-farbige-led tag-farbige-lichtbaender tag-farbige-lichtstreifen tag-innenbeleuchtung tag-led-indirektbeleuchtung tag-led-indirektbeleuchtungen tag-led-innenbeleuchtung tag-led-lampen-2 tag-led-leuchten-2 tag-led-lichtstreifen tag-led-rgb-baender tag-led-streifen tag-led-stripes tag-led-strips\">\n\t<div class=\"qodef-e-inner\">\n\t\t\t\t\t<div class=\"qodef-e-media-holder\">\n\t\t\t\t<div class=\"qodef-e-media\">\n\t\t<div class=\"qodef-e-media-image\">\n\t\t<a href=\"https:\/\/www.noserlight.ch\/home\/erzielen-sie-raumlicht-wirkung\/\">\n\t\t\t<img loading=\"lazy\" decoding=\"async\" width=\"1920\" height=\"1080\" src=\"https:\/\/www.noserlight.ch\/home\/wp-content\/uploads\/2023\/09\/NOSERLIGHT_LEDStrip240V.jpg\" class=\"attachment-full size-full\" alt=\"\" srcset=\"https:\/\/www.noserlight.ch\/home\/wp-content\/uploads\/2023\/09\/NOSERLIGHT_LEDStrip240V.jpg 1920w, https:\/\/www.noserlight.ch\/home\/wp-content\/uploads\/2023\/09\/NOSERLIGHT_LEDStrip240V-300x169.jpg 300w, https:\/\/www.noserlight.ch\/home\/wp-content\/uploads\/2023\/09\/NOSERLIGHT_LEDStrip240V-1024x576.jpg 1024w, https:\/\/www.noserlight.ch\/home\/wp-content\/uploads\/2023\/09\/NOSERLIGHT_LEDStrip240V-768x432.jpg 768w, https:\/\/www.noserlight.ch\/home\/wp-content\/uploads\/2023\/09\/NOSERLIGHT_LEDStrip240V-1536x864.jpg 1536w, https:\/\/www.noserlight.ch\/home\/wp-content\/uploads\/2023\/09\/NOSERLIGHT_LEDStrip240V-700x394.jpg 700w, https:\/\/www.noserlight.ch\/home\/wp-content\/uploads\/2023\/09\/NOSERLIGHT_LEDStrip240V-539x303.jpg 539w\" sizes=\"auto, (max-width: 1920px) 100vw, 1920px\" \/>\t\t<\/a>\n\t<\/div>\n<\/div>\n\t\t\t<\/div>\n\t\t\t\t<div class=\"qodef-e-content\">\n\t\t\t\t\t\t<div class=\"qodef-e-text\">\n\t\t\t\t<h5 class=\"qodef-e-title\">\n\t<a class=\"qodef-e-title-link\" href=\"https:\/\/www.noserlight.ch\/home\/erzielen-sie-raumlicht-wirkung\/\">\n\t\tErziele (Raumlicht-)Wirkung!\t<\/a>\n<\/h5>\n\t\t<p class=\"qodef-e-excerpt\">\n\t\t\tWeil indirektes Licht diffus leuchte, kaum Schatten wirft, sich optimal im Raum verteilt und nicht blendet, eignet es sich f\u00fcr Innenbeleuchtungen ausgezeichnet. Zudem kann indirek\t\t<\/p>\n\t\t\t\t<\/div>\n\t\t\t\t\t\t\t<div class=\"qodef-e-info qodef-info--bottom\">\n\t\t\t\t\t\t<div class=\"qodef-e-read-more\">\n\t\t<a class=\"qi-block-button qodef-block qodef-m qodef-html--link qodef-layout--textual qodef-type--standard qodef-icon--right qodef-hover--icon-move-horizontal-short qodef-underline--left\" href=\"https:\/\/www.noserlight.ch\/home\/erzielen-sie-raumlicht-wirkung\/\" target=\"_self\">\n\t<span class=\"qodef-m-text\">Mehr erfahren<\/span>\n\t<\/a>\n\t<\/div>\n \t\t\t\t<\/div>\n\t\t\t\t\t<\/div>\n\t<\/div>\n<\/article>\n<article class=\"qodef-blog-item qodef-e qodef-gutenberg-column post-17849 post type-post status-publish format-standard has-post-thumbnail hentry category-architectural-lighting-licht-fuer-architektur category-facility-lighting-licht-fuer-immobilien-und-facility-management category-office-lighting-licht-fuer-office-atelier-und-praxis category-shop-lighting-licht-fuer-shops-stores-und-ausstellungen tag-led-flaechenleuchte tag-led-lampe tag-led-lichtfenster tag-led-panel-deckeneleuchte tag-led-panel-dimmbar tag-smart-led-panel tag-tunable-white-led-panel\">\n\t<div class=\"qodef-e-inner\">\n\t\t\t\t\t<div class=\"qodef-e-media-holder\">\n\t\t\t\t<div class=\"qodef-e-media\">\n\t\t<div class=\"qodef-e-media-image\">\n\t\t<a href=\"https:\/\/www.noserlight.ch\/home\/das-smarte-lichtfenster\/\">\n\t\t\t<img loading=\"lazy\" decoding=\"async\" width=\"1960\" height=\"1000\" src=\"https:\/\/www.noserlight.ch\/home\/wp-content\/uploads\/2023\/02\/NOSERLIGHT_LEDPanelOffice.jpg\" class=\"attachment-full size-full\" alt=\"\" srcset=\"https:\/\/www.noserlight.ch\/home\/wp-content\/uploads\/2023\/02\/NOSERLIGHT_LEDPanelOffice.jpg 1960w, https:\/\/www.noserlight.ch\/home\/wp-content\/uploads\/2023\/02\/NOSERLIGHT_LEDPanelOffice-300x153.jpg 300w, https:\/\/www.noserlight.ch\/home\/wp-content\/uploads\/2023\/02\/NOSERLIGHT_LEDPanelOffice-1024x522.jpg 1024w, https:\/\/www.noserlight.ch\/home\/wp-content\/uploads\/2023\/02\/NOSERLIGHT_LEDPanelOffice-768x392.jpg 768w, https:\/\/www.noserlight.ch\/home\/wp-content\/uploads\/2023\/02\/NOSERLIGHT_LEDPanelOffice-1536x784.jpg 1536w, https:\/\/www.noserlight.ch\/home\/wp-content\/uploads\/2023\/02\/NOSERLIGHT_LEDPanelOffice-700x357.jpg 700w\" sizes=\"auto, (max-width: 1960px) 100vw, 1960px\" \/>\t\t<\/a>\n\t<\/div>\n<\/div>\n\t\t\t<\/div>\n\t\t\t\t<div class=\"qodef-e-content\">\n\t\t\t\t\t\t<div class=\"qodef-e-text\">\n\t\t\t\t<h5 class=\"qodef-e-title\">\n\t<a class=\"qodef-e-title-link\" href=\"https:\/\/www.noserlight.ch\/home\/das-smarte-lichtfenster\/\">\n\t\tDas smarte Lichtfenster\t<\/a>\n<\/h5>\n\t\t<p class=\"qodef-e-excerpt\">\n\t\t\tDie Beleuchtung mit Led Panel sind mittlerweile in aller Munde. Unser Standard Led Panel verf\u00fcgen&#8230;\t\t<\/p>\n\t\t\t\t<\/div>\n\t\t\t\t\t\t\t<div class=\"qodef-e-info qodef-info--bottom\">\n\t\t\t\t\t\t<div class=\"qodef-e-read-more\">\n\t\t<a class=\"qi-block-button qodef-block qodef-m qodef-html--link qodef-layout--textual qodef-type--standard qodef-icon--right qodef-hover--icon-move-horizontal-short qodef-underline--left\" href=\"https:\/\/www.noserlight.ch\/home\/das-smarte-lichtfenster\/\" target=\"_self\">\n\t<span class=\"qodef-m-text\">Mehr erfahren<\/span>\n\t<\/a>\n\t<\/div>\n \t\t\t\t<\/div>\n\t\t\t\t\t<\/div>\n\t<\/div>\n<\/article>\n<article class=\"qodef-blog-item qodef-e qodef-gutenberg-column post-17747 post type-post status-publish format-standard has-post-thumbnail hentry category-energieeffizienz category-home-lighting-licht-fuer-zuhause category-led-know-how-de category-tipps-und-tricks\">\n\t<div class=\"qodef-e-inner\">\n\t\t\t\t\t<div class=\"qodef-e-media-holder\">\n\t\t\t\t<div class=\"qodef-e-media\">\n\t\t<div class=\"qodef-e-media-image\">\n\t\t<a href=\"https:\/\/www.noserlight.ch\/home\/tipps-fuer-die-private-lichtplanung\/\">\n\t\t\t<img loading=\"lazy\" decoding=\"async\" width=\"980\" height=\"500\" src=\"https:\/\/www.noserlight.ch\/home\/wp-content\/uploads\/2023\/02\/suite_ambient-980x500-1.jpg\" class=\"attachment-full size-full\" alt=\"\" srcset=\"https:\/\/www.noserlight.ch\/home\/wp-content\/uploads\/2023\/02\/suite_ambient-980x500-1.jpg 980w, https:\/\/www.noserlight.ch\/home\/wp-content\/uploads\/2023\/02\/suite_ambient-980x500-1-300x153.jpg 300w, https:\/\/www.noserlight.ch\/home\/wp-content\/uploads\/2023\/02\/suite_ambient-980x500-1-768x392.jpg 768w, https:\/\/www.noserlight.ch\/home\/wp-content\/uploads\/2023\/02\/suite_ambient-980x500-1-700x357.jpg 700w\" sizes=\"auto, (max-width: 980px) 100vw, 980px\" \/>\t\t<\/a>\n\t<\/div>\n<\/div>\n\t\t\t<\/div>\n\t\t\t\t<div class=\"qodef-e-content\">\n\t\t\t\t\t\t<div class=\"qodef-e-text\">\n\t\t\t\t<h5 class=\"qodef-e-title\">\n\t<a class=\"qodef-e-title-link\" href=\"https:\/\/www.noserlight.ch\/home\/tipps-fuer-die-private-lichtplanung\/\">\n\t\tTipps f\u00fcr die private Lichtplanung\t<\/a>\n<\/h5>\n\t\t<p class=\"qodef-e-excerpt\">\n\t\t\tEssen, lesen, fernsehen, arbeiten oder entspannen \u2013 das Beispiel Wohnzimmer zeigt, dass die Beleuchtung vielen&#8230;\t\t<\/p>\n\t\t\t\t<\/div>\n\t\t\t\t\t\t\t<div class=\"qodef-e-info qodef-info--bottom\">\n\t\t\t\t\t\t<div class=\"qodef-e-read-more\">\n\t\t<a class=\"qi-block-button qodef-block qodef-m qodef-html--link qodef-layout--textual qodef-type--standard qodef-icon--right qodef-hover--icon-move-horizontal-short qodef-underline--left\" href=\"https:\/\/www.noserlight.ch\/home\/tipps-fuer-die-private-lichtplanung\/\" target=\"_self\">\n\t<span class=\"qodef-m-text\">Mehr erfahren<\/span>\n\t<\/a>\n\t<\/div>\n \t\t\t\t<\/div>\n\t\t\t\t\t<\/div>\n\t<\/div>\n<\/article>\n\t\t\t<\/div>\n\t\t\t<\/div>\n<\/div>\n\n\n\n<div class=\"wp-block-qi-blocks-divider qodef-block-container qodef-block-db3035e1\"><div class=\"qi-block-divider qodef-block qodef-m qodef-layout--standard qodef-position--center\"><div class=\"qodef-m-line\"><\/div><\/div><\/div>\n\n\n\n<div class=\"wp-block-columns is-layout-flex wp-container-core-columns-is-layout-9d6595d7 wp-block-columns-is-layout-flex\">\n<div class=\"wp-block-column is-layout-flow wp-block-column-is-layout-flow\">\n<div class=\"wp-block-qi-blocks-call-to-action qodef-block-container qodef-block-08c19c1c\"><div class=\"qi-block-call-to-action qodef-block qodef-m qodef-layout--standard\"><div class=\"qodef-m-inner\"><div class=\"qodef-m-content\"><h1 class=\"qodef-m-title\">Fragen?<\/h1><div class=\"qodef-m-text\">Sei nicht sch\u00fcchtern! \nSchreib uns. Ruf uns an oder besuche uns in unserer LED Ausstellung. <\/div><\/div><div class=\"qodef-m-button\">\n<div class=\"wp-block-qi-blocks-button qodef-block-container qodef-block-439ce0b2\"><a class=\"qi-block-button qodef-block qodef-m qodef-layout--filled qodef-type--standard qodef-hover--icon-move-horizontal-short\" href=\"https:\/\/www.noserlight.ch\/home\/kontakt\/\"><span class=\"qodef-m-text\">Kontakt<\/span><\/a><\/div>\n<\/div><\/div><\/div><\/div>\n<\/div>\n<\/div>\n","protected":false},"excerpt":{"rendered":"<p>Essen, lesen, fernsehen, arbeiten oder entspannen \u2013 das Beispiel Wohnzimmer zeigt, dass die Beleuchtung vielen&#8230;<\/p>\n","protected":false},"author":2,"featured_media":17748,"comment_status":"closed","ping_status":"open","sticky":false,"template":"","format":"standard","meta":{"footnotes":""},"categories":[896,73,906,948],"tags":[],"class_list":["post-17747","post","type-post","status-publish","format-standard","has-post-thumbnail","hentry","category-energieeffizienz","category-home-lighting-licht-fuer-zuhause","category-led-know-how-de","category-tipps-und-tricks"],"yoast_head":"<!-- This site is optimized with the Yoast SEO plugin v27.0 - https:\/\/yoast.com\/product\/yoast-seo-wordpress\/ -->\r\n<title>Tipps f\u00fcr die private Lichtplanung - Noserlight AG, LED Leuchten und LED Lampen, LED, Licht, Lichtplanung<\/title>\r\n<meta name=\"robots\" content=\"index, follow, max-snippet:-1, max-image-preview:large, max-video-preview:-1\" \/>\r\n<link rel=\"canonical\" href=\"https:\/\/www.noserlight.ch\/home\/tipps-fuer-die-private-lichtplanung\/\" \/>\r\n<meta property=\"og:locale\" content=\"de_DE\" \/>\r\n<meta property=\"og:type\" content=\"article\" \/>\r\n<meta property=\"og:title\" content=\"Tipps f\u00fcr die private Lichtplanung - Noserlight AG, LED Leuchten und LED Lampen, LED, Licht, Lichtplanung\" \/>\r\n<meta property=\"og:description\" content=\"Essen, lesen, fernsehen, arbeiten oder entspannen \u2013 das Beispiel Wohnzimmer zeigt, dass die Beleuchtung vielen...\" \/>\r\n<meta property=\"og:url\" content=\"https:\/\/www.noserlight.ch\/home\/tipps-fuer-die-private-lichtplanung\/\" \/>\r\n<meta property=\"og:site_name\" content=\"Noserlight AG, LED Leuchten und LED Lampen, LED, Licht, Lichtplanung\" \/>\r\n<meta property=\"article:publisher\" content=\"https:\/\/www.facebook.com\/noserlight\/\" \/>\r\n<meta property=\"article:published_time\" content=\"2025-05-11T16:27:13+00:00\" \/>\r\n<meta property=\"article:modified_time\" content=\"2025-07-17T22:52:56+00:00\" \/>\r\n<meta property=\"og:image\" content=\"https:\/\/www.noserlight.ch\/home\/wp-content\/uploads\/2023\/02\/suite_ambient-980x500-1.jpg\" \/>\r\n\t<meta property=\"og:image:width\" content=\"980\" \/>\r\n\t<meta property=\"og:image:height\" content=\"500\" \/>\r\n\t<meta property=\"og:image:type\" content=\"image\/jpeg\" \/>\r\n<meta name=\"author\" content=\"Nosi\" \/>\r\n<meta name=\"twitter:card\" content=\"summary_large_image\" \/>\r\n<meta name=\"twitter:label1\" content=\"Verfasst von\" \/>\n\t<meta name=\"twitter:data1\" content=\"Nosi\" \/>\n\t<meta name=\"twitter:label2\" content=\"Gesch\u00e4tzte Lesezeit\" \/>\n\t<meta name=\"twitter:data2\" content=\"2\u00a0Minuten\" \/>\r\n<script type=\"application\/ld+json\" class=\"yoast-schema-graph\">{\"@context\":\"https:\/\/schema.org\",\"@graph\":[{\"@type\":\"Article\",\"@id\":\"https:\/\/www.noserlight.ch\/home\/tipps-fuer-die-private-lichtplanung\/#article\",\"isPartOf\":{\"@id\":\"https:\/\/www.noserlight.ch\/home\/tipps-fuer-die-private-lichtplanung\/\"},\"author\":{\"name\":\"Nosi\",\"@id\":\"https:\/\/www.noserlight.ch\/home\/#\/schema\/person\/cd72adab091f0db04aef8e43d9b74611\"},\"headline\":\"Tipps f\u00fcr die private Lichtplanung\",\"datePublished\":\"2025-05-11T16:27:13+00:00\",\"dateModified\":\"2025-07-17T22:52:56+00:00\",\"mainEntityOfPage\":{\"@id\":\"https:\/\/www.noserlight.ch\/home\/tipps-fuer-die-private-lichtplanung\/\"},\"wordCount\":485,\"publisher\":{\"@id\":\"https:\/\/www.noserlight.ch\/home\/#organization\"},\"image\":{\"@id\":\"https:\/\/www.noserlight.ch\/home\/tipps-fuer-die-private-lichtplanung\/#primaryimage\"},\"thumbnailUrl\":\"https:\/\/www.noserlight.ch\/home\/wp-content\/uploads\/2023\/02\/suite_ambient-980x500-1.jpg\",\"articleSection\":[\"Energieeffizienz\",\"Home Lighting - Licht f\u00fcr Zuhause\",\"LED Know-How\",\"Tipps und Tricks\"],\"inLanguage\":\"de\"},{\"@type\":\"WebPage\",\"@id\":\"https:\/\/www.noserlight.ch\/home\/tipps-fuer-die-private-lichtplanung\/\",\"url\":\"https:\/\/www.noserlight.ch\/home\/tipps-fuer-die-private-lichtplanung\/\",\"name\":\"Tipps f\u00fcr die private Lichtplanung - Noserlight AG, LED Leuchten und LED Lampen, LED, Licht, Lichtplanung\",\"isPartOf\":{\"@id\":\"https:\/\/www.noserlight.ch\/home\/#website\"},\"primaryImageOfPage\":{\"@id\":\"https:\/\/www.noserlight.ch\/home\/tipps-fuer-die-private-lichtplanung\/#primaryimage\"},\"image\":{\"@id\":\"https:\/\/www.noserlight.ch\/home\/tipps-fuer-die-private-lichtplanung\/#primaryimage\"},\"thumbnailUrl\":\"https:\/\/www.noserlight.ch\/home\/wp-content\/uploads\/2023\/02\/suite_ambient-980x500-1.jpg\",\"datePublished\":\"2025-05-11T16:27:13+00:00\",\"dateModified\":\"2025-07-17T22:52:56+00:00\",\"breadcrumb\":{\"@id\":\"https:\/\/www.noserlight.ch\/home\/tipps-fuer-die-private-lichtplanung\/#breadcrumb\"},\"inLanguage\":\"de\",\"potentialAction\":[{\"@type\":\"ReadAction\",\"target\":[\"https:\/\/www.noserlight.ch\/home\/tipps-fuer-die-private-lichtplanung\/\"]}]},{\"@type\":\"ImageObject\",\"inLanguage\":\"de\",\"@id\":\"https:\/\/www.noserlight.ch\/home\/tipps-fuer-die-private-lichtplanung\/#primaryimage\",\"url\":\"https:\/\/www.noserlight.ch\/home\/wp-content\/uploads\/2023\/02\/suite_ambient-980x500-1.jpg\",\"contentUrl\":\"https:\/\/www.noserlight.ch\/home\/wp-content\/uploads\/2023\/02\/suite_ambient-980x500-1.jpg\",\"width\":980,\"height\":500,\"caption\":\"Smart Home Lighting f\u00fcr dein Zuhause. LED Licht f\u00fcr Indoor und Outdoor rund um dein Heim.\"},{\"@type\":\"BreadcrumbList\",\"@id\":\"https:\/\/www.noserlight.ch\/home\/tipps-fuer-die-private-lichtplanung\/#breadcrumb\",\"itemListElement\":[{\"@type\":\"ListItem\",\"position\":1,\"name\":\"Startseite\",\"item\":\"https:\/\/www.noserlight.ch\/home\/\"},{\"@type\":\"ListItem\",\"position\":2,\"name\":\"Tipps f\u00fcr die private Lichtplanung\"}]},{\"@type\":\"WebSite\",\"@id\":\"https:\/\/www.noserlight.ch\/home\/#website\",\"url\":\"https:\/\/www.noserlight.ch\/home\/\",\"name\":\"Noserlight AG, LED Leuchten und LED Lampen, LED, Licht, Lichtplanung\",\"description\":\"Bruchsch Liecht? D\u00e4 Nosi h\u00e4t&#039;s!\",\"publisher\":{\"@id\":\"https:\/\/www.noserlight.ch\/home\/#organization\"},\"potentialAction\":[{\"@type\":\"SearchAction\",\"target\":{\"@type\":\"EntryPoint\",\"urlTemplate\":\"https:\/\/www.noserlight.ch\/home\/?s={search_term_string}\"},\"query-input\":{\"@type\":\"PropertyValueSpecification\",\"valueRequired\":true,\"valueName\":\"search_term_string\"}}],\"inLanguage\":\"de\"},{\"@type\":\"Organization\",\"@id\":\"https:\/\/www.noserlight.ch\/home\/#organization\",\"name\":\"Noserlight AG, LED Leuchten und LED Lampen, LED, Licht, Lichtplanung\",\"url\":\"https:\/\/www.noserlight.ch\/home\/\",\"logo\":{\"@type\":\"ImageObject\",\"inLanguage\":\"de\",\"@id\":\"https:\/\/www.noserlight.ch\/home\/#\/schema\/logo\/image\/\",\"url\":\"https:\/\/www.noserlight.ch\/home\/wp-content\/uploads\/2022\/12\/NoserlightAG_Logo_mit_Schlirgg_NEU_1-1.png\",\"contentUrl\":\"https:\/\/www.noserlight.ch\/home\/wp-content\/uploads\/2022\/12\/NoserlightAG_Logo_mit_Schlirgg_NEU_1-1.png\",\"width\":482,\"height\":121,\"caption\":\"Noserlight AG, LED Leuchten und LED Lampen, LED, Licht, Lichtplanung\"},\"image\":{\"@id\":\"https:\/\/www.noserlight.ch\/home\/#\/schema\/logo\/image\/\"},\"sameAs\":[\"https:\/\/www.facebook.com\/noserlight\/\",\"https:\/\/www.instagram.com\/noserlight\/\"]},{\"@type\":\"Person\",\"@id\":\"https:\/\/www.noserlight.ch\/home\/#\/schema\/person\/cd72adab091f0db04aef8e43d9b74611\",\"name\":\"Nosi\",\"image\":{\"@type\":\"ImageObject\",\"inLanguage\":\"de\",\"@id\":\"https:\/\/www.noserlight.ch\/home\/#\/schema\/person\/image\/\",\"url\":\"https:\/\/secure.gravatar.com\/avatar\/b18cc96158a2073e0df080a95bd309c904e62cb170d71914b5ddd7d9292afb82?s=96&d=mm&r=g\",\"contentUrl\":\"https:\/\/secure.gravatar.com\/avatar\/b18cc96158a2073e0df080a95bd309c904e62cb170d71914b5ddd7d9292afb82?s=96&d=mm&r=g\",\"caption\":\"Nosi\"},\"url\":\"https:\/\/www.noserlight.ch\/home\/author\/nosi\/\"}]}<\/script>\r\n<!-- \/ Yoast SEO plugin. -->","yoast_head_json":{"title":"Tipps f\u00fcr die private Lichtplanung - Noserlight AG, LED Leuchten und LED Lampen, LED, Licht, Lichtplanung","robots":{"index":"index","follow":"follow","max-snippet":"max-snippet:-1","max-image-preview":"max-image-preview:large","max-video-preview":"max-video-preview:-1"},"canonical":"https:\/\/www.noserlight.ch\/home\/tipps-fuer-die-private-lichtplanung\/","og_locale":"de_DE","og_type":"article","og_title":"Tipps f\u00fcr die private Lichtplanung - Noserlight AG, LED Leuchten und LED Lampen, LED, Licht, Lichtplanung","og_description":"Essen, lesen, fernsehen, arbeiten oder entspannen \u2013 das Beispiel Wohnzimmer zeigt, dass die Beleuchtung vielen...","og_url":"https:\/\/www.noserlight.ch\/home\/tipps-fuer-die-private-lichtplanung\/","og_site_name":"Noserlight AG, LED Leuchten und LED Lampen, LED, Licht, Lichtplanung","article_publisher":"https:\/\/www.facebook.com\/noserlight\/","article_published_time":"2025-05-11T16:27:13+00:00","article_modified_time":"2025-07-17T22:52:56+00:00","og_image":[{"width":980,"height":500,"url":"https:\/\/www.noserlight.ch\/home\/wp-content\/uploads\/2023\/02\/suite_ambient-980x500-1.jpg","type":"image\/jpeg"}],"author":"Nosi","twitter_card":"summary_large_image","twitter_misc":{"Verfasst von":"Nosi","Gesch\u00e4tzte Lesezeit":"2\u00a0Minuten"},"schema":{"@context":"https:\/\/schema.org","@graph":[{"@type":"Article","@id":"https:\/\/www.noserlight.ch\/home\/tipps-fuer-die-private-lichtplanung\/#article","isPartOf":{"@id":"https:\/\/www.noserlight.ch\/home\/tipps-fuer-die-private-lichtplanung\/"},"author":{"name":"Nosi","@id":"https:\/\/www.noserlight.ch\/home\/#\/schema\/person\/cd72adab091f0db04aef8e43d9b74611"},"headline":"Tipps f\u00fcr die private Lichtplanung","datePublished":"2025-05-11T16:27:13+00:00","dateModified":"2025-07-17T22:52:56+00:00","mainEntityOfPage":{"@id":"https:\/\/www.noserlight.ch\/home\/tipps-fuer-die-private-lichtplanung\/"},"wordCount":485,"publisher":{"@id":"https:\/\/www.noserlight.ch\/home\/#organization"},"image":{"@id":"https:\/\/www.noserlight.ch\/home\/tipps-fuer-die-private-lichtplanung\/#primaryimage"},"thumbnailUrl":"https:\/\/www.noserlight.ch\/home\/wp-content\/uploads\/2023\/02\/suite_ambient-980x500-1.jpg","articleSection":["Energieeffizienz","Home Lighting - Licht f\u00fcr Zuhause","LED Know-How","Tipps und Tricks"],"inLanguage":"de"},{"@type":"WebPage","@id":"https:\/\/www.noserlight.ch\/home\/tipps-fuer-die-private-lichtplanung\/","url":"https:\/\/www.noserlight.ch\/home\/tipps-fuer-die-private-lichtplanung\/","name":"Tipps f\u00fcr die private Lichtplanung - Noserlight AG, LED Leuchten und LED Lampen, LED, Licht, Lichtplanung","isPartOf":{"@id":"https:\/\/www.noserlight.ch\/home\/#website"},"primaryImageOfPage":{"@id":"https:\/\/www.noserlight.ch\/home\/tipps-fuer-die-private-lichtplanung\/#primaryimage"},"image":{"@id":"https:\/\/www.noserlight.ch\/home\/tipps-fuer-die-private-lichtplanung\/#primaryimage"},"thumbnailUrl":"https:\/\/www.noserlight.ch\/home\/wp-content\/uploads\/2023\/02\/suite_ambient-980x500-1.jpg","datePublished":"2025-05-11T16:27:13+00:00","dateModified":"2025-07-17T22:52:56+00:00","breadcrumb":{"@id":"https:\/\/www.noserlight.ch\/home\/tipps-fuer-die-private-lichtplanung\/#breadcrumb"},"inLanguage":"de","potentialAction":[{"@type":"ReadAction","target":["https:\/\/www.noserlight.ch\/home\/tipps-fuer-die-private-lichtplanung\/"]}]},{"@type":"ImageObject","inLanguage":"de","@id":"https:\/\/www.noserlight.ch\/home\/tipps-fuer-die-private-lichtplanung\/#primaryimage","url":"https:\/\/www.noserlight.ch\/home\/wp-content\/uploads\/2023\/02\/suite_ambient-980x500-1.jpg","contentUrl":"https:\/\/www.noserlight.ch\/home\/wp-content\/uploads\/2023\/02\/suite_ambient-980x500-1.jpg","width":980,"height":500,"caption":"Smart Home Lighting f\u00fcr dein Zuhause. LED Licht f\u00fcr Indoor und Outdoor rund um dein Heim."},{"@type":"BreadcrumbList","@id":"https:\/\/www.noserlight.ch\/home\/tipps-fuer-die-private-lichtplanung\/#breadcrumb","itemListElement":[{"@type":"ListItem","position":1,"name":"Startseite","item":"https:\/\/www.noserlight.ch\/home\/"},{"@type":"ListItem","position":2,"name":"Tipps f\u00fcr die private Lichtplanung"}]},{"@type":"WebSite","@id":"https:\/\/www.noserlight.ch\/home\/#website","url":"https:\/\/www.noserlight.ch\/home\/","name":"Noserlight AG, LED Leuchten und LED Lampen, LED, Licht, Lichtplanung","description":"Bruchsch Liecht? D\u00e4 Nosi h\u00e4t&#039;s!","publisher":{"@id":"https:\/\/www.noserlight.ch\/home\/#organization"},"potentialAction":[{"@type":"SearchAction","target":{"@type":"EntryPoint","urlTemplate":"https:\/\/www.noserlight.ch\/home\/?s={search_term_string}"},"query-input":{"@type":"PropertyValueSpecification","valueRequired":true,"valueName":"search_term_string"}}],"inLanguage":"de"},{"@type":"Organization","@id":"https:\/\/www.noserlight.ch\/home\/#organization","name":"Noserlight AG, LED Leuchten und LED Lampen, LED, Licht, Lichtplanung","url":"https:\/\/www.noserlight.ch\/home\/","logo":{"@type":"ImageObject","inLanguage":"de","@id":"https:\/\/www.noserlight.ch\/home\/#\/schema\/logo\/image\/","url":"https:\/\/www.noserlight.ch\/home\/wp-content\/uploads\/2022\/12\/NoserlightAG_Logo_mit_Schlirgg_NEU_1-1.png","contentUrl":"https:\/\/www.noserlight.ch\/home\/wp-content\/uploads\/2022\/12\/NoserlightAG_Logo_mit_Schlirgg_NEU_1-1.png","width":482,"height":121,"caption":"Noserlight AG, LED Leuchten und LED Lampen, LED, Licht, Lichtplanung"},"image":{"@id":"https:\/\/www.noserlight.ch\/home\/#\/schema\/logo\/image\/"},"sameAs":["https:\/\/www.facebook.com\/noserlight\/","https:\/\/www.instagram.com\/noserlight\/"]},{"@type":"Person","@id":"https:\/\/www.noserlight.ch\/home\/#\/schema\/person\/cd72adab091f0db04aef8e43d9b74611","name":"Nosi","image":{"@type":"ImageObject","inLanguage":"de","@id":"https:\/\/www.noserlight.ch\/home\/#\/schema\/person\/image\/","url":"https:\/\/secure.gravatar.com\/avatar\/b18cc96158a2073e0df080a95bd309c904e62cb170d71914b5ddd7d9292afb82?s=96&d=mm&r=g","contentUrl":"https:\/\/secure.gravatar.com\/avatar\/b18cc96158a2073e0df080a95bd309c904e62cb170d71914b5ddd7d9292afb82?s=96&d=mm&r=g","caption":"Nosi"},"url":"https:\/\/www.noserlight.ch\/home\/author\/nosi\/"}]}},"_links":{"self":[{"href":"https:\/\/www.noserlight.ch\/home\/wp-json\/wp\/v2\/posts\/17747","targetHints":{"allow":["GET"]}}],"collection":[{"href":"https:\/\/www.noserlight.ch\/home\/wp-json\/wp\/v2\/posts"}],"about":[{"href":"https:\/\/www.noserlight.ch\/home\/wp-json\/wp\/v2\/types\/post"}],"author":[{"embeddable":true,"href":"https:\/\/www.noserlight.ch\/home\/wp-json\/wp\/v2\/users\/2"}],"replies":[{"embeddable":true,"href":"https:\/\/www.noserlight.ch\/home\/wp-json\/wp\/v2\/comments?post=17747"}],"version-history":[{"count":0,"href":"https:\/\/www.noserlight.ch\/home\/wp-json\/wp\/v2\/posts\/17747\/revisions"}],"wp:featuredmedia":[{"embeddable":true,"href":"https:\/\/www.noserlight.ch\/home\/wp-json\/wp\/v2\/media\/17748"}],"wp:attachment":[{"href":"https:\/\/www.noserlight.ch\/home\/wp-json\/wp\/v2\/media?parent=17747"}],"wp:term":[{"taxonomy":"category","embeddable":true,"href":"https:\/\/www.noserlight.ch\/home\/wp-json\/wp\/v2\/categories?post=17747"},{"taxonomy":"post_tag","embeddable":true,"href":"https:\/\/www.noserlight.ch\/home\/wp-json\/wp\/v2\/tags?post=17747"}],"curies":[{"name":"wp","href":"https:\/\/api.w.org\/{rel}","templated":true}]}}