{"id":25240,"date":"2025-07-10T17:11:47","date_gmt":"2025-07-10T15:11:47","guid":{"rendered":"https:\/\/www.noserlight.ch\/home\/2021\/11\/01\/protection-contre-les-cambriolages-la-lumiere-est-dissuasive\/"},"modified":"2024-02-08T21:04:20","modified_gmt":"2024-02-08T20:04:20","slug":"protection-contre-les-cambriolages-la-lumiere-est-dissuasive","status":"publish","type":"post","link":"https:\/\/www.noserlight.ch\/home\/fr\/protection-contre-les-cambriolages-la-lumiere-est-dissuasive\/","title":{"rendered":"Protection contre les cambriolages &#8211; la lumi\u00e8re est dissuasive"},"content":{"rendered":"<div class=\"wpb-content-wrapper\"><p>[vc_row css_animation=\u00a0\u00bb\u00a0\u00bb row_type=\u00a0\u00bbrow\u00a0\u00bb use_row_as_full_screen_section=\u00a0\u00bbno\u00a0\u00bb type=\u00a0\u00bbgrid\u00a0\u00bb angled_section=\u00a0\u00bbno\u00a0\u00bb text_align=\u00a0\u00bbleft\u00a0\u00bb background_image_as_pattern=\u00a0\u00bbwithout_pattern\u00a0\u00bb padding_top=\u00a0\u00bb37&Prime; padding_bottom=\u00a0\u00bb57&Prime; css=\u00a0\u00bb.vc_custom_1696619164028{background-color: #ffffff !important;}\u00a0\u00bb z_index=\u00a0\u00bb\u00a0\u00bb][vc_column][vc_column_text]<\/p>\n<h3><a href=\"https:\/\/noserlight.ch\/LEDInfo\/NOSERLIGHT_LEDStrahler_Download.pdf\" target=\"_blank\" rel=\"noopener\">PROJECTEURS LED<\/a>, PROJECTEURS LED POUR PLUS DE S\u00c9CURIT\u00c9<\/h3>\n<p>[\/vc_column_text][vc_empty_space height=\u00a0\u00bb20px\u00a0\u00bb][vc_column_text]En principe, il faut rendre la t\u00e2che difficile aux cambrioleurs. Pour se prot\u00e9ger contre les personnes ind\u00e9sirables, le march\u00e9 offre un \u00e9norme \u00e9ventail de mesures diff\u00e9rentes. Un \u00e9clairage de s\u00e9curit\u00e9 autonome et clair, qui s&rsquo;allume de mani\u00e8re inattendue, fait partie int\u00e9grante de tout concept de s\u00e9curit\u00e9.<\/p>\n<p><strong>\u00c9clairage de s\u00e9curit\u00e9 suppl\u00e9mentaire<\/strong><\/p>\n<p>Pour un \u00e9clairage de s\u00e9curit\u00e9 suppl\u00e9mentaire, <a href=\"https:\/\/noserlight.ch\/LEDInfo\/NOSERLIGHT_LEDStrahler_Download.pdf\" target=\"_blank\" rel=\"noopener\">des spots ou des projecteurs<\/a> sont par exemple install\u00e9s sous le fa\u00eete du toit. Reli\u00e9s \u00e0 plusieurs d\u00e9tecteurs de mouvement et branch\u00e9s en s\u00e9rie ou combin\u00e9s \u00e0 d&rsquo;autres dispositifs de s\u00e9curit\u00e9 \u00e9lectroniques, ils doivent \u00e9clairer la zone autour de la maison de la mani\u00e8re la plus compl\u00e8te possible.<\/p>\n<p>La lumi\u00e8re doit toujours \u00eatre dirig\u00e9e \u00e0 l&rsquo;oppos\u00e9 de la maison. Seules les lampes et les luminaires qui diffusent imm\u00e9diatement la totalit\u00e9 de leur flux lumineux (c&rsquo;est-\u00e0-dire 100% de lumi\u00e8re) apr\u00e8s avoir \u00e9t\u00e9 allum\u00e9s, comme les LED ou les halog\u00e8nes, conviennent \u00e9galement. Les LED sont toutefois clairement pr\u00e9f\u00e9rables en raison de leur dur\u00e9e de vie et de leur consommation d&rsquo;\u00e9nergie beaucoup plus faible.<\/p>\n<p>Un bon \u00e9clairage ext\u00e9rieur g\u00e9n\u00e9ral offre \u00e9galement une certaine protection, \u00e0 condition que certains luminaires soient allum\u00e9s en permanence et que plusieurs luminaires soient command\u00e9s par un d\u00e9tecteur de mouvement. Une r\u00e9action extr\u00eamement efficace aux bruits suspects est \u00e9galement d&rsquo;allumer l&rsquo;ensemble de l&rsquo;\u00e9clairage ext\u00e9rieur \u00e0 l&rsquo;aide d&rsquo;un interrupteur central dans la zone de s\u00e9jour ou de sommeil.[\/vc_column_text][\/vc_column][\/vc_row][vc_row css_animation=\u00a0\u00bb\u00a0\u00bb row_type=\u00a0\u00bbrow\u00a0\u00bb use_row_as_full_screen_section=\u00a0\u00bbno\u00a0\u00bb type=\u00a0\u00bbgrid\u00a0\u00bb angled_section=\u00a0\u00bbno\u00a0\u00bb text_align=\u00a0\u00bbleft\u00a0\u00bb background_image_as_pattern=\u00a0\u00bbwithout_pattern\u00a0\u00bb padding_top=\u00a0\u00bb57&Prime; padding_bottom=\u00a0\u00bb57&Prime; z_index=\u00a0\u00bb\u00a0\u00bb][vc_column width=\u00a0\u00bb1\/3&Prime;][vc_empty_space height=\u00a0\u00bb10px\u00a0\u00bb]<div class='q_icon_with_title medium circle center '><div class=\"icon_holder \" style=\"margin: 0 0 28px 0; \"><a itemprop=\"url\" href=\"https:\/\/noserlight.ch\/LEDInfo\/NOSERLIGHT_LEDStrahler_Download.pdf\" target=\"\" class=\"q_icon_link\"><span data-icon-type=\"circle\" data-icon-hover-color=\"#ffff00\" data-icon-hover-bg-color=\"#ffffff\" class=\"qode_iwt_icon_holder fa-stack fa-3x  \" style=\"font-size: 45px;border-color: #000000;background-color: #000000;\"><i class=\"qode_icon_font_awesome fa fa-book qode_iwt_icon_element\" style=\"color: #ffffff;\" ><\/i><\/span><\/a><\/div><div class=\"icon_text_holder\" style=\"\"><div class=\"icon_text_inner\" style=\"\"><h3 class=\"icon_title\" style=\"\">CATALOGUE<\/h3><p style='color: #000000'><\/p><a itemprop='url' class='icon_with_title_link' href='https:\/\/noserlight.ch\/LEDInfo\/NOSERLIGHT_LEDStrahler_Download.pdf' target='_self' style=''>Aper\u00e7u des projecteurs et spots \u00e0 LED<\/a><\/div><\/div><\/div>[\/vc_column][vc_column width=\u00a0\u00bb1\/3&Prime;][vc_empty_space height=\u00a0\u00bb10px\u00a0\u00bb]<div class='q_icon_with_title medium circle center '><div class=\"icon_holder \" style=\"margin: 0 0 28px 0; \"><a itemprop=\"url\" href=\"https:\/\/www.noserlight.ch\/home\/kontakt\/\" target=\"\" class=\"q_icon_link\"><span data-icon-type=\"circle\" data-icon-hover-color=\"#ffff00\" data-icon-hover-bg-color=\"#ffffff\" class=\"qode_iwt_icon_holder fa-stack fa-3x  \" style=\"font-size: 45px;border-color: #000000;background-color: #000000;\"><i class=\"qode_icon_font_awesome fa fa-eye qode_iwt_icon_element\" style=\"color: #ffffff;\" ><\/i><\/span><\/a><\/div><div class=\"icon_text_holder\" style=\"\"><div class=\"icon_text_inner\" style=\"\"><h3 class=\"icon_title\" style=\"\">Voir en direct<\/h3><p style=''><\/p><a itemprop='url' class='icon_with_title_link' href='https:\/\/www.noserlight.ch\/home\/kontakt\/' target='_self' style=''>D\u00e9couvre notre gamme de LED de qualit\u00e9 de la marque NOSER en direct dans notre magasin.<\/a><\/div><\/div><\/div>[\/vc_column][vc_column width=\u00a0\u00bb1\/3&Prime;][vc_empty_space height=\u00a0\u00bb10px\u00a0\u00bb]<div class='q_icon_with_title medium circle center '><div class=\"icon_holder \" style=\"margin: 0 0 28px 0; \"><a itemprop=\"url\" href=\"https:\/\/www.noserlight.ch\/shop\/\" target=\"\" class=\"q_icon_link\"><span data-icon-type=\"circle\" data-icon-hover-color=\"#ffff00\" data-icon-hover-bg-color=\"#ffffff\" class=\"qode_iwt_icon_holder fa-stack fa-3x  \" style=\"font-size: 45px;border-color: #000000;background-color: #000000;\"><i class=\"qode_icon_font_awesome fa fa-cart-plus qode_iwt_icon_element\" style=\"color: #ffffff;\" ><\/i><\/span><\/a><\/div><div class=\"icon_text_holder\" style=\"\"><div class=\"icon_text_inner\" style=\"\"><h3 class=\"icon_title\" style=\"\">Vers la boutique en ligne<\/h3><p style=''><\/p><a itemprop='url' class='icon_with_title_link' href='https:\/\/www.noserlight.ch\/shop\/' target='_self' style=''>Tu sais ce qu&apos;il te faut ? Alors, rendez-vous dans notre boutique en ligne pour profiter des meilleurs deals pour ton projet d&apos;\u00e9clairage LED parfait.<\/a><\/div><\/div><\/div>[\/vc_column][\/vc_row][vc_row css_animation=\u00a0\u00bb\u00a0\u00bb row_type=\u00a0\u00bbrow\u00a0\u00bb use_row_as_full_screen_section=\u00a0\u00bbno\u00a0\u00bb type=\u00a0\u00bbgrid\u00a0\u00bb angled_section=\u00a0\u00bbno\u00a0\u00bb text_align=\u00a0\u00bbleft\u00a0\u00bb background_image_as_pattern=\u00a0\u00bbwithout_pattern\u00a0\u00bb padding_top=\u00a0\u00bb57&Prime; padding_bottom=\u00a0\u00bb57&Prime; css=\u00a0\u00bb.vc_custom_1695937585721{background-color: #ffffff !important;}\u00a0\u00bb z_index=\u00a0\u00bb\u00a0\u00bb][vc_column][vc_column_text]<\/p>\n<h2 style=\"text-align: center;\">ACTUEL<\/h2>\n<p>[\/vc_column_text][vc_separator type=\u00a0\u00bbsmall\u00a0\u00bb position=\u00a0\u00bbcenter\u00a0\u00bb down=\u00a0\u00bb45&Prime; up=\u00a0\u00bb7&Prime;]\n<div class='latest_post_holder boxes three_columns three_rows' >\n    <ul>\n    \n        <li class=\"clearfix\">\n            <div class=\"boxes_image\">\n                                <a itemprop=\"url\" href=\"https:\/\/www.noserlight.ch\/home\/fr\/remplacement-des-tubes-fl-et-des-ampoules-economiques\/\"><img loading=\"lazy\" decoding=\"async\" width=\"539\" height=\"292\" src=\"https:\/\/www.noserlight.ch\/home\/wp-content\/uploads\/2023\/02\/ID111_LED_T8_Kat-539x292.jpg\" class=\"attachment-latest_post_boxes size-latest_post_boxes wp-post-image\" alt=\"\" \/><\/a>\n            <\/div>\n            <div class=\"latest_post\"  >\n                <div class=\"latest_post_text\">\n                    <div class=\"latest_post_inner\">\n                        <div class=\"latest_post_text_inner\">\n                            <h5 itemprop=\"name\" class=\"latest_post_title entry_title\"><a itemprop=\"url\" href=\"https:\/\/www.noserlight.ch\/home\/fr\/remplacement-des-tubes-fl-et-des-ampoules-economiques\/\">REMPLACEMENT DES TUBES FL ET DES AMPOULES \u00c9CONOMIQUES<\/a><\/h5>\n                            <p class=\"excerpt\">Tu cherches \u00e0 remplacer les ampoules \u00e9conomiques et les tubes FL qui ont \u00e9t\u00e9 interdits ? Nous l'offrons. Que ce soit pou...<\/p>\n                            <span class=\"post_infos\">\n                                                                                                \n                                \n                                                            <\/span>\n                        <\/div>\n                    <\/div>\n                <\/div>\n            <\/div>\n        <\/li>\n    \n        <li class=\"clearfix\">\n            <div class=\"boxes_image\">\n                                <a itemprop=\"url\" href=\"https:\/\/www.noserlight.ch\/home\/fr\/la-lumiere-pour-les-chemins-et-les-escaliers-a-lexterieur\/\"><img loading=\"lazy\" decoding=\"async\" width=\"539\" height=\"303\" src=\"https:\/\/www.noserlight.ch\/home\/wp-content\/uploads\/2023\/09\/NOSERLIGH_LEDAussenbeleuchtungWegeTreppen-539x303.jpg\" class=\"attachment-latest_post_boxes size-latest_post_boxes wp-post-image\" alt=\"\" srcset=\"https:\/\/www.noserlight.ch\/home\/wp-content\/uploads\/2023\/09\/NOSERLIGH_LEDAussenbeleuchtungWegeTreppen-539x303.jpg 539w, https:\/\/www.noserlight.ch\/home\/wp-content\/uploads\/2023\/09\/NOSERLIGH_LEDAussenbeleuchtungWegeTreppen-300x169.jpg 300w, https:\/\/www.noserlight.ch\/home\/wp-content\/uploads\/2023\/09\/NOSERLIGH_LEDAussenbeleuchtungWegeTreppen-1024x576.jpg 1024w, https:\/\/www.noserlight.ch\/home\/wp-content\/uploads\/2023\/09\/NOSERLIGH_LEDAussenbeleuchtungWegeTreppen-768x432.jpg 768w, https:\/\/www.noserlight.ch\/home\/wp-content\/uploads\/2023\/09\/NOSERLIGH_LEDAussenbeleuchtungWegeTreppen-1536x864.jpg 1536w, https:\/\/www.noserlight.ch\/home\/wp-content\/uploads\/2023\/09\/NOSERLIGH_LEDAussenbeleuchtungWegeTreppen-700x394.jpg 700w, https:\/\/www.noserlight.ch\/home\/wp-content\/uploads\/2023\/09\/NOSERLIGH_LEDAussenbeleuchtungWegeTreppen.jpg 1920w\" sizes=\"auto, (max-width: 539px) 100vw, 539px\" \/><\/a>\n            <\/div>\n            <div class=\"latest_post\"  >\n                <div class=\"latest_post_text\">\n                    <div class=\"latest_post_inner\">\n                        <div class=\"latest_post_text_inner\">\n                            <h5 itemprop=\"name\" class=\"latest_post_title entry_title\"><a itemprop=\"url\" href=\"https:\/\/www.noserlight.ch\/home\/fr\/la-lumiere-pour-les-chemins-et-les-escaliers-a-lexterieur\/\">La lumi\u00e8re pour les chemins et les escaliers \u00e0 l&rsquo;ext\u00e9rieur<\/a><\/h5>\n                            <p class=\"excerpt\">\u00c9clairage des chemins et des escaliers. Les chemins vers et autour de la maison, l'entr\u00e9e de la cave ou le garage devrai...<\/p>\n                            <span class=\"post_infos\">\n                                                                                                \n                                \n                                                            <\/span>\n                        <\/div>\n                    <\/div>\n                <\/div>\n            <\/div>\n        <\/li>\n    \n        <li class=\"clearfix\">\n            <div class=\"boxes_image\">\n                                <a itemprop=\"url\" href=\"https:\/\/www.noserlight.ch\/home\/fr\/protection-contre-les-cambriolages-la-lumiere-est-dissuasive\/\"><img loading=\"lazy\" decoding=\"async\" width=\"539\" height=\"303\" src=\"https:\/\/www.noserlight.ch\/home\/wp-content\/uploads\/2023\/10\/NOSERLIGHT_LEDStrahler_LEDFluter-539x303.jpg\" class=\"attachment-latest_post_boxes size-latest_post_boxes wp-post-image\" alt=\"\" srcset=\"https:\/\/www.noserlight.ch\/home\/wp-content\/uploads\/2023\/10\/NOSERLIGHT_LEDStrahler_LEDFluter-539x303.jpg 539w, https:\/\/www.noserlight.ch\/home\/wp-content\/uploads\/2023\/10\/NOSERLIGHT_LEDStrahler_LEDFluter-300x169.jpg 300w, https:\/\/www.noserlight.ch\/home\/wp-content\/uploads\/2023\/10\/NOSERLIGHT_LEDStrahler_LEDFluter-1024x576.jpg 1024w, https:\/\/www.noserlight.ch\/home\/wp-content\/uploads\/2023\/10\/NOSERLIGHT_LEDStrahler_LEDFluter-768x432.jpg 768w, https:\/\/www.noserlight.ch\/home\/wp-content\/uploads\/2023\/10\/NOSERLIGHT_LEDStrahler_LEDFluter-1536x864.jpg 1536w, https:\/\/www.noserlight.ch\/home\/wp-content\/uploads\/2023\/10\/NOSERLIGHT_LEDStrahler_LEDFluter-700x394.jpg 700w, https:\/\/www.noserlight.ch\/home\/wp-content\/uploads\/2023\/10\/NOSERLIGHT_LEDStrahler_LEDFluter.jpg 1920w\" sizes=\"auto, (max-width: 539px) 100vw, 539px\" \/><\/a>\n            <\/div>\n            <div class=\"latest_post\"  >\n                <div class=\"latest_post_text\">\n                    <div class=\"latest_post_inner\">\n                        <div class=\"latest_post_text_inner\">\n                            <h5 itemprop=\"name\" class=\"latest_post_title entry_title\"><a itemprop=\"url\" href=\"https:\/\/www.noserlight.ch\/home\/fr\/protection-contre-les-cambriolages-la-lumiere-est-dissuasive\/\">Protection contre les cambriolages &#8211; la lumi\u00e8re est dissuasive<\/a><\/h5>\n                            <p class=\"excerpt\">Pour un \u00e9clairage de s\u00e9curit\u00e9 suppl\u00e9mentaire, des spots ou des projecteurs sont par exemple install\u00e9s sous le fa\u00eete du t...<\/p>\n                            <span class=\"post_infos\">\n                                                                                                \n                                \n                                                            <\/span>\n                        <\/div>\n                    <\/div>\n                <\/div>\n            <\/div>\n        <\/li>\n    \n        <li class=\"clearfix\">\n            <div class=\"boxes_image\">\n                                <a itemprop=\"url\" href=\"https:\/\/www.noserlight.ch\/home\/fr\/classes-de-protection\/\"><img loading=\"lazy\" decoding=\"async\" width=\"539\" height=\"303\" src=\"https:\/\/www.noserlight.ch\/home\/wp-content\/uploads\/2023\/10\/IP_Schutzarten637x320-539x303.jpg\" class=\"attachment-latest_post_boxes size-latest_post_boxes wp-post-image\" alt=\"\" srcset=\"https:\/\/www.noserlight.ch\/home\/wp-content\/uploads\/2023\/10\/IP_Schutzarten637x320-539x303.jpg 539w, https:\/\/www.noserlight.ch\/home\/wp-content\/uploads\/2023\/10\/IP_Schutzarten637x320-570x320.jpg 570w\" sizes=\"auto, (max-width: 539px) 100vw, 539px\" \/><\/a>\n            <\/div>\n            <div class=\"latest_post\"  >\n                <div class=\"latest_post_text\">\n                    <div class=\"latest_post_inner\">\n                        <div class=\"latest_post_text_inner\">\n                            <h5 itemprop=\"name\" class=\"latest_post_title entry_title\"><a itemprop=\"url\" href=\"https:\/\/www.noserlight.ch\/home\/fr\/classes-de-protection\/\">Classes de protection<\/a><\/h5>\n                            <p class=\"excerpt\">LUMINAIRES ET CLASSES DE PROTECTION\nEn \u00e9lectrotechnique, les classes de protection servent \u00e0 classer et \u00e0 identifier les...<\/p>\n                            <span class=\"post_infos\">\n                                                                                                \n                                \n                                                            <\/span>\n                        <\/div>\n                    <\/div>\n                <\/div>\n            <\/div>\n        <\/li>\n    \n        <li class=\"clearfix\">\n            <div class=\"boxes_image\">\n                                <a itemprop=\"url\" href=\"https:\/\/www.noserlight.ch\/home\/fr\/bienvenue-de-la-lumiere-pour-lentree-de-la-maison\/\"><img loading=\"lazy\" decoding=\"async\" width=\"539\" height=\"303\" src=\"https:\/\/www.noserlight.ch\/home\/wp-content\/uploads\/2023\/03\/NOSERLIGHT_LichtfuerdenEingang-2-539x303.jpg\" class=\"attachment-latest_post_boxes size-latest_post_boxes wp-post-image\" alt=\"\" \/><\/a>\n            <\/div>\n            <div class=\"latest_post\"  >\n                <div class=\"latest_post_text\">\n                    <div class=\"latest_post_inner\">\n                        <div class=\"latest_post_text_inner\">\n                            <h5 itemprop=\"name\" class=\"latest_post_title entry_title\"><a itemprop=\"url\" href=\"https:\/\/www.noserlight.ch\/home\/fr\/bienvenue-de-la-lumiere-pour-lentree-de-la-maison\/\">Bienvenue! De la lumi\u00e8re pour l&rsquo;entr\u00e9e de la maison<\/a><\/h5>\n                            <p class=\"excerpt\">La lumi\u00e8re dans l&rsquo;entr\u00e9e et \u00e0 la porte d&rsquo;entr\u00e9e est doublement importante : elle est......<\/p>\n                            <span class=\"post_infos\">\n                                                                                                \n                                \n                                                            <\/span>\n                        <\/div>\n                    <\/div>\n                <\/div>\n            <\/div>\n        <\/li>\n    \n        <li class=\"clearfix\">\n            <div class=\"boxes_image\">\n                                <a itemprop=\"url\" href=\"https:\/\/www.noserlight.ch\/home\/fr\/faites-de-leffet-de-lumiere-ambiante\/\"><img loading=\"lazy\" decoding=\"async\" width=\"539\" height=\"303\" src=\"https:\/\/www.noserlight.ch\/home\/wp-content\/uploads\/2023\/09\/NOSERLIGHT_LEDStrip240V-539x303.jpg\" class=\"attachment-latest_post_boxes size-latest_post_boxes wp-post-image\" alt=\"\" srcset=\"https:\/\/www.noserlight.ch\/home\/wp-content\/uploads\/2023\/09\/NOSERLIGHT_LEDStrip240V-539x303.jpg 539w, https:\/\/www.noserlight.ch\/home\/wp-content\/uploads\/2023\/09\/NOSERLIGHT_LEDStrip240V-300x169.jpg 300w, https:\/\/www.noserlight.ch\/home\/wp-content\/uploads\/2023\/09\/NOSERLIGHT_LEDStrip240V-1024x576.jpg 1024w, https:\/\/www.noserlight.ch\/home\/wp-content\/uploads\/2023\/09\/NOSERLIGHT_LEDStrip240V-768x432.jpg 768w, https:\/\/www.noserlight.ch\/home\/wp-content\/uploads\/2023\/09\/NOSERLIGHT_LEDStrip240V-1536x864.jpg 1536w, https:\/\/www.noserlight.ch\/home\/wp-content\/uploads\/2023\/09\/NOSERLIGHT_LEDStrip240V-700x394.jpg 700w, https:\/\/www.noserlight.ch\/home\/wp-content\/uploads\/2023\/09\/NOSERLIGHT_LEDStrip240V.jpg 1920w\" sizes=\"auto, (max-width: 539px) 100vw, 539px\" \/><\/a>\n            <\/div>\n            <div class=\"latest_post\"  >\n                <div class=\"latest_post_text\">\n                    <div class=\"latest_post_inner\">\n                        <div class=\"latest_post_text_inner\">\n                            <h5 itemprop=\"name\" class=\"latest_post_title entry_title\"><a itemprop=\"url\" href=\"https:\/\/www.noserlight.ch\/home\/fr\/faites-de-leffet-de-lumiere-ambiante\/\">Faites de l&rsquo;effet (de lumi\u00e8re ambiante)!<\/a><\/h5>\n                            <p class=\"excerpt\">Comme la lumi\u00e8re indirecte est diffuse, qu&rsquo;elle ne cr\u00e9e pratiquement pas d&rsquo;ombre, qu&rsquo;elle se r\u00e9partit....<\/p>\n                            <span class=\"post_infos\">\n                                                                                                \n                                \n                                                            <\/span>\n                        <\/div>\n                    <\/div>\n                <\/div>\n            <\/div>\n        <\/li>\n    \n        <li class=\"clearfix\">\n            <div class=\"boxes_image\">\n                                <a itemprop=\"url\" href=\"https:\/\/www.noserlight.ch\/home\/fr\/la-fenetre-lumineuse-intelligente\/\"><img loading=\"lazy\" decoding=\"async\" width=\"539\" height=\"303\" src=\"https:\/\/www.noserlight.ch\/home\/wp-content\/uploads\/2023\/02\/NOSERLIGHT_LEDPanelOffice-539x303.jpg\" class=\"attachment-latest_post_boxes size-latest_post_boxes wp-post-image\" alt=\"\" \/><\/a>\n            <\/div>\n            <div class=\"latest_post\"  >\n                <div class=\"latest_post_text\">\n                    <div class=\"latest_post_inner\">\n                        <div class=\"latest_post_text_inner\">\n                            <h5 itemprop=\"name\" class=\"latest_post_title entry_title\"><a itemprop=\"url\" href=\"https:\/\/www.noserlight.ch\/home\/fr\/la-fenetre-lumineuse-intelligente\/\">La fen\u00eatre lumineuse intelligente<\/a><\/h5>\n                            <p class=\"excerpt\">L&rsquo;\u00e9clairage avec des panneaux Led est devenu tr\u00e8s populaire. Nos panneaux Led standard sont dot\u00e9s......<\/p>\n                            <span class=\"post_infos\">\n                                                                                                \n                                \n                                                            <\/span>\n                        <\/div>\n                    <\/div>\n                <\/div>\n            <\/div>\n        <\/li>\n    \n        <li class=\"clearfix\">\n            <div class=\"boxes_image\">\n                                <a itemprop=\"url\" href=\"https:\/\/www.noserlight.ch\/home\/fr\/conseils-pour-la-planification-de-votre-eclairage\/\"><img loading=\"lazy\" decoding=\"async\" width=\"539\" height=\"303\" src=\"https:\/\/www.noserlight.ch\/home\/wp-content\/uploads\/2023\/02\/suite_ambient-980x500-1-539x303.jpg\" class=\"attachment-latest_post_boxes size-latest_post_boxes wp-post-image\" alt=\"\" \/><\/a>\n            <\/div>\n            <div class=\"latest_post\"  >\n                <div class=\"latest_post_text\">\n                    <div class=\"latest_post_inner\">\n                        <div class=\"latest_post_text_inner\">\n                            <h5 itemprop=\"name\" class=\"latest_post_title entry_title\"><a itemprop=\"url\" href=\"https:\/\/www.noserlight.ch\/home\/fr\/conseils-pour-la-planification-de-votre-eclairage\/\">Conseils pour la planification de votre \u00e9clairage<\/a><\/h5>\n                            <p class=\"excerpt\">Manger, lire, regarder la t\u00e9l\u00e9vision, travailler ou se d\u00e9tendre &#8211; l&rsquo;exemple du salon montre que......<\/p>\n                            <span class=\"post_infos\">\n                                                                                                \n                                \n                                                            <\/span>\n                        <\/div>\n                    <\/div>\n                <\/div>\n            <\/div>\n        <\/li>\n    \n        <li class=\"clearfix\">\n            <div class=\"boxes_image\">\n                                <a itemprop=\"url\" href=\"https:\/\/www.noserlight.ch\/home\/fr\/ampoules-a-calotte-miroir\/\"><img loading=\"lazy\" decoding=\"async\" width=\"539\" height=\"303\" src=\"https:\/\/www.noserlight.ch\/home\/wp-content\/uploads\/2021\/05\/LED_Kopfspiegel-539x303.jpg\" class=\"attachment-latest_post_boxes size-latest_post_boxes wp-post-image\" alt=\"\" srcset=\"https:\/\/www.noserlight.ch\/home\/wp-content\/uploads\/2021\/05\/LED_Kopfspiegel-539x303.jpg 539w, https:\/\/www.noserlight.ch\/home\/wp-content\/uploads\/2021\/05\/LED_Kopfspiegel-570x320.jpg 570w\" sizes=\"auto, (max-width: 539px) 100vw, 539px\" \/><\/a>\n            <\/div>\n            <div class=\"latest_post\"  >\n                <div class=\"latest_post_text\">\n                    <div class=\"latest_post_inner\">\n                        <div class=\"latest_post_text_inner\">\n                            <h5 itemprop=\"name\" class=\"latest_post_title entry_title\"><a itemprop=\"url\" href=\"https:\/\/www.noserlight.ch\/home\/fr\/ampoules-a-calotte-miroir\/\">AMPOULES \u00c0 CALOTTE MIROIR<\/a><\/h5>\n                            <p class=\"excerpt\">[vc_row css_animation=\u00a0\u00bb\u00a0\u00bb row_type=\u00a0\u00bbrow\u00a0\u00bb use_row_as_full_screen_section=\u00a0\u00bbno\u00a0\u00bb type=\u00a0\u00bbgrid\u00a0\u00bb angled_section=\u00a0\u00bbno\u00a0\u00bb te...<\/p>\n                            <span class=\"post_infos\">\n                                                                                                \n                                \n                                                            <\/span>\n                        <\/div>\n                    <\/div>\n                <\/div>\n            <\/div>\n        <\/li>\n        <\/ul>\n<\/div>[\/vc_column][\/vc_row][vc_row css_animation=\u00a0\u00bb\u00a0\u00bb row_type=\u00a0\u00bbrow\u00a0\u00bb use_row_as_full_screen_section=\u00a0\u00bbno\u00a0\u00bb type=\u00a0\u00bbfull_width\u00a0\u00bb angled_section=\u00a0\u00bbno\u00a0\u00bb text_align=\u00a0\u00bbleft\u00a0\u00bb background_image_as_pattern=\u00a0\u00bbwithout_pattern\u00a0\u00bb][vc_column][vc_empty_space height=\u00a0\u00bb20px\u00a0\u00bb][\/vc_column][\/vc_row][vc_row css_animation=\u00a0\u00bb\u00a0\u00bb row_type=\u00a0\u00bbrow\u00a0\u00bb use_row_as_full_screen_section=\u00a0\u00bbno\u00a0\u00bb type=\u00a0\u00bbfull_width\u00a0\u00bb angled_section=\u00a0\u00bbno\u00a0\u00bb text_align=\u00a0\u00bbleft\u00a0\u00bb background_image_as_pattern=\u00a0\u00bbwithout_pattern\u00a0\u00bb z_index=\u00a0\u00bb\u00a0\u00bb padding_top=\u00a0\u00bb57&Prime;][vc_column][vc_column_text]<\/p>\n<h2 style=\"text-align: center;\">CONTACT<\/h2>\n<p>[\/vc_column_text][vc_empty_space height=\u00a0\u00bb20px\u00a0\u00bb][vc_separator type=\u00a0\u00bbsmall\u00a0\u00bb position=\u00a0\u00bbcenter\u00a0\u00bb down=\u00a0\u00bb38&Prime; up=\u00a0\u00bb7&Prime;][\/vc_column][\/vc_row][vc_row css_animation=\u00a0\u00bb\u00a0\u00bb row_type=\u00a0\u00bbrow\u00a0\u00bb use_row_as_full_screen_section=\u00a0\u00bbno\u00a0\u00bb type=\u00a0\u00bbgrid\u00a0\u00bb angled_section=\u00a0\u00bbno\u00a0\u00bb text_align=\u00a0\u00bbleft\u00a0\u00bb background_image_as_pattern=\u00a0\u00bbwithout_pattern\u00a0\u00bb padding_top=\u00a0\u00bb20&Prime; padding_bottom=\u00a0\u00bb57&Prime; z_index=\u00a0\u00bb\u00a0\u00bb][vc_column width=\u00a0\u00bb1\/4&Prime;]<div class='q_icon_with_title medium circle center '><div class=\"icon_holder \" style=\"margin: 0 0 28px 0; \"><span data-icon-type=\"circle\" data-icon-hover-color=\"#ffff00\" data-icon-hover-bg-color=\"#ffffff\" class=\"qode_iwt_icon_holder fa-stack fa-3x  \" style=\"font-size: 45px;border-color: #000000;background-color: #000000;\"><i class=\"qode_icon_font_awesome fa fa-clock-o qode_iwt_icon_element\" style=\"color: #ffffff;\" ><\/i><\/span><\/div><div class=\"icon_text_holder\" style=\"\"><div class=\"icon_text_inner\" style=\"\"><h3 class=\"icon_title\" style=\"\">HORAIRES D&apos;OUVERTURE<\/h3><p style=''><\/p><\/div><\/div><\/div>[vc_column_text]<\/p>\n<p style=\"text-align: center;\"><strong>Lun. &#8211; Ven.<br \/>\n<\/strong>07.30 &#8211; 12.00, 13.15 &#8211; 17.30 heures<br \/>\n<strong>Sam. <\/strong>09.00 &#8211; 16.00 heures, sans interruption<\/p>\n<p>[\/vc_column_text][vc_empty_space height=\u00a0\u00bb30px\u00a0\u00bb][\/vc_column][vc_column width=\u00a0\u00bb1\/4&Prime;]<div class='q_icon_with_title medium circle center '><div class=\"icon_holder \" style=\"margin: 0 0 28px 0; \"><span data-icon-type=\"circle\" data-icon-hover-color=\"#ffff00\" data-icon-hover-bg-color=\"#ffffff\" class=\"qode_iwt_icon_holder fa-stack fa-3x  \" style=\"font-size: 45px;border-color: #000000;background-color: #000000;\"><i class=\"qode_icon_font_awesome fa fa-home qode_iwt_icon_element\" style=\"color: #ffffff;\" ><\/i><\/span><\/div><div class=\"icon_text_holder\" style=\"\"><div class=\"icon_text_inner\" style=\"\"><h3 class=\"icon_title\" style=\"\">VISITE NOUS<\/h3><p style=''><\/p><\/div><\/div><\/div>[vc_column_text]<\/p>\n<p style=\"text-align: center;\"> D\u00e9couvre nos produits<br \/>\nOttenbacherstrasse 25<br \/>\nCH-8909 Zwillikon\/Affoltern a.A.<\/p>\n<p>[\/vc_column_text][vc_empty_space height=\u00a0\u00bb30px\u00a0\u00bb][\/vc_column][vc_column width=\u00a0\u00bb1\/4&Prime;]<div class='q_icon_with_title medium circle center '><div class=\"icon_holder \" style=\"margin: 0 0 28px 0; \"><span data-icon-type=\"circle\" data-icon-hover-color=\"#ffff00\" data-icon-hover-bg-color=\"#ffffff\" class=\"qode_iwt_icon_holder fa-stack fa-3x  \" style=\"font-size: 45px;border-color: #000000;background-color: #000000;\"><i class=\"qode_icon_font_awesome fa fa-phone qode_iwt_icon_element\" style=\"color: #ffffff;\" ><\/i><\/span><\/div><div class=\"icon_text_holder\" style=\"\"><div class=\"icon_text_inner\" style=\"\"><h3 class=\"icon_title\" style=\"\">APPELLE OU \u00c9CRIS-NOUS<\/h3><p style=''><\/p><\/div><\/div><\/div>[vc_column_text]<\/p>\n<p style=\"text-align: center;\">Phone: +41 44 701 81 81<br \/>\nEmail: <a href=\"mailto:info@noserlight.ch.ch\">info@noserlight.ch.ch<\/a><\/p>\n<p>[\/vc_column_text][vc_empty_space height=\u00a0\u00bb30px\u00a0\u00bb][\/vc_column][vc_column width=\u00a0\u00bb1\/4&Prime;]<div class='q_icon_with_title medium circle center '><div class=\"icon_holder \" style=\"margin: 0 0 28px 0; \"><span data-icon-type=\"circle\" data-icon-hover-color=\"#ffff00\" data-icon-hover-bg-color=\"#ffffff\" class=\"qode_iwt_icon_holder fa-stack fa-3x  \" style=\"font-size: 45px;border-color: #000000;background-color: #000000;\"><i class=\"qode_icon_font_awesome fa fa-thumbs-o-up qode_iwt_icon_element\" style=\"color: #ffffff;\" ><\/i><\/span><\/div><div class=\"icon_text_holder\" style=\"\"><div class=\"icon_text_inner\" style=\"\"><h3 class=\"icon_title\" style=\"\">SUIS-NOUS<\/h3><p style=''><\/p><\/div><\/div><\/div>[vc_column_text]<\/p>\n<p style=\"text-align: center;\">Instagram: <a href=\"https:\/\/www.instagram.com\/noserlight\/\">@noserlight.ch<\/a><br \/>\n<a href=\"https:\/\/www.facebook.com\/noserlight\/\">Facebook: Bruchsch Liecht?<\/a><\/p>\n<p>[\/vc_column_text][vc_empty_space height=\u00a0\u00bb30px\u00a0\u00bb][\/vc_column][\/vc_row][vc_row css_animation=\u00a0\u00bb\u00a0\u00bb row_type=\u00a0\u00bbrow\u00a0\u00bb use_row_as_full_screen_section=\u00a0\u00bbno\u00a0\u00bb type=\u00a0\u00bbgrid\u00a0\u00bb angled_section=\u00a0\u00bbno\u00a0\u00bb text_align=\u00a0\u00bbleft\u00a0\u00bb background_image_as_pattern=\u00a0\u00bbwithout_pattern\u00a0\u00bb padding_top=\u00a0\u00bb57&Prime; padding_bottom=\u00a0\u00bb57&Prime; z_index=\u00a0\u00bb\u00a0\u00bb background_color=\u00a0\u00bb#ffffff\u00a0\u00bb][vc_column][vc_column_text]<\/p>\n<h2 style=\"text-align: center;\">FAIRE UN TOUR DU C\u00d4T\u00c9 DE LA LUMI\u00c8RE (COMMENT NOUS TROUVER)<\/h2>\n<p>[\/vc_column_text][vc_empty_space height=\u00a0\u00bb20px\u00a0\u00bb][vc_separator type=\u00a0\u00bbsmall\u00a0\u00bb position=\u00a0\u00bbcenter\u00a0\u00bb down=\u00a0\u00bb38&Prime; up=\u00a0\u00bb7&Prime;][vc_gmaps link=\u00a0\u00bb#E-8_JTNDaWZyYW1lJTIwc3JjJTNEJTIyaHR0cHMlM0ElMkYlMkZ3d3cuZ29vZ2xlLmNvbSUyRm1hcHMlMkZlbWJlZCUzRnBiJTNEJTIxMW0xOCUyMTFtMTIlMjExbTMlMjExZDI3MDYuMzIwNzA5NTcxMTA4NiUyMTJkOC40MzkxODIzMTU4NTE0MjclMjEzZDQ3LjI4ODUzMTk3OTE2NDk0JTIxMm0zJTIxMWYwJTIxMmYwJTIxM2YwJTIxM20yJTIxMWkxMDI0JTIxMmk3NjglMjE0ZjEzLjElMjEzbTMlMjExbTIlMjExczB4NDc5MDA2MThlMzI1OTZiNSUyNTNBMHgyN2JmNmNkMmI5MjdkMWUlMjEyc05vc2VyJTI1MjBMaWdodCUyNTIwQUclMjE1ZTAlMjEzbTIlMjExc2RlJTIxMnNjaCUyMTR2MTY3Mzc4OTQwMzg0MCUyMTVtMiUyMTFzZGUlMjEyc2NoJTIyJTIwd2lkdGglM0QlMjI2MDAlMjIlMjBoZWlnaHQlM0QlMjI0NTAlMjIlMjBzdHlsZSUzRCUyMmJvcmRlciUzQTAlM0IlMjIlMjBhbGxvd2Z1bGxzY3JlZW4lM0QlMjIlMjIlMjBsb2FkaW5nJTNEJTIybGF6eSUyMiUyMHJlZmVycmVycG9saWN5JTNEJTIybm8tcmVmZXJyZXItd2hlbi1kb3duZ3JhZGUlMjIlM0UlM0MlMkZpZnJhbWUlM0U=\u00a0\u00bb][\/vc_column][\/vc_row][vc_row css_animation=\u00a0\u00bb\u00a0\u00bb row_type=\u00a0\u00bbrow\u00a0\u00bb use_row_as_full_screen_section=\u00a0\u00bbno\u00a0\u00bb type=\u00a0\u00bbfull_width\u00a0\u00bb angled_section=\u00a0\u00bbno\u00a0\u00bb text_align=\u00a0\u00bbleft\u00a0\u00bb background_image_as_pattern=\u00a0\u00bbwithout_pattern\u00a0\u00bb][vc_column][vc_empty_space][vc_separator type=\u00a0\u00bbnormal\u00a0\u00bb][\/vc_column][\/vc_row]<\/p>\n<\/div>","protected":false},"excerpt":{"rendered":"<p>Pour un \u00e9clairage de s\u00e9curit\u00e9 suppl\u00e9mentaire, des spots ou des projecteurs sont par exemple install\u00e9s sous le fa\u00eete du toit. Reli\u00e9s \u00e0 plusieurs d\u00e9tecteurs de mouvement et branch\u00e9s en s\u00e9rie ou combin\u00e9s \u00e0 d&rsquo;autres dispositifs de s\u00e9curit\u00e9 \u00e9lectroniques, ils doivent \u00e9clairer la zone autour de la maison de la mani\u00e8re la plus compl\u00e8te possible.<\/p>\n","protected":false},"author":1,"featured_media":27153,"comment_status":"closed","ping_status":"open","sticky":false,"template":"","format":"standard","meta":{"footnotes":""},"categories":[286,1700,290,285,2163,1883],"tags":[2211,2217,2218,2206,2216,1909,2207,2215,2209,2208,2213,2210,2214,2204,2212,2205],"class_list":["post-25240","post","type-post","status-publish","format-standard","has-post-thumbnail","hentry","category-architectural-lighting-la-lumiere-pour-larchitecture","category-eclairage-professionnel-a-led","category-facility-lighting-la-lumiere-pour-limmobilier-et-le-facility-management","category-home-lighting-la-lumiere-pour-la-maison","category-noser-fr","category-trucs-et-astuces","tag-detecteur-de-mouvement-led","tag-eclairage-de-parking-a-led","tag-eclairage-des-espaces-a-led","tag-eclairage-exterieur-led","tag-eclairage-led-des-halles","tag-lampes-dexterieur-a-led","tag-led-pour-lexterieur","tag-projecteur-a-led","tag-projecteur-a-led-avec-banque-de-puissance","tag-projecteur-a-led-avec-batterie-amovible","tag-projecteur-a-led-avec-detecteur-de-mouvement","tag-projecteur-a-led-mobile","tag-projecteur-led-avec-detecteur","tag-projecteurs-a-led","tag-protection-contre-lintrusion-par-led","tag-spots-a-led"],"yoast_head":"<!-- This site is optimized with the Yoast SEO plugin v27.0 - https:\/\/yoast.com\/product\/yoast-seo-wordpress\/ -->\r\n<title>Protection contre les cambriolages - la lumi\u00e8re est dissuasive - Noserlight AG, LED Leuchten und LED Lampen, LED, Licht, Lichtplanung<\/title>\r\n<meta name=\"robots\" content=\"index, follow, max-snippet:-1, max-image-preview:large, max-video-preview:-1\" \/>\r\n<link rel=\"canonical\" href=\"https:\/\/www.noserlight.ch\/home\/fr\/protection-contre-les-cambriolages-la-lumiere-est-dissuasive\/\" \/>\r\n<meta property=\"og:locale\" content=\"fr_FR\" \/>\r\n<meta property=\"og:type\" content=\"article\" \/>\r\n<meta property=\"og:title\" content=\"Protection contre les cambriolages - la lumi\u00e8re est dissuasive - Noserlight AG, LED Leuchten und LED Lampen, LED, Licht, Lichtplanung\" \/>\r\n<meta property=\"og:description\" content=\"Pour un \u00e9clairage de s\u00e9curit\u00e9 suppl\u00e9mentaire, des spots ou des projecteurs sont par exemple install\u00e9s sous le fa\u00eete du toit. Reli\u00e9s \u00e0 plusieurs d\u00e9tecteurs de mouvement et branch\u00e9s en s\u00e9rie ou combin\u00e9s \u00e0 d&#039;autres dispositifs de s\u00e9curit\u00e9 \u00e9lectroniques, ils doivent \u00e9clairer la zone autour de la maison de la mani\u00e8re la plus compl\u00e8te possible.\" \/>\r\n<meta property=\"og:url\" content=\"https:\/\/www.noserlight.ch\/home\/fr\/protection-contre-les-cambriolages-la-lumiere-est-dissuasive\/\" \/>\r\n<meta property=\"og:site_name\" content=\"Noserlight AG, LED Leuchten und LED Lampen, LED, Licht, Lichtplanung\" \/>\r\n<meta property=\"article:publisher\" content=\"https:\/\/www.facebook.com\/noserlight\/\" \/>\r\n<meta property=\"article:published_time\" content=\"2025-07-10T15:11:47+00:00\" \/>\r\n<meta property=\"og:image\" content=\"https:\/\/www.noserlight.ch\/home\/wp-content\/uploads\/2023\/10\/NOSERLIGHT_LEDStrahler_LEDFluter.jpg\" \/>\r\n\t<meta property=\"og:image:width\" content=\"1920\" \/>\r\n\t<meta property=\"og:image:height\" content=\"1080\" \/>\r\n\t<meta property=\"og:image:type\" content=\"image\/jpeg\" \/>\r\n<meta name=\"author\" content=\"Lighty\" \/>\r\n<meta name=\"twitter:card\" content=\"summary_large_image\" \/>\r\n<meta name=\"twitter:label1\" content=\"\u00c9crit par\" \/>\n\t<meta name=\"twitter:data1\" content=\"Lighty\" \/>\n\t<meta name=\"twitter:label2\" content=\"Dur\u00e9e de lecture estim\u00e9e\" \/>\n\t<meta name=\"twitter:data2\" content=\"7 minutes\" \/>\r\n<script type=\"application\/ld+json\" class=\"yoast-schema-graph\">{\"@context\":\"https:\/\/schema.org\",\"@graph\":[{\"@type\":\"Article\",\"@id\":\"https:\/\/www.noserlight.ch\/home\/fr\/protection-contre-les-cambriolages-la-lumiere-est-dissuasive\/#article\",\"isPartOf\":{\"@id\":\"https:\/\/www.noserlight.ch\/home\/fr\/protection-contre-les-cambriolages-la-lumiere-est-dissuasive\/\"},\"author\":{\"name\":\"Lighty\",\"@id\":\"https:\/\/www.noserlight.ch\/home\/fr\/#\/schema\/person\/818b9e4797c2714379883d5a5f1a86df\"},\"headline\":\"Protection contre les cambriolages &#8211; la lumi\u00e8re est dissuasive\",\"datePublished\":\"2025-07-10T15:11:47+00:00\",\"mainEntityOfPage\":{\"@id\":\"https:\/\/www.noserlight.ch\/home\/fr\/protection-contre-les-cambriolages-la-lumiere-est-dissuasive\/\"},\"wordCount\":1411,\"publisher\":{\"@id\":\"https:\/\/www.noserlight.ch\/home\/fr\/#organization\"},\"image\":{\"@id\":\"https:\/\/www.noserlight.ch\/home\/fr\/protection-contre-les-cambriolages-la-lumiere-est-dissuasive\/#primaryimage\"},\"thumbnailUrl\":\"https:\/\/www.noserlight.ch\/home\/wp-content\/uploads\/2023\/10\/NOSERLIGHT_LEDStrahler_LEDFluter.jpg\",\"keywords\":[\"D\u00e9tecteur de mouvement LED\",\"\u00c9clairage de parking \u00e0 LED\",\"\u00c9clairage des espaces \u00e0 LED\",\"\u00c9clairage ext\u00e9rieur LED\",\"\u00c9clairage LED des halles\",\"Lampes d'ext\u00e9rieur \u00e0 LED\",\"LED pour l'ext\u00e9rieur\",\"Projecteur \u00e0 LED\",\"Projecteur \u00e0 LED avec banque de puissance\",\"Projecteur \u00e0 LED avec batterie amovible\",\"Projecteur \u00e0 LED avec d\u00e9tecteur de mouvement\",\"Projecteur \u00e0 LED mobile\",\"Projecteur LED avec d\u00e9tecteur\",\"Projecteurs \u00e0 LED\",\"Protection contre l'intrusion par LED\",\"Spots \u00e0 LED\"],\"articleSection\":[\"Architectural lighting - La lumi\u00e8re pour l'architecture\",\"\u00c9clairage professionnel \u00e0 LED\",\"Facility Lighting - La lumi\u00e8re pour l'immobilier et le Facility Management\",\"Home Lighting - La lumi\u00e8re pour la maison\",\"NOSER\",\"Trucs et astuces\"],\"inLanguage\":\"fr-FR\"},{\"@type\":\"WebPage\",\"@id\":\"https:\/\/www.noserlight.ch\/home\/fr\/protection-contre-les-cambriolages-la-lumiere-est-dissuasive\/\",\"url\":\"https:\/\/www.noserlight.ch\/home\/fr\/protection-contre-les-cambriolages-la-lumiere-est-dissuasive\/\",\"name\":\"Protection contre les cambriolages - la lumi\u00e8re est dissuasive - Noserlight AG, LED Leuchten und LED Lampen, LED, Licht, Lichtplanung\",\"isPartOf\":{\"@id\":\"https:\/\/www.noserlight.ch\/home\/fr\/#website\"},\"primaryImageOfPage\":{\"@id\":\"https:\/\/www.noserlight.ch\/home\/fr\/protection-contre-les-cambriolages-la-lumiere-est-dissuasive\/#primaryimage\"},\"image\":{\"@id\":\"https:\/\/www.noserlight.ch\/home\/fr\/protection-contre-les-cambriolages-la-lumiere-est-dissuasive\/#primaryimage\"},\"thumbnailUrl\":\"https:\/\/www.noserlight.ch\/home\/wp-content\/uploads\/2023\/10\/NOSERLIGHT_LEDStrahler_LEDFluter.jpg\",\"datePublished\":\"2025-07-10T15:11:47+00:00\",\"breadcrumb\":{\"@id\":\"https:\/\/www.noserlight.ch\/home\/fr\/protection-contre-les-cambriolages-la-lumiere-est-dissuasive\/#breadcrumb\"},\"inLanguage\":\"fr-FR\",\"potentialAction\":[{\"@type\":\"ReadAction\",\"target\":[\"https:\/\/www.noserlight.ch\/home\/fr\/protection-contre-les-cambriolages-la-lumiere-est-dissuasive\/\"]}]},{\"@type\":\"ImageObject\",\"inLanguage\":\"fr-FR\",\"@id\":\"https:\/\/www.noserlight.ch\/home\/fr\/protection-contre-les-cambriolages-la-lumiere-est-dissuasive\/#primaryimage\",\"url\":\"https:\/\/www.noserlight.ch\/home\/wp-content\/uploads\/2023\/10\/NOSERLIGHT_LEDStrahler_LEDFluter.jpg\",\"contentUrl\":\"https:\/\/www.noserlight.ch\/home\/wp-content\/uploads\/2023\/10\/NOSERLIGHT_LEDStrahler_LEDFluter.jpg\",\"width\":1920,\"height\":1080},{\"@type\":\"BreadcrumbList\",\"@id\":\"https:\/\/www.noserlight.ch\/home\/fr\/protection-contre-les-cambriolages-la-lumiere-est-dissuasive\/#breadcrumb\",\"itemListElement\":[{\"@type\":\"ListItem\",\"position\":1,\"name\":\"Startseite\",\"item\":\"https:\/\/www.noserlight.ch\/home\/fr\/\"},{\"@type\":\"ListItem\",\"position\":2,\"name\":\"Protection contre les cambriolages &#8211; la lumi\u00e8re est dissuasive\"}]},{\"@type\":\"WebSite\",\"@id\":\"https:\/\/www.noserlight.ch\/home\/fr\/#website\",\"url\":\"https:\/\/www.noserlight.ch\/home\/fr\/\",\"name\":\"Noserlight AG, LED Leuchten und LED Lampen, LED, Licht, Lichtplanung\",\"description\":\"Bruchsch Liecht? D\u00e4 Nosi h\u00e4t&#039;s!\",\"publisher\":{\"@id\":\"https:\/\/www.noserlight.ch\/home\/fr\/#organization\"},\"potentialAction\":[{\"@type\":\"SearchAction\",\"target\":{\"@type\":\"EntryPoint\",\"urlTemplate\":\"https:\/\/www.noserlight.ch\/home\/fr\/?s={search_term_string}\"},\"query-input\":{\"@type\":\"PropertyValueSpecification\",\"valueRequired\":true,\"valueName\":\"search_term_string\"}}],\"inLanguage\":\"fr-FR\"},{\"@type\":\"Organization\",\"@id\":\"https:\/\/www.noserlight.ch\/home\/fr\/#organization\",\"name\":\"Noserlight AG, LED Leuchten und LED Lampen, LED, Licht, Lichtplanung\",\"url\":\"https:\/\/www.noserlight.ch\/home\/fr\/\",\"logo\":{\"@type\":\"ImageObject\",\"inLanguage\":\"fr-FR\",\"@id\":\"https:\/\/www.noserlight.ch\/home\/fr\/#\/schema\/logo\/image\/\",\"url\":\"https:\/\/www.noserlight.ch\/home\/wp-content\/uploads\/2022\/12\/NoserlightAG_Logo_mit_Schlirgg_NEU_1-1.png\",\"contentUrl\":\"https:\/\/www.noserlight.ch\/home\/wp-content\/uploads\/2022\/12\/NoserlightAG_Logo_mit_Schlirgg_NEU_1-1.png\",\"width\":482,\"height\":121,\"caption\":\"Noserlight AG, LED Leuchten und LED Lampen, LED, Licht, Lichtplanung\"},\"image\":{\"@id\":\"https:\/\/www.noserlight.ch\/home\/fr\/#\/schema\/logo\/image\/\"},\"sameAs\":[\"https:\/\/www.facebook.com\/noserlight\/\",\"https:\/\/www.instagram.com\/noserlight\/\"]},{\"@type\":\"Person\",\"@id\":\"https:\/\/www.noserlight.ch\/home\/fr\/#\/schema\/person\/818b9e4797c2714379883d5a5f1a86df\",\"name\":\"Lighty\",\"image\":{\"@type\":\"ImageObject\",\"inLanguage\":\"fr-FR\",\"@id\":\"https:\/\/www.noserlight.ch\/home\/fr\/#\/schema\/person\/image\/\",\"url\":\"https:\/\/secure.gravatar.com\/avatar\/989f9fa74ba285c67e97f07f3b90258a3543e7fadbafa214115603a49797ac7a?s=96&d=mm&r=g\",\"contentUrl\":\"https:\/\/secure.gravatar.com\/avatar\/989f9fa74ba285c67e97f07f3b90258a3543e7fadbafa214115603a49797ac7a?s=96&d=mm&r=g\",\"caption\":\"Lighty\"},\"sameAs\":[\"https:\/\/www.noserlight.ch\/home\/\"],\"url\":\"https:\/\/www.noserlight.ch\/home\/fr\/author\/lighty\/\"}]}<\/script>\r\n<!-- \/ Yoast SEO plugin. -->","yoast_head_json":{"title":"Protection contre les cambriolages - la lumi\u00e8re est dissuasive - Noserlight AG, LED Leuchten und LED Lampen, LED, Licht, Lichtplanung","robots":{"index":"index","follow":"follow","max-snippet":"max-snippet:-1","max-image-preview":"max-image-preview:large","max-video-preview":"max-video-preview:-1"},"canonical":"https:\/\/www.noserlight.ch\/home\/fr\/protection-contre-les-cambriolages-la-lumiere-est-dissuasive\/","og_locale":"fr_FR","og_type":"article","og_title":"Protection contre les cambriolages - la lumi\u00e8re est dissuasive - Noserlight AG, LED Leuchten und LED Lampen, LED, Licht, Lichtplanung","og_description":"Pour un \u00e9clairage de s\u00e9curit\u00e9 suppl\u00e9mentaire, des spots ou des projecteurs sont par exemple install\u00e9s sous le fa\u00eete du toit. Reli\u00e9s \u00e0 plusieurs d\u00e9tecteurs de mouvement et branch\u00e9s en s\u00e9rie ou combin\u00e9s \u00e0 d'autres dispositifs de s\u00e9curit\u00e9 \u00e9lectroniques, ils doivent \u00e9clairer la zone autour de la maison de la mani\u00e8re la plus compl\u00e8te possible.","og_url":"https:\/\/www.noserlight.ch\/home\/fr\/protection-contre-les-cambriolages-la-lumiere-est-dissuasive\/","og_site_name":"Noserlight AG, LED Leuchten und LED Lampen, LED, Licht, Lichtplanung","article_publisher":"https:\/\/www.facebook.com\/noserlight\/","article_published_time":"2025-07-10T15:11:47+00:00","og_image":[{"width":1920,"height":1080,"url":"https:\/\/www.noserlight.ch\/home\/wp-content\/uploads\/2023\/10\/NOSERLIGHT_LEDStrahler_LEDFluter.jpg","type":"image\/jpeg"}],"author":"Lighty","twitter_card":"summary_large_image","twitter_misc":{"\u00c9crit par":"Lighty","Dur\u00e9e de lecture estim\u00e9e":"7 minutes"},"schema":{"@context":"https:\/\/schema.org","@graph":[{"@type":"Article","@id":"https:\/\/www.noserlight.ch\/home\/fr\/protection-contre-les-cambriolages-la-lumiere-est-dissuasive\/#article","isPartOf":{"@id":"https:\/\/www.noserlight.ch\/home\/fr\/protection-contre-les-cambriolages-la-lumiere-est-dissuasive\/"},"author":{"name":"Lighty","@id":"https:\/\/www.noserlight.ch\/home\/fr\/#\/schema\/person\/818b9e4797c2714379883d5a5f1a86df"},"headline":"Protection contre les cambriolages &#8211; la lumi\u00e8re est dissuasive","datePublished":"2025-07-10T15:11:47+00:00","mainEntityOfPage":{"@id":"https:\/\/www.noserlight.ch\/home\/fr\/protection-contre-les-cambriolages-la-lumiere-est-dissuasive\/"},"wordCount":1411,"publisher":{"@id":"https:\/\/www.noserlight.ch\/home\/fr\/#organization"},"image":{"@id":"https:\/\/www.noserlight.ch\/home\/fr\/protection-contre-les-cambriolages-la-lumiere-est-dissuasive\/#primaryimage"},"thumbnailUrl":"https:\/\/www.noserlight.ch\/home\/wp-content\/uploads\/2023\/10\/NOSERLIGHT_LEDStrahler_LEDFluter.jpg","keywords":["D\u00e9tecteur de mouvement LED","\u00c9clairage de parking \u00e0 LED","\u00c9clairage des espaces \u00e0 LED","\u00c9clairage ext\u00e9rieur LED","\u00c9clairage LED des halles","Lampes d'ext\u00e9rieur \u00e0 LED","LED pour l'ext\u00e9rieur","Projecteur \u00e0 LED","Projecteur \u00e0 LED avec banque de puissance","Projecteur \u00e0 LED avec batterie amovible","Projecteur \u00e0 LED avec d\u00e9tecteur de mouvement","Projecteur \u00e0 LED mobile","Projecteur LED avec d\u00e9tecteur","Projecteurs \u00e0 LED","Protection contre l'intrusion par LED","Spots \u00e0 LED"],"articleSection":["Architectural lighting - La lumi\u00e8re pour l'architecture","\u00c9clairage professionnel \u00e0 LED","Facility Lighting - La lumi\u00e8re pour l'immobilier et le Facility Management","Home Lighting - La lumi\u00e8re pour la maison","NOSER","Trucs et astuces"],"inLanguage":"fr-FR"},{"@type":"WebPage","@id":"https:\/\/www.noserlight.ch\/home\/fr\/protection-contre-les-cambriolages-la-lumiere-est-dissuasive\/","url":"https:\/\/www.noserlight.ch\/home\/fr\/protection-contre-les-cambriolages-la-lumiere-est-dissuasive\/","name":"Protection contre les cambriolages - la lumi\u00e8re est dissuasive - Noserlight AG, LED Leuchten und LED Lampen, LED, Licht, Lichtplanung","isPartOf":{"@id":"https:\/\/www.noserlight.ch\/home\/fr\/#website"},"primaryImageOfPage":{"@id":"https:\/\/www.noserlight.ch\/home\/fr\/protection-contre-les-cambriolages-la-lumiere-est-dissuasive\/#primaryimage"},"image":{"@id":"https:\/\/www.noserlight.ch\/home\/fr\/protection-contre-les-cambriolages-la-lumiere-est-dissuasive\/#primaryimage"},"thumbnailUrl":"https:\/\/www.noserlight.ch\/home\/wp-content\/uploads\/2023\/10\/NOSERLIGHT_LEDStrahler_LEDFluter.jpg","datePublished":"2025-07-10T15:11:47+00:00","breadcrumb":{"@id":"https:\/\/www.noserlight.ch\/home\/fr\/protection-contre-les-cambriolages-la-lumiere-est-dissuasive\/#breadcrumb"},"inLanguage":"fr-FR","potentialAction":[{"@type":"ReadAction","target":["https:\/\/www.noserlight.ch\/home\/fr\/protection-contre-les-cambriolages-la-lumiere-est-dissuasive\/"]}]},{"@type":"ImageObject","inLanguage":"fr-FR","@id":"https:\/\/www.noserlight.ch\/home\/fr\/protection-contre-les-cambriolages-la-lumiere-est-dissuasive\/#primaryimage","url":"https:\/\/www.noserlight.ch\/home\/wp-content\/uploads\/2023\/10\/NOSERLIGHT_LEDStrahler_LEDFluter.jpg","contentUrl":"https:\/\/www.noserlight.ch\/home\/wp-content\/uploads\/2023\/10\/NOSERLIGHT_LEDStrahler_LEDFluter.jpg","width":1920,"height":1080},{"@type":"BreadcrumbList","@id":"https:\/\/www.noserlight.ch\/home\/fr\/protection-contre-les-cambriolages-la-lumiere-est-dissuasive\/#breadcrumb","itemListElement":[{"@type":"ListItem","position":1,"name":"Startseite","item":"https:\/\/www.noserlight.ch\/home\/fr\/"},{"@type":"ListItem","position":2,"name":"Protection contre les cambriolages &#8211; la lumi\u00e8re est dissuasive"}]},{"@type":"WebSite","@id":"https:\/\/www.noserlight.ch\/home\/fr\/#website","url":"https:\/\/www.noserlight.ch\/home\/fr\/","name":"Noserlight AG, LED Leuchten und LED Lampen, LED, Licht, Lichtplanung","description":"Bruchsch Liecht? D\u00e4 Nosi h\u00e4t&#039;s!","publisher":{"@id":"https:\/\/www.noserlight.ch\/home\/fr\/#organization"},"potentialAction":[{"@type":"SearchAction","target":{"@type":"EntryPoint","urlTemplate":"https:\/\/www.noserlight.ch\/home\/fr\/?s={search_term_string}"},"query-input":{"@type":"PropertyValueSpecification","valueRequired":true,"valueName":"search_term_string"}}],"inLanguage":"fr-FR"},{"@type":"Organization","@id":"https:\/\/www.noserlight.ch\/home\/fr\/#organization","name":"Noserlight AG, LED Leuchten und LED Lampen, LED, Licht, Lichtplanung","url":"https:\/\/www.noserlight.ch\/home\/fr\/","logo":{"@type":"ImageObject","inLanguage":"fr-FR","@id":"https:\/\/www.noserlight.ch\/home\/fr\/#\/schema\/logo\/image\/","url":"https:\/\/www.noserlight.ch\/home\/wp-content\/uploads\/2022\/12\/NoserlightAG_Logo_mit_Schlirgg_NEU_1-1.png","contentUrl":"https:\/\/www.noserlight.ch\/home\/wp-content\/uploads\/2022\/12\/NoserlightAG_Logo_mit_Schlirgg_NEU_1-1.png","width":482,"height":121,"caption":"Noserlight AG, LED Leuchten und LED Lampen, LED, Licht, Lichtplanung"},"image":{"@id":"https:\/\/www.noserlight.ch\/home\/fr\/#\/schema\/logo\/image\/"},"sameAs":["https:\/\/www.facebook.com\/noserlight\/","https:\/\/www.instagram.com\/noserlight\/"]},{"@type":"Person","@id":"https:\/\/www.noserlight.ch\/home\/fr\/#\/schema\/person\/818b9e4797c2714379883d5a5f1a86df","name":"Lighty","image":{"@type":"ImageObject","inLanguage":"fr-FR","@id":"https:\/\/www.noserlight.ch\/home\/fr\/#\/schema\/person\/image\/","url":"https:\/\/secure.gravatar.com\/avatar\/989f9fa74ba285c67e97f07f3b90258a3543e7fadbafa214115603a49797ac7a?s=96&d=mm&r=g","contentUrl":"https:\/\/secure.gravatar.com\/avatar\/989f9fa74ba285c67e97f07f3b90258a3543e7fadbafa214115603a49797ac7a?s=96&d=mm&r=g","caption":"Lighty"},"sameAs":["https:\/\/www.noserlight.ch\/home\/"],"url":"https:\/\/www.noserlight.ch\/home\/fr\/author\/lighty\/"}]}},"_links":{"self":[{"href":"https:\/\/www.noserlight.ch\/home\/fr\/wp-json\/wp\/v2\/posts\/25240","targetHints":{"allow":["GET"]}}],"collection":[{"href":"https:\/\/www.noserlight.ch\/home\/fr\/wp-json\/wp\/v2\/posts"}],"about":[{"href":"https:\/\/www.noserlight.ch\/home\/fr\/wp-json\/wp\/v2\/types\/post"}],"author":[{"embeddable":true,"href":"https:\/\/www.noserlight.ch\/home\/fr\/wp-json\/wp\/v2\/users\/1"}],"replies":[{"embeddable":true,"href":"https:\/\/www.noserlight.ch\/home\/fr\/wp-json\/wp\/v2\/comments?post=25240"}],"version-history":[{"count":0,"href":"https:\/\/www.noserlight.ch\/home\/fr\/wp-json\/wp\/v2\/posts\/25240\/revisions"}],"wp:featuredmedia":[{"embeddable":true,"href":"https:\/\/www.noserlight.ch\/home\/fr\/wp-json\/wp\/v2\/media\/27153"}],"wp:attachment":[{"href":"https:\/\/www.noserlight.ch\/home\/fr\/wp-json\/wp\/v2\/media?parent=25240"}],"wp:term":[{"taxonomy":"category","embeddable":true,"href":"https:\/\/www.noserlight.ch\/home\/fr\/wp-json\/wp\/v2\/categories?post=25240"},{"taxonomy":"post_tag","embeddable":true,"href":"https:\/\/www.noserlight.ch\/home\/fr\/wp-json\/wp\/v2\/tags?post=25240"}],"curies":[{"name":"wp","href":"https:\/\/api.w.org\/{rel}","templated":true}]}}