{"id":25124,"date":"2024-07-27T18:13:27","date_gmt":"2024-07-27T16:13:27","guid":{"rendered":"https:\/\/www.noserlight.ch\/home\/2021\/07\/27\/led-upgrade-pour-le-systeme-check-in-prime\/"},"modified":"2023-10-05T00:07:05","modified_gmt":"2023-10-04T22:07:05","slug":"led-upgrade-pour-le-systeme-check-in-prime","status":"publish","type":"post","link":"https:\/\/www.noserlight.ch\/home\/fr\/led-upgrade-pour-le-systeme-check-in-prime\/","title":{"rendered":"LED Upgrade! &#8230; pour le syst\u00e8me CHECK-IN prim\u00e9"},"content":{"rendered":"<div class=\"wpb-content-wrapper\"><p>[vc_row css_animation=\u00a0\u00bb\u00a0\u00bb row_type=\u00a0\u00bbrow\u00a0\u00bb use_row_as_full_screen_section=\u00a0\u00bbno\u00a0\u00bb type=\u00a0\u00bbfull_width\u00a0\u00bb angled_section=\u00a0\u00bbno\u00a0\u00bb text_align=\u00a0\u00bbleft\u00a0\u00bb background_image_as_pattern=\u00a0\u00bbwithout_pattern\u00a0\u00bb][vc_column][vc_column_text]<\/p>\n<div>Si petit, si beau : <a href=\"https:\/\/www.noserlight.ch\/LEDInfo\/NOSERLIGHT_OLIGO_Systemleuchten_05_Check-In_230V-Schienensystem.pdf\" target=\"_blank\" rel=\"noopener\">CHECK-IN<\/a> est un syst\u00e8me de rail monophas\u00e9 230 V \u00e9l\u00e9gant et de grand format. Avec ses dimensions minimalistes, il compte parmi les plus petits de son genre dans le monde et a \u00e9t\u00e9 r\u00e9compens\u00e9 par de nombreux prix de design. Des formes innovantes, une longue dur\u00e9e de vie et des possibilit\u00e9s intelligentes de commande de l&rsquo;\u00e9clairage font des luminaires \u00e9quip\u00e9s de la technique d&rsquo;\u00e9clairage LED un point fort optique et efficace dans le domaine de l&rsquo;habitat et des b\u00e2timents. Laisse-toi inspirer par nos nouvelles id\u00e9es d&rsquo;\u00e9clairage.<\/div>\n<p>[\/vc_column_text][\/vc_column][\/vc_row][vc_row css_animation=\u00a0\u00bb\u00a0\u00bb row_type=\u00a0\u00bbrow\u00a0\u00bb use_row_as_full_screen_section=\u00a0\u00bbno\u00a0\u00bb type=\u00a0\u00bbfull_width\u00a0\u00bb angled_section=\u00a0\u00bbno\u00a0\u00bb text_align=\u00a0\u00bbleft\u00a0\u00bb background_image_as_pattern=\u00a0\u00bbwithout_pattern\u00a0\u00bb z_index=\u00a0\u00bb\u00a0\u00bb padding_top=\u00a0\u00bb57&Prime; padding_bottom=\u00a0\u00bb57&Prime;][vc_column width=\u00a0\u00bb1\/2&Prime;][vc_single_image image=\u00a0\u00bb25101&Prime; img_size=\u00a0\u00bb550&#215;770&Prime; onclick=\u00a0\u00bbcustom_link\u00a0\u00bb img_link_target=\u00a0\u00bb_blank\u00a0\u00bb qode_css_animation=\u00a0\u00bb\u00a0\u00bb link=\u00a0\u00bbhttps:\/\/www.noserlight.ch\/LEDInfo\/NOSERLIGHT_OLIGO_Systemleuchten_05_Check-In_230V-Schienensystem.pdf\u00a0\u00bb][\/vc_column][vc_column width=\u00a0\u00bb1\/2&Prime;][vc_column_text]<\/p>\n<h3>AWARDS<\/h3>\n<p>[\/vc_column_text][vc_empty_space height=\u00a0\u00bb20px\u00a0\u00bb][vc_column_text]En 2003, le syst\u00e8me <a href=\"https:\/\/www.noserlight.ch\/LEDInfo\/NOSERLIGHT_OLIGO_Systemleuchten_05_Check-In_230V-Schienensystem.pdf\" target=\"_blank\" rel=\"noopener\">CHECK-IN<\/a> a remport\u00e9 le rod dot design award, en 2004 le iF product design award et a \u00e9t\u00e9 nomin\u00e9 pour le prix du design de la R\u00e9publique f\u00e9d\u00e9rale d&rsquo;Allemagne.<\/p>\n<p><a href=\"https:\/\/ifdesign.com\/\" target=\"_blank\" rel=\"noopener\"><b>iF product design award<\/b><\/a><\/p>\n<p>L&rsquo;iF DESIGN AWARD est l&rsquo;un des prix de design les plus prestigieux au monde. Depuis 1953, il est organis\u00e9 depuis l&rsquo;Allemagne et offre, avec le label iF, un signe fiable de bon design, tant pour les consommateurs que pour la communaut\u00e9 du design. Des experts internationaux en design se r\u00e9unissent chaque ann\u00e9e pour s\u00e9lectionner des designs prim\u00e9s. L&rsquo;\u00e9valuation est bas\u00e9e sur des normes de jury strictement neutres.<\/p>\n<p><a href=\"https:\/\/www.german-design-award.com\/\" target=\"_blank\" rel=\"noopener\"><b>Prix du design de la R\u00e9publique f\u00e9d\u00e9rale d&rsquo;Allemagne<\/b><\/a><\/p>\n<p>De 2002 \u00e0 2014, le prix du design de la R\u00e9publique f\u00e9d\u00e9rale d&rsquo;Allemagne a \u00e9t\u00e9 la plus haute distinction officielle d\u00e9cern\u00e9e en Allemagne pour un design exceptionnel.<\/p>\n<p><a href=\"https:\/\/www.red-dot.org\/de\/\" target=\"_blank\" rel=\"noopener\"><b>red dot design award<\/b><\/a><\/p>\n<p>\u00ab\u00a0In search of good design\u00a0\u00bb &#8211; le Red Dot Design Award compte parmi les plus grands concours de design au monde. Le label Red Dot s&rsquo;est impos\u00e9 au niveau international comme l&rsquo;un des labels de qualit\u00e9 les plus convoit\u00e9s pour un design de qualit\u00e9.[\/vc_column_text][\/vc_column][\/vc_row][vc_row css_animation=\u00a0\u00bb\u00a0\u00bb row_type=\u00a0\u00bbrow\u00a0\u00bb use_row_as_full_screen_section=\u00a0\u00bbno\u00a0\u00bb type=\u00a0\u00bbfull_width\u00a0\u00bb angled_section=\u00a0\u00bbno\u00a0\u00bb text_align=\u00a0\u00bbleft\u00a0\u00bb background_image_as_pattern=\u00a0\u00bbwithout_pattern\u00a0\u00bb css=\u00a0\u00bb.vc_custom_1696415786613{background-color: #ffffff !important;}\u00a0\u00bb z_index=\u00a0\u00bb\u00a0\u00bb padding_top=\u00a0\u00bb57&Prime; padding_bottom=\u00a0\u00bb57&Prime;][vc_column width=\u00a0\u00bb1\/3&Prime;][vc_column_text]<\/p>\n<h5><a href=\"https:\/\/www.noserlight.ch\/LEDInfo\/NOSERLIGHT_OLIGO_Systemleuchten_05_Check-In_230V-Schienensystem.pdf\" target=\"_blank\" rel=\"noopener\">CHECK-IN EN D\u00c9TAIL<\/a><\/h5>\n<p>[\/vc_column_text][vc_separator type=\u00a0\u00bbnormal\u00a0\u00bb][vc_empty_space][vc_single_image image=\u00a0\u00bb16858&Prime; img_size=\u00a0\u00bb600&#215;600&Prime; onclick=\u00a0\u00bbcustom_link\u00a0\u00bb img_link_target=\u00a0\u00bb_blank\u00a0\u00bb qode_css_animation=\u00a0\u00bb\u00a0\u00bb qode_hover_animation=\u00a0\u00bbdarken\u00a0\u00bb link=\u00a0\u00bbhttps:\/\/www.noserlight.ch\/LEDInfo\/NOSERLIGHT_OLIGO_Systemleuchten_05_Check-In_230V-Schienensystem.pdf\u00a0\u00bb][vc_empty_space][\/vc_column][vc_column width=\u00a0\u00bb1\/3&Prime;][vc_column_text]<\/p>\n<h5><a href=\"https:\/\/noserlight.ch\/LEDInfo\/NOSERLIGHT_OLIGO_2022_Systemleuchten_System-luminaires.pdf\" target=\"_blank\" rel=\"noopener\">OLIGO SYST\u00c8MES D&rsquo;\u00c9CLAIRAGE<\/a><\/h5>\n<p>[\/vc_column_text][vc_separator type=\u00a0\u00bbnormal\u00a0\u00bb][vc_empty_space][vc_single_image image=\u00a0\u00bb25105&Prime; img_size=\u00a0\u00bb600&#215;600&Prime; onclick=\u00a0\u00bbcustom_link\u00a0\u00bb img_link_target=\u00a0\u00bb_blank\u00a0\u00bb qode_css_animation=\u00a0\u00bb\u00a0\u00bb qode_hover_animation=\u00a0\u00bbdarken\u00a0\u00bb link=\u00a0\u00bbhttps:\/\/noserlight.ch\/LEDInfo\/NOSERLIGHT_OLIGO_2022_Systemleuchten_System-luminaires.pdf\u00a0\u00bb][vc_empty_space][\/vc_column][vc_column width=\u00a0\u00bb1\/3&Prime;][vc_column_text]<\/p>\n<h5><a href=\"https:\/\/noserlight.ch\/LEDInfo\/NOSERLIGHT_OLIGO_2022_Einzelleuchten_Single-luminaires.pdf\" target=\"_blank\" rel=\"noopener\">OLIGO LUMINAIRES<\/a><\/h5>\n<p>[\/vc_column_text][vc_separator type=\u00a0\u00bbnormal\u00a0\u00bb][vc_empty_space][vc_single_image image=\u00a0\u00bb25109&Prime; img_size=\u00a0\u00bb600&#215;600&Prime; onclick=\u00a0\u00bbcustom_link\u00a0\u00bb img_link_target=\u00a0\u00bb_blank\u00a0\u00bb qode_css_animation=\u00a0\u00bb\u00a0\u00bb qode_hover_animation=\u00a0\u00bbdarken\u00a0\u00bb link=\u00a0\u00bbhttps:\/\/noserlight.ch\/LEDInfo\/NOSERLIGHT_OLIGO_2022_Einzelleuchten_Single-luminaires.pdf\u00a0\u00bb][vc_empty_space][\/vc_column][\/vc_row][vc_row css_animation=\u00a0\u00bb\u00a0\u00bb row_type=\u00a0\u00bbrow\u00a0\u00bb use_row_as_full_screen_section=\u00a0\u00bbno\u00a0\u00bb type=\u00a0\u00bbgrid\u00a0\u00bb angled_section=\u00a0\u00bbno\u00a0\u00bb text_align=\u00a0\u00bbleft\u00a0\u00bb background_image_as_pattern=\u00a0\u00bbwithout_pattern\u00a0\u00bb padding_top=\u00a0\u00bb57&Prime; padding_bottom=\u00a0\u00bb57&Prime; z_index=\u00a0\u00bb\u00a0\u00bb][vc_column width=\u00a0\u00bb1\/3&Prime;][vc_empty_space height=\u00a0\u00bb10px\u00a0\u00bb]<div class='q_icon_with_title medium circle center '><div class=\"icon_holder \" style=\"margin: 0 0 28px 0; \"><a itemprop=\"url\" href=\"https:\/\/noserlight.ch\/LEDInfo\/NOSERLIGHT_OLIGO_KatalogeAktuell.pdf\" target=\"\" class=\"q_icon_link\"><span data-icon-type=\"circle\" data-icon-hover-color=\"#ffff00\" data-icon-hover-bg-color=\"#ffffff\" class=\"qode_iwt_icon_holder fa-stack fa-3x  \" style=\"font-size: 45px;border-color: #000000;background-color: #000000;\"><i class=\"qode_icon_font_awesome fa fa-book qode_iwt_icon_element\" style=\"color: #ffffff;\" ><\/i><\/span><\/a><\/div><div class=\"icon_text_holder\" style=\"\"><div class=\"icon_text_inner\" style=\"\"><h3 class=\"icon_title\" style=\"\">CATALOGUE<\/h3><p style='color: #000000'><\/p><a itemprop='url' class='icon_with_title_link' href='https:\/\/noserlight.ch\/LEDInfo\/NOSERLIGHT_OLIGO_KatalogeAktuell.pdf' target='_self' style=''>Cliquez ici pour consulter les catalogues de notre portefeuille avec les luminaires d&apos;OLIGO Lichttechnik<\/a><\/div><\/div><\/div>[\/vc_column][vc_column width=\u00a0\u00bb1\/3&Prime;][vc_empty_space height=\u00a0\u00bb10px\u00a0\u00bb]<div class='q_icon_with_title medium circle center '><div class=\"icon_holder \" style=\"margin: 0 0 28px 0; \"><a itemprop=\"url\" href=\"https:\/\/www.noserlight.ch\/home\/kontakt\/\" target=\"\" class=\"q_icon_link\"><span data-icon-type=\"circle\" data-icon-hover-color=\"#ffff00\" data-icon-hover-bg-color=\"#ffffff\" class=\"qode_iwt_icon_holder fa-stack fa-3x  \" style=\"font-size: 45px;border-color: #000000;background-color: #000000;\"><i class=\"qode_icon_font_awesome fa fa-eye qode_iwt_icon_element\" style=\"color: #ffffff;\" ><\/i><\/span><\/a><\/div><div class=\"icon_text_holder\" style=\"\"><div class=\"icon_text_inner\" style=\"\"><h3 class=\"icon_title\" style=\"\">Voir en direct<\/h3><p style=''><\/p><a itemprop='url' class='icon_with_title_link' href='https:\/\/www.noserlight.ch\/home\/kontakt\/' target='_self' style=''>D\u00e9couvre notre portefeuille de marques et les possibilit\u00e9s que t&apos;offrent nos LED en direct dans notre magasin avec showroom.<\/a><\/div><\/div><\/div>[\/vc_column][vc_column width=\u00a0\u00bb1\/3&Prime;][vc_empty_space height=\u00a0\u00bb10px\u00a0\u00bb]<div class='q_icon_with_title medium circle center '><div class=\"icon_holder \" style=\"margin: 0 0 28px 0; \"><a itemprop=\"url\" href=\"https:\/\/www.noserlight.ch\/shop\/\" target=\"\" class=\"q_icon_link\"><span data-icon-type=\"circle\" data-icon-hover-color=\"#ffff00\" data-icon-hover-bg-color=\"#ffffff\" class=\"qode_iwt_icon_holder fa-stack fa-3x  \" style=\"font-size: 45px;border-color: #000000;background-color: #000000;\"><i class=\"qode_icon_font_awesome fa fa-cart-plus qode_iwt_icon_element\" style=\"color: #ffffff;\" ><\/i><\/span><\/a><\/div><div class=\"icon_text_holder\" style=\"\"><div class=\"icon_text_inner\" style=\"\"><h3 class=\"icon_title\" style=\"\">Vers la boutique en ligne<\/h3><p style=''><\/p><a itemprop='url' class='icon_with_title_link' href='https:\/\/www.noserlight.ch\/shop\/' target='_self' style=''>Tu sais ce qu&apos;il te faut ? Alors, c&apos;est ici que se trouve notre boutique en ligne avec les meilleurs produits pour ton projet d&apos;\u00e9clairage LED parfait.<\/a><\/div><\/div><\/div>[\/vc_column][\/vc_row][vc_row css_animation=\u00a0\u00bb\u00a0\u00bb row_type=\u00a0\u00bbrow\u00a0\u00bb use_row_as_full_screen_section=\u00a0\u00bbno\u00a0\u00bb type=\u00a0\u00bbgrid\u00a0\u00bb angled_section=\u00a0\u00bbno\u00a0\u00bb text_align=\u00a0\u00bbleft\u00a0\u00bb background_image_as_pattern=\u00a0\u00bbwithout_pattern\u00a0\u00bb padding_top=\u00a0\u00bb57&Prime; padding_bottom=\u00a0\u00bb57&Prime; css=\u00a0\u00bb.vc_custom_1695937585721{background-color: #ffffff !important;}\u00a0\u00bb z_index=\u00a0\u00bb\u00a0\u00bb][vc_column][vc_column_text]<\/p>\n<h2 style=\"text-align: center;\">ACTUEL<\/h2>\n<p>[\/vc_column_text][vc_separator type=\u00a0\u00bbsmall\u00a0\u00bb position=\u00a0\u00bbcenter\u00a0\u00bb down=\u00a0\u00bb45&Prime; up=\u00a0\u00bb7&Prime;]\n<div class='latest_post_holder boxes three_columns three_rows' >\n    <ul>\n    \n        <li class=\"clearfix\">\n            <div class=\"boxes_image\">\n                                <a itemprop=\"url\" href=\"https:\/\/www.noserlight.ch\/home\/fr\/remplacement-des-tubes-fl-et-des-ampoules-economiques\/\"><img loading=\"lazy\" decoding=\"async\" width=\"539\" height=\"292\" src=\"https:\/\/www.noserlight.ch\/home\/wp-content\/uploads\/2023\/02\/ID111_LED_T8_Kat-539x292.jpg\" class=\"attachment-latest_post_boxes size-latest_post_boxes wp-post-image\" alt=\"\" \/><\/a>\n            <\/div>\n            <div class=\"latest_post\"  >\n                <div class=\"latest_post_text\">\n                    <div class=\"latest_post_inner\">\n                        <div class=\"latest_post_text_inner\">\n                            <h5 itemprop=\"name\" class=\"latest_post_title entry_title\"><a itemprop=\"url\" href=\"https:\/\/www.noserlight.ch\/home\/fr\/remplacement-des-tubes-fl-et-des-ampoules-economiques\/\">REMPLACEMENT DES TUBES FL ET DES AMPOULES \u00c9CONOMIQUES<\/a><\/h5>\n                            <p class=\"excerpt\">Tu cherches \u00e0 remplacer les ampoules \u00e9conomiques et les tubes FL qui ont \u00e9t\u00e9 interdits ? Nous l'offrons. Que ce soit pou...<\/p>\n                            <span class=\"post_infos\">\n                                                                                                \n                                \n                                                            <\/span>\n                        <\/div>\n                    <\/div>\n                <\/div>\n            <\/div>\n        <\/li>\n    \n        <li class=\"clearfix\">\n            <div class=\"boxes_image\">\n                                <a itemprop=\"url\" href=\"https:\/\/www.noserlight.ch\/home\/fr\/la-lumiere-pour-les-chemins-et-les-escaliers-a-lexterieur\/\"><img loading=\"lazy\" decoding=\"async\" width=\"539\" height=\"303\" src=\"https:\/\/www.noserlight.ch\/home\/wp-content\/uploads\/2023\/09\/NOSERLIGH_LEDAussenbeleuchtungWegeTreppen-539x303.jpg\" class=\"attachment-latest_post_boxes size-latest_post_boxes wp-post-image\" alt=\"\" srcset=\"https:\/\/www.noserlight.ch\/home\/wp-content\/uploads\/2023\/09\/NOSERLIGH_LEDAussenbeleuchtungWegeTreppen-539x303.jpg 539w, https:\/\/www.noserlight.ch\/home\/wp-content\/uploads\/2023\/09\/NOSERLIGH_LEDAussenbeleuchtungWegeTreppen-300x169.jpg 300w, https:\/\/www.noserlight.ch\/home\/wp-content\/uploads\/2023\/09\/NOSERLIGH_LEDAussenbeleuchtungWegeTreppen-1024x576.jpg 1024w, https:\/\/www.noserlight.ch\/home\/wp-content\/uploads\/2023\/09\/NOSERLIGH_LEDAussenbeleuchtungWegeTreppen-768x432.jpg 768w, https:\/\/www.noserlight.ch\/home\/wp-content\/uploads\/2023\/09\/NOSERLIGH_LEDAussenbeleuchtungWegeTreppen-1536x864.jpg 1536w, https:\/\/www.noserlight.ch\/home\/wp-content\/uploads\/2023\/09\/NOSERLIGH_LEDAussenbeleuchtungWegeTreppen-700x394.jpg 700w, https:\/\/www.noserlight.ch\/home\/wp-content\/uploads\/2023\/09\/NOSERLIGH_LEDAussenbeleuchtungWegeTreppen.jpg 1920w\" sizes=\"auto, (max-width: 539px) 100vw, 539px\" \/><\/a>\n            <\/div>\n            <div class=\"latest_post\"  >\n                <div class=\"latest_post_text\">\n                    <div class=\"latest_post_inner\">\n                        <div class=\"latest_post_text_inner\">\n                            <h5 itemprop=\"name\" class=\"latest_post_title entry_title\"><a itemprop=\"url\" href=\"https:\/\/www.noserlight.ch\/home\/fr\/la-lumiere-pour-les-chemins-et-les-escaliers-a-lexterieur\/\">La lumi\u00e8re pour les chemins et les escaliers \u00e0 l&rsquo;ext\u00e9rieur<\/a><\/h5>\n                            <p class=\"excerpt\">\u00c9clairage des chemins et des escaliers. Les chemins vers et autour de la maison, l'entr\u00e9e de la cave ou le garage devrai...<\/p>\n                            <span class=\"post_infos\">\n                                                                                                \n                                \n                                                            <\/span>\n                        <\/div>\n                    <\/div>\n                <\/div>\n            <\/div>\n        <\/li>\n    \n        <li class=\"clearfix\">\n            <div class=\"boxes_image\">\n                                <a itemprop=\"url\" href=\"https:\/\/www.noserlight.ch\/home\/fr\/protection-contre-les-cambriolages-la-lumiere-est-dissuasive\/\"><img loading=\"lazy\" decoding=\"async\" width=\"539\" height=\"303\" src=\"https:\/\/www.noserlight.ch\/home\/wp-content\/uploads\/2023\/10\/NOSERLIGHT_LEDStrahler_LEDFluter-539x303.jpg\" class=\"attachment-latest_post_boxes size-latest_post_boxes wp-post-image\" alt=\"\" srcset=\"https:\/\/www.noserlight.ch\/home\/wp-content\/uploads\/2023\/10\/NOSERLIGHT_LEDStrahler_LEDFluter-539x303.jpg 539w, https:\/\/www.noserlight.ch\/home\/wp-content\/uploads\/2023\/10\/NOSERLIGHT_LEDStrahler_LEDFluter-300x169.jpg 300w, https:\/\/www.noserlight.ch\/home\/wp-content\/uploads\/2023\/10\/NOSERLIGHT_LEDStrahler_LEDFluter-1024x576.jpg 1024w, https:\/\/www.noserlight.ch\/home\/wp-content\/uploads\/2023\/10\/NOSERLIGHT_LEDStrahler_LEDFluter-768x432.jpg 768w, https:\/\/www.noserlight.ch\/home\/wp-content\/uploads\/2023\/10\/NOSERLIGHT_LEDStrahler_LEDFluter-1536x864.jpg 1536w, https:\/\/www.noserlight.ch\/home\/wp-content\/uploads\/2023\/10\/NOSERLIGHT_LEDStrahler_LEDFluter-700x394.jpg 700w, https:\/\/www.noserlight.ch\/home\/wp-content\/uploads\/2023\/10\/NOSERLIGHT_LEDStrahler_LEDFluter.jpg 1920w\" sizes=\"auto, (max-width: 539px) 100vw, 539px\" \/><\/a>\n            <\/div>\n            <div class=\"latest_post\"  >\n                <div class=\"latest_post_text\">\n                    <div class=\"latest_post_inner\">\n                        <div class=\"latest_post_text_inner\">\n                            <h5 itemprop=\"name\" class=\"latest_post_title entry_title\"><a itemprop=\"url\" href=\"https:\/\/www.noserlight.ch\/home\/fr\/protection-contre-les-cambriolages-la-lumiere-est-dissuasive\/\">Protection contre les cambriolages &#8211; la lumi\u00e8re est dissuasive<\/a><\/h5>\n                            <p class=\"excerpt\">Pour un \u00e9clairage de s\u00e9curit\u00e9 suppl\u00e9mentaire, des spots ou des projecteurs sont par exemple install\u00e9s sous le fa\u00eete du t...<\/p>\n                            <span class=\"post_infos\">\n                                                                                                \n                                \n                                                            <\/span>\n                        <\/div>\n                    <\/div>\n                <\/div>\n            <\/div>\n        <\/li>\n    \n        <li class=\"clearfix\">\n            <div class=\"boxes_image\">\n                                <a itemprop=\"url\" href=\"https:\/\/www.noserlight.ch\/home\/fr\/classes-de-protection\/\"><img loading=\"lazy\" decoding=\"async\" width=\"539\" height=\"303\" src=\"https:\/\/www.noserlight.ch\/home\/wp-content\/uploads\/2023\/10\/IP_Schutzarten637x320-539x303.jpg\" class=\"attachment-latest_post_boxes size-latest_post_boxes wp-post-image\" alt=\"\" srcset=\"https:\/\/www.noserlight.ch\/home\/wp-content\/uploads\/2023\/10\/IP_Schutzarten637x320-539x303.jpg 539w, https:\/\/www.noserlight.ch\/home\/wp-content\/uploads\/2023\/10\/IP_Schutzarten637x320-570x320.jpg 570w\" sizes=\"auto, (max-width: 539px) 100vw, 539px\" \/><\/a>\n            <\/div>\n            <div class=\"latest_post\"  >\n                <div class=\"latest_post_text\">\n                    <div class=\"latest_post_inner\">\n                        <div class=\"latest_post_text_inner\">\n                            <h5 itemprop=\"name\" class=\"latest_post_title entry_title\"><a itemprop=\"url\" href=\"https:\/\/www.noserlight.ch\/home\/fr\/classes-de-protection\/\">Classes de protection<\/a><\/h5>\n                            <p class=\"excerpt\">LUMINAIRES ET CLASSES DE PROTECTION\nEn \u00e9lectrotechnique, les classes de protection servent \u00e0 classer et \u00e0 identifier les...<\/p>\n                            <span class=\"post_infos\">\n                                                                                                \n                                \n                                                            <\/span>\n                        <\/div>\n                    <\/div>\n                <\/div>\n            <\/div>\n        <\/li>\n    \n        <li class=\"clearfix\">\n            <div class=\"boxes_image\">\n                                <a itemprop=\"url\" href=\"https:\/\/www.noserlight.ch\/home\/fr\/bienvenue-de-la-lumiere-pour-lentree-de-la-maison\/\"><img loading=\"lazy\" decoding=\"async\" width=\"539\" height=\"303\" src=\"https:\/\/www.noserlight.ch\/home\/wp-content\/uploads\/2023\/03\/NOSERLIGHT_LichtfuerdenEingang-2-539x303.jpg\" class=\"attachment-latest_post_boxes size-latest_post_boxes wp-post-image\" alt=\"\" \/><\/a>\n            <\/div>\n            <div class=\"latest_post\"  >\n                <div class=\"latest_post_text\">\n                    <div class=\"latest_post_inner\">\n                        <div class=\"latest_post_text_inner\">\n                            <h5 itemprop=\"name\" class=\"latest_post_title entry_title\"><a itemprop=\"url\" href=\"https:\/\/www.noserlight.ch\/home\/fr\/bienvenue-de-la-lumiere-pour-lentree-de-la-maison\/\">Bienvenue! De la lumi\u00e8re pour l&rsquo;entr\u00e9e de la maison<\/a><\/h5>\n                            <p class=\"excerpt\">La lumi\u00e8re dans l&rsquo;entr\u00e9e et \u00e0 la porte d&rsquo;entr\u00e9e est doublement importante : elle est......<\/p>\n                            <span class=\"post_infos\">\n                                                                                                \n                                \n                                                            <\/span>\n                        <\/div>\n                    <\/div>\n                <\/div>\n            <\/div>\n        <\/li>\n    \n        <li class=\"clearfix\">\n            <div class=\"boxes_image\">\n                                <a itemprop=\"url\" href=\"https:\/\/www.noserlight.ch\/home\/fr\/faites-de-leffet-de-lumiere-ambiante\/\"><img loading=\"lazy\" decoding=\"async\" width=\"539\" height=\"303\" src=\"https:\/\/www.noserlight.ch\/home\/wp-content\/uploads\/2023\/09\/NOSERLIGHT_LEDStrip240V-539x303.jpg\" class=\"attachment-latest_post_boxes size-latest_post_boxes wp-post-image\" alt=\"\" srcset=\"https:\/\/www.noserlight.ch\/home\/wp-content\/uploads\/2023\/09\/NOSERLIGHT_LEDStrip240V-539x303.jpg 539w, https:\/\/www.noserlight.ch\/home\/wp-content\/uploads\/2023\/09\/NOSERLIGHT_LEDStrip240V-300x169.jpg 300w, https:\/\/www.noserlight.ch\/home\/wp-content\/uploads\/2023\/09\/NOSERLIGHT_LEDStrip240V-1024x576.jpg 1024w, https:\/\/www.noserlight.ch\/home\/wp-content\/uploads\/2023\/09\/NOSERLIGHT_LEDStrip240V-768x432.jpg 768w, https:\/\/www.noserlight.ch\/home\/wp-content\/uploads\/2023\/09\/NOSERLIGHT_LEDStrip240V-1536x864.jpg 1536w, https:\/\/www.noserlight.ch\/home\/wp-content\/uploads\/2023\/09\/NOSERLIGHT_LEDStrip240V-700x394.jpg 700w, https:\/\/www.noserlight.ch\/home\/wp-content\/uploads\/2023\/09\/NOSERLIGHT_LEDStrip240V.jpg 1920w\" sizes=\"auto, (max-width: 539px) 100vw, 539px\" \/><\/a>\n            <\/div>\n            <div class=\"latest_post\"  >\n                <div class=\"latest_post_text\">\n                    <div class=\"latest_post_inner\">\n                        <div class=\"latest_post_text_inner\">\n                            <h5 itemprop=\"name\" class=\"latest_post_title entry_title\"><a itemprop=\"url\" href=\"https:\/\/www.noserlight.ch\/home\/fr\/faites-de-leffet-de-lumiere-ambiante\/\">Faites de l&rsquo;effet (de lumi\u00e8re ambiante)!<\/a><\/h5>\n                            <p class=\"excerpt\">Comme la lumi\u00e8re indirecte est diffuse, qu&rsquo;elle ne cr\u00e9e pratiquement pas d&rsquo;ombre, qu&rsquo;elle se r\u00e9partit....<\/p>\n                            <span class=\"post_infos\">\n                                                                                                \n                                \n                                                            <\/span>\n                        <\/div>\n                    <\/div>\n                <\/div>\n            <\/div>\n        <\/li>\n    \n        <li class=\"clearfix\">\n            <div class=\"boxes_image\">\n                                <a itemprop=\"url\" href=\"https:\/\/www.noserlight.ch\/home\/fr\/la-fenetre-lumineuse-intelligente\/\"><img loading=\"lazy\" decoding=\"async\" width=\"539\" height=\"303\" src=\"https:\/\/www.noserlight.ch\/home\/wp-content\/uploads\/2023\/02\/NOSERLIGHT_LEDPanelOffice-539x303.jpg\" class=\"attachment-latest_post_boxes size-latest_post_boxes wp-post-image\" alt=\"\" \/><\/a>\n            <\/div>\n            <div class=\"latest_post\"  >\n                <div class=\"latest_post_text\">\n                    <div class=\"latest_post_inner\">\n                        <div class=\"latest_post_text_inner\">\n                            <h5 itemprop=\"name\" class=\"latest_post_title entry_title\"><a itemprop=\"url\" href=\"https:\/\/www.noserlight.ch\/home\/fr\/la-fenetre-lumineuse-intelligente\/\">La fen\u00eatre lumineuse intelligente<\/a><\/h5>\n                            <p class=\"excerpt\">L&rsquo;\u00e9clairage avec des panneaux Led est devenu tr\u00e8s populaire. Nos panneaux Led standard sont dot\u00e9s......<\/p>\n                            <span class=\"post_infos\">\n                                                                                                \n                                \n                                                            <\/span>\n                        <\/div>\n                    <\/div>\n                <\/div>\n            <\/div>\n        <\/li>\n    \n        <li class=\"clearfix\">\n            <div class=\"boxes_image\">\n                                <a itemprop=\"url\" href=\"https:\/\/www.noserlight.ch\/home\/fr\/conseils-pour-la-planification-de-votre-eclairage\/\"><img loading=\"lazy\" decoding=\"async\" width=\"539\" height=\"303\" src=\"https:\/\/www.noserlight.ch\/home\/wp-content\/uploads\/2023\/02\/suite_ambient-980x500-1-539x303.jpg\" class=\"attachment-latest_post_boxes size-latest_post_boxes wp-post-image\" alt=\"\" \/><\/a>\n            <\/div>\n            <div class=\"latest_post\"  >\n                <div class=\"latest_post_text\">\n                    <div class=\"latest_post_inner\">\n                        <div class=\"latest_post_text_inner\">\n                            <h5 itemprop=\"name\" class=\"latest_post_title entry_title\"><a itemprop=\"url\" href=\"https:\/\/www.noserlight.ch\/home\/fr\/conseils-pour-la-planification-de-votre-eclairage\/\">Conseils pour la planification de votre \u00e9clairage<\/a><\/h5>\n                            <p class=\"excerpt\">Manger, lire, regarder la t\u00e9l\u00e9vision, travailler ou se d\u00e9tendre &#8211; l&rsquo;exemple du salon montre que......<\/p>\n                            <span class=\"post_infos\">\n                                                                                                \n                                \n                                                            <\/span>\n                        <\/div>\n                    <\/div>\n                <\/div>\n            <\/div>\n        <\/li>\n    \n        <li class=\"clearfix\">\n            <div class=\"boxes_image\">\n                                <a itemprop=\"url\" href=\"https:\/\/www.noserlight.ch\/home\/fr\/ampoules-a-calotte-miroir\/\"><img loading=\"lazy\" decoding=\"async\" width=\"539\" height=\"303\" src=\"https:\/\/www.noserlight.ch\/home\/wp-content\/uploads\/2021\/05\/LED_Kopfspiegel-539x303.jpg\" class=\"attachment-latest_post_boxes size-latest_post_boxes wp-post-image\" alt=\"\" srcset=\"https:\/\/www.noserlight.ch\/home\/wp-content\/uploads\/2021\/05\/LED_Kopfspiegel-539x303.jpg 539w, https:\/\/www.noserlight.ch\/home\/wp-content\/uploads\/2021\/05\/LED_Kopfspiegel-570x320.jpg 570w\" sizes=\"auto, (max-width: 539px) 100vw, 539px\" \/><\/a>\n            <\/div>\n            <div class=\"latest_post\"  >\n                <div class=\"latest_post_text\">\n                    <div class=\"latest_post_inner\">\n                        <div class=\"latest_post_text_inner\">\n                            <h5 itemprop=\"name\" class=\"latest_post_title entry_title\"><a itemprop=\"url\" href=\"https:\/\/www.noserlight.ch\/home\/fr\/ampoules-a-calotte-miroir\/\">AMPOULES \u00c0 CALOTTE MIROIR<\/a><\/h5>\n                            <p class=\"excerpt\">[vc_row css_animation=\u00a0\u00bb\u00a0\u00bb row_type=\u00a0\u00bbrow\u00a0\u00bb use_row_as_full_screen_section=\u00a0\u00bbno\u00a0\u00bb type=\u00a0\u00bbgrid\u00a0\u00bb angled_section=\u00a0\u00bbno\u00a0\u00bb te...<\/p>\n                            <span class=\"post_infos\">\n                                                                                                \n                                \n                                                            <\/span>\n                        <\/div>\n                    <\/div>\n                <\/div>\n            <\/div>\n        <\/li>\n        <\/ul>\n<\/div>[\/vc_column][\/vc_row][vc_row css_animation=\u00a0\u00bb\u00a0\u00bb row_type=\u00a0\u00bbrow\u00a0\u00bb use_row_as_full_screen_section=\u00a0\u00bbno\u00a0\u00bb type=\u00a0\u00bbfull_width\u00a0\u00bb angled_section=\u00a0\u00bbno\u00a0\u00bb text_align=\u00a0\u00bbleft\u00a0\u00bb background_image_as_pattern=\u00a0\u00bbwithout_pattern\u00a0\u00bb][vc_column][vc_empty_space height=\u00a0\u00bb20px\u00a0\u00bb][\/vc_column][\/vc_row][vc_row css_animation=\u00a0\u00bb\u00a0\u00bb row_type=\u00a0\u00bbrow\u00a0\u00bb use_row_as_full_screen_section=\u00a0\u00bbno\u00a0\u00bb type=\u00a0\u00bbfull_width\u00a0\u00bb angled_section=\u00a0\u00bbno\u00a0\u00bb text_align=\u00a0\u00bbleft\u00a0\u00bb background_image_as_pattern=\u00a0\u00bbwithout_pattern\u00a0\u00bb z_index=\u00a0\u00bb\u00a0\u00bb padding_top=\u00a0\u00bb57&Prime;][vc_column][vc_column_text]<\/p>\n<h2 style=\"text-align: center;\">CONTACT<\/h2>\n<p>[\/vc_column_text][vc_empty_space height=\u00a0\u00bb20px\u00a0\u00bb][vc_separator type=\u00a0\u00bbsmall\u00a0\u00bb position=\u00a0\u00bbcenter\u00a0\u00bb down=\u00a0\u00bb38&Prime; up=\u00a0\u00bb7&Prime;][\/vc_column][\/vc_row][vc_row css_animation=\u00a0\u00bb\u00a0\u00bb row_type=\u00a0\u00bbrow\u00a0\u00bb use_row_as_full_screen_section=\u00a0\u00bbno\u00a0\u00bb type=\u00a0\u00bbgrid\u00a0\u00bb angled_section=\u00a0\u00bbno\u00a0\u00bb text_align=\u00a0\u00bbleft\u00a0\u00bb background_image_as_pattern=\u00a0\u00bbwithout_pattern\u00a0\u00bb padding_top=\u00a0\u00bb20&Prime; padding_bottom=\u00a0\u00bb57&Prime; z_index=\u00a0\u00bb\u00a0\u00bb][vc_column width=\u00a0\u00bb1\/4&Prime;]<div class='q_icon_with_title medium circle center '><div class=\"icon_holder \" style=\"margin: 0 0 28px 0; \"><span data-icon-type=\"circle\" data-icon-hover-color=\"#ffff00\" data-icon-hover-bg-color=\"#ffffff\" class=\"qode_iwt_icon_holder fa-stack fa-3x  \" style=\"font-size: 45px;border-color: #000000;background-color: #000000;\"><i class=\"qode_icon_font_awesome fa fa-clock-o qode_iwt_icon_element\" style=\"color: #ffffff;\" ><\/i><\/span><\/div><div class=\"icon_text_holder\" style=\"\"><div class=\"icon_text_inner\" style=\"\"><h3 class=\"icon_title\" style=\"\">HORAIRES D&apos;OUVERTURE<\/h3><p style=''><\/p><\/div><\/div><\/div>[vc_column_text]<\/p>\n<p style=\"text-align: center;\"><strong>Lun. &#8211; Ven.<br \/>\n<\/strong>07.30 &#8211; 12.00, 13.15 &#8211; 17.30 heures<br \/>\n<strong>Sam. <\/strong>09.00 &#8211; 16.00 heures, sans interruption<\/p>\n<p>[\/vc_column_text][vc_empty_space height=\u00a0\u00bb30px\u00a0\u00bb][\/vc_column][vc_column width=\u00a0\u00bb1\/4&Prime;]<div class='q_icon_with_title medium circle center '><div class=\"icon_holder \" style=\"margin: 0 0 28px 0; \"><span data-icon-type=\"circle\" data-icon-hover-color=\"#ffff00\" data-icon-hover-bg-color=\"#ffffff\" class=\"qode_iwt_icon_holder fa-stack fa-3x  \" style=\"font-size: 45px;border-color: #000000;background-color: #000000;\"><i class=\"qode_icon_font_awesome fa fa-home qode_iwt_icon_element\" style=\"color: #ffffff;\" ><\/i><\/span><\/div><div class=\"icon_text_holder\" style=\"\"><div class=\"icon_text_inner\" style=\"\"><h3 class=\"icon_title\" style=\"\">VISITE NOUS<\/h3><p style=''><\/p><\/div><\/div><\/div>[vc_column_text]<\/p>\n<p style=\"text-align: center;\"> D\u00e9couvre nos produits<br \/>\nOttenbacherstrasse 25<br \/>\nCH-8909 Zwillikon\/Affoltern a.A.<\/p>\n<p>[\/vc_column_text][vc_empty_space height=\u00a0\u00bb30px\u00a0\u00bb][\/vc_column][vc_column width=\u00a0\u00bb1\/4&Prime;]<div class='q_icon_with_title medium circle center '><div class=\"icon_holder \" style=\"margin: 0 0 28px 0; \"><span data-icon-type=\"circle\" data-icon-hover-color=\"#ffff00\" data-icon-hover-bg-color=\"#ffffff\" class=\"qode_iwt_icon_holder fa-stack fa-3x  \" style=\"font-size: 45px;border-color: #000000;background-color: #000000;\"><i class=\"qode_icon_font_awesome fa fa-phone qode_iwt_icon_element\" style=\"color: #ffffff;\" ><\/i><\/span><\/div><div class=\"icon_text_holder\" style=\"\"><div class=\"icon_text_inner\" style=\"\"><h3 class=\"icon_title\" style=\"\">APPELLE OU \u00c9CRIS-NOUS<\/h3><p style=''><\/p><\/div><\/div><\/div>[vc_column_text]<\/p>\n<p style=\"text-align: center;\">Phone: +41 44 701 81 81<br \/>\nEmail: <a href=\"mailto:info@noserlight.ch.ch\">info@noserlight.ch.ch<\/a><\/p>\n<p>[\/vc_column_text][vc_empty_space height=\u00a0\u00bb30px\u00a0\u00bb][\/vc_column][vc_column width=\u00a0\u00bb1\/4&Prime;]<div class='q_icon_with_title medium circle center '><div class=\"icon_holder \" style=\"margin: 0 0 28px 0; \"><span data-icon-type=\"circle\" data-icon-hover-color=\"#ffff00\" data-icon-hover-bg-color=\"#ffffff\" class=\"qode_iwt_icon_holder fa-stack fa-3x  \" style=\"font-size: 45px;border-color: #000000;background-color: #000000;\"><i class=\"qode_icon_font_awesome fa fa-thumbs-o-up qode_iwt_icon_element\" style=\"color: #ffffff;\" ><\/i><\/span><\/div><div class=\"icon_text_holder\" style=\"\"><div class=\"icon_text_inner\" style=\"\"><h3 class=\"icon_title\" style=\"\">SUIS-NOUS<\/h3><p style=''><\/p><\/div><\/div><\/div>[vc_column_text]<\/p>\n<p style=\"text-align: center;\">Instagram: <a href=\"https:\/\/www.instagram.com\/noserlight\/\">@noserlight.ch<\/a><br \/>\n<a href=\"https:\/\/www.facebook.com\/noserlight\/\">Facebook: Bruchsch Liecht?<\/a><\/p>\n<p>[\/vc_column_text][vc_empty_space height=\u00a0\u00bb30px\u00a0\u00bb][\/vc_column][\/vc_row][vc_row css_animation=\u00a0\u00bb\u00a0\u00bb row_type=\u00a0\u00bbrow\u00a0\u00bb use_row_as_full_screen_section=\u00a0\u00bbno\u00a0\u00bb type=\u00a0\u00bbgrid\u00a0\u00bb angled_section=\u00a0\u00bbno\u00a0\u00bb text_align=\u00a0\u00bbleft\u00a0\u00bb background_image_as_pattern=\u00a0\u00bbwithout_pattern\u00a0\u00bb padding_top=\u00a0\u00bb57&Prime; padding_bottom=\u00a0\u00bb57&Prime; z_index=\u00a0\u00bb\u00a0\u00bb background_color=\u00a0\u00bb#ffffff\u00a0\u00bb][vc_column][vc_column_text]<\/p>\n<h2 style=\"text-align: center;\">FAIRE UN TOUR DU C\u00d4T\u00c9 DE LA LUMI\u00c8RE (COMMENT NOUS TROUVER)<\/h2>\n<p>[\/vc_column_text][vc_empty_space height=\u00a0\u00bb20px\u00a0\u00bb][vc_separator type=\u00a0\u00bbsmall\u00a0\u00bb position=\u00a0\u00bbcenter\u00a0\u00bb down=\u00a0\u00bb38&Prime; up=\u00a0\u00bb7&Prime;][vc_gmaps link=\u00a0\u00bb#E-8_JTNDaWZyYW1lJTIwc3JjJTNEJTIyaHR0cHMlM0ElMkYlMkZ3d3cuZ29vZ2xlLmNvbSUyRm1hcHMlMkZlbWJlZCUzRnBiJTNEJTIxMW0xOCUyMTFtMTIlMjExbTMlMjExZDI3MDYuMzIwNzA5NTcxMTA4NiUyMTJkOC40MzkxODIzMTU4NTE0MjclMjEzZDQ3LjI4ODUzMTk3OTE2NDk0JTIxMm0zJTIxMWYwJTIxMmYwJTIxM2YwJTIxM20yJTIxMWkxMDI0JTIxMmk3NjglMjE0ZjEzLjElMjEzbTMlMjExbTIlMjExczB4NDc5MDA2MThlMzI1OTZiNSUyNTNBMHgyN2JmNmNkMmI5MjdkMWUlMjEyc05vc2VyJTI1MjBMaWdodCUyNTIwQUclMjE1ZTAlMjEzbTIlMjExc2RlJTIxMnNjaCUyMTR2MTY3Mzc4OTQwMzg0MCUyMTVtMiUyMTFzZGUlMjEyc2NoJTIyJTIwd2lkdGglM0QlMjI2MDAlMjIlMjBoZWlnaHQlM0QlMjI0NTAlMjIlMjBzdHlsZSUzRCUyMmJvcmRlciUzQTAlM0IlMjIlMjBhbGxvd2Z1bGxzY3JlZW4lM0QlMjIlMjIlMjBsb2FkaW5nJTNEJTIybGF6eSUyMiUyMHJlZmVycmVycG9saWN5JTNEJTIybm8tcmVmZXJyZXItd2hlbi1kb3duZ3JhZGUlMjIlM0UlM0MlMkZpZnJhbWUlM0U=\u00a0\u00bb][\/vc_column][\/vc_row][vc_row css_animation=\u00a0\u00bb\u00a0\u00bb row_type=\u00a0\u00bbrow\u00a0\u00bb use_row_as_full_screen_section=\u00a0\u00bbno\u00a0\u00bb type=\u00a0\u00bbfull_width\u00a0\u00bb angled_section=\u00a0\u00bbno\u00a0\u00bb text_align=\u00a0\u00bbleft\u00a0\u00bb background_image_as_pattern=\u00a0\u00bbwithout_pattern\u00a0\u00bb][vc_column][vc_empty_space][vc_separator type=\u00a0\u00bbnormal\u00a0\u00bb][\/vc_column][\/vc_row]<\/p>\n<\/div>","protected":false},"excerpt":{"rendered":"<p>Si petit, si beau : CHECK-IN est un syst\u00e8me de rail monophas\u00e9 230 V \u00e9l\u00e9gant et de grand format. Avec ses dimensions minimalistes, il compte parmi les plus petits de son genre dans le monde et a \u00e9t\u00e9 r\u00e9compens\u00e9 par de nombreux prix de design. Des formes innovantes, une longue dur\u00e9e de vie et des possibilit\u00e9s intelligentes de commande de l&rsquo;\u00e9clairage font des luminaires \u00e9quip\u00e9s de la technique d&rsquo;\u00e9clairage LED un point fort optique et efficace dans le domaine de l&rsquo;habitat et des b\u00e2timents. Laisse-toi inspirer par nos nouvelles id\u00e9es d&rsquo;\u00e9clairage.<\/p>\n","protected":false},"author":1,"featured_media":25114,"comment_status":"closed","ping_status":"open","sticky":false,"template":"","format":"standard","meta":{"footnotes":""},"categories":[286,1700,287,285,288,1764,289],"tags":[2105,2104,2112,2100,2111,2103,2107,2099,2109,2102,2114,1816,2066,2143,1728,2108,2110,2113,2020,2101,2106,1770],"class_list":["post-25124","post","type-post","status-publish","format-standard","has-post-thumbnail","hentry","category-architectural-lighting-la-lumiere-pour-larchitecture","category-eclairage-professionnel-a-led","category-gastronomy-lighting-eclairage-pour-hotels-et-restaurants","category-home-lighting-la-lumiere-pour-la-maison","category-office-lighting-la-lumiere-pour-le-bureau-latelier-et-le-cabinet-medical","category-oligo","category-shop-lighting-leclairage-pour-les-boutiques-les-magasins-et-les-expositions","tag-a-little-bit-fr","tag-balino-fr","tag-break-it-fr","tag-check-in-fr-2","tag-cone-fr","tag-curved-fr","tag-decent-fr","tag-flavia-fr-2","tag-globe-fr","tag-grace-fr","tag-kelveen-fr","tag-kendo","tag-led-pendant-luminaires-fr","tag-led-pendelleuchten-fr-2","tag-led-systemes","tag-nab-fr","tag-nabo-fr","tag-nova-fr","tag-oligo-lichttechnik-fr","tag-oligo-lighting-fr","tag-rio-fr","tag-slack-line-fr-2"],"yoast_head":"<!-- This site is optimized with the Yoast SEO plugin v27.0 - https:\/\/yoast.com\/product\/yoast-seo-wordpress\/ -->\r\n<title>LED Upgrade! ... pour le syst\u00e8me CHECK-IN prim\u00e9 - Noserlight AG, LED Leuchten und LED Lampen, LED, Licht, Lichtplanung<\/title>\r\n<meta name=\"robots\" content=\"index, follow, max-snippet:-1, max-image-preview:large, max-video-preview:-1\" \/>\r\n<link rel=\"canonical\" href=\"https:\/\/www.noserlight.ch\/home\/fr\/led-upgrade-pour-le-systeme-check-in-prime\/\" \/>\r\n<meta property=\"og:locale\" content=\"fr_FR\" \/>\r\n<meta property=\"og:type\" content=\"article\" \/>\r\n<meta property=\"og:title\" content=\"LED Upgrade! ... pour le syst\u00e8me CHECK-IN prim\u00e9 - Noserlight AG, LED Leuchten und LED Lampen, LED, Licht, Lichtplanung\" \/>\r\n<meta property=\"og:description\" content=\"Si petit, si beau : CHECK-IN est un syst\u00e8me de rail monophas\u00e9 230 V \u00e9l\u00e9gant et de grand format. Avec ses dimensions minimalistes, il compte parmi les plus petits de son genre dans le monde et a \u00e9t\u00e9 r\u00e9compens\u00e9 par de nombreux prix de design. Des formes innovantes, une longue dur\u00e9e de vie et des possibilit\u00e9s intelligentes de commande de l&#039;\u00e9clairage font des luminaires \u00e9quip\u00e9s de la technique d&#039;\u00e9clairage LED un point fort optique et efficace dans le domaine de l&#039;habitat et des b\u00e2timents. Laisse-toi inspirer par nos nouvelles id\u00e9es d&#039;\u00e9clairage.\" \/>\r\n<meta property=\"og:url\" content=\"https:\/\/www.noserlight.ch\/home\/fr\/led-upgrade-pour-le-systeme-check-in-prime\/\" \/>\r\n<meta property=\"og:site_name\" content=\"Noserlight AG, LED Leuchten und LED Lampen, LED, Licht, Lichtplanung\" \/>\r\n<meta property=\"article:publisher\" content=\"https:\/\/www.facebook.com\/noserlight\/\" \/>\r\n<meta property=\"article:published_time\" content=\"2024-07-27T16:13:27+00:00\" \/>\r\n<meta property=\"og:image\" content=\"https:\/\/www.noserlight.ch\/home\/wp-content\/uploads\/2021\/07\/CheckInRocketOigoLichttechnik.jpg\" \/>\r\n\t<meta property=\"og:image:width\" content=\"1920\" \/>\r\n\t<meta property=\"og:image:height\" content=\"1191\" \/>\r\n\t<meta property=\"og:image:type\" content=\"image\/jpeg\" \/>\r\n<meta name=\"author\" content=\"Lighty\" \/>\r\n<meta name=\"twitter:card\" content=\"summary_large_image\" \/>\r\n<meta name=\"twitter:label1\" content=\"\u00c9crit par\" \/>\n\t<meta name=\"twitter:data1\" content=\"Lighty\" \/>\n\t<meta name=\"twitter:label2\" content=\"Dur\u00e9e de lecture estim\u00e9e\" \/>\n\t<meta name=\"twitter:data2\" content=\"9 minutes\" \/>\r\n<script type=\"application\/ld+json\" class=\"yoast-schema-graph\">{\"@context\":\"https:\/\/schema.org\",\"@graph\":[{\"@type\":\"Article\",\"@id\":\"https:\/\/www.noserlight.ch\/home\/fr\/led-upgrade-pour-le-systeme-check-in-prime\/#article\",\"isPartOf\":{\"@id\":\"https:\/\/www.noserlight.ch\/home\/fr\/led-upgrade-pour-le-systeme-check-in-prime\/\"},\"author\":{\"name\":\"Lighty\",\"@id\":\"https:\/\/www.noserlight.ch\/home\/fr\/#\/schema\/person\/818b9e4797c2714379883d5a5f1a86df\"},\"headline\":\"LED Upgrade! &#8230; pour le syst\u00e8me CHECK-IN prim\u00e9\",\"datePublished\":\"2024-07-27T16:13:27+00:00\",\"mainEntityOfPage\":{\"@id\":\"https:\/\/www.noserlight.ch\/home\/fr\/led-upgrade-pour-le-systeme-check-in-prime\/\"},\"wordCount\":1741,\"publisher\":{\"@id\":\"https:\/\/www.noserlight.ch\/home\/fr\/#organization\"},\"image\":{\"@id\":\"https:\/\/www.noserlight.ch\/home\/fr\/led-upgrade-pour-le-systeme-check-in-prime\/#primaryimage\"},\"thumbnailUrl\":\"https:\/\/www.noserlight.ch\/home\/wp-content\/uploads\/2021\/07\/CheckInRocketOigoLichttechnik.jpg\",\"keywords\":[\"A LITTLE BIT\",\"BALINO\",\"BREAK-IT\",\"CHECK IN\",\"CONE\",\"CURVED\",\"DECENT\",\"Flavia\",\"GLOBE\",\"GRACE\",\"KELVEEN\",\"KENDO\",\"led pendant luminaires\",\"led pendelleuchten\",\"LED Syst\u00e8mes\",\"NAB\",\"NABO\",\"NOVA\",\"OLIGO Lichttechnik\",\"OLIGO Lighting\",\"RIO\",\"SLACK-LINE\"],\"articleSection\":[\"Architectural lighting - La lumi\u00e8re pour l'architecture\",\"\u00c9clairage professionnel \u00e0 LED\",\"Gastronomy Lighting - \u00c9clairage pour h\u00f4tels et restaurants\",\"Home Lighting - La lumi\u00e8re pour la maison\",\"Office Lighting - La lumi\u00e8re pour le bureau, l'atelier et le cabinet m\u00e9dical\",\"Oligo\",\"Shop Lighting - L'\u00e9clairage pour les boutiques, les magasins et les expositions\"],\"inLanguage\":\"fr-FR\"},{\"@type\":\"WebPage\",\"@id\":\"https:\/\/www.noserlight.ch\/home\/fr\/led-upgrade-pour-le-systeme-check-in-prime\/\",\"url\":\"https:\/\/www.noserlight.ch\/home\/fr\/led-upgrade-pour-le-systeme-check-in-prime\/\",\"name\":\"LED Upgrade! ... pour le syst\u00e8me CHECK-IN prim\u00e9 - Noserlight AG, LED Leuchten und LED Lampen, LED, Licht, Lichtplanung\",\"isPartOf\":{\"@id\":\"https:\/\/www.noserlight.ch\/home\/fr\/#website\"},\"primaryImageOfPage\":{\"@id\":\"https:\/\/www.noserlight.ch\/home\/fr\/led-upgrade-pour-le-systeme-check-in-prime\/#primaryimage\"},\"image\":{\"@id\":\"https:\/\/www.noserlight.ch\/home\/fr\/led-upgrade-pour-le-systeme-check-in-prime\/#primaryimage\"},\"thumbnailUrl\":\"https:\/\/www.noserlight.ch\/home\/wp-content\/uploads\/2021\/07\/CheckInRocketOigoLichttechnik.jpg\",\"datePublished\":\"2024-07-27T16:13:27+00:00\",\"breadcrumb\":{\"@id\":\"https:\/\/www.noserlight.ch\/home\/fr\/led-upgrade-pour-le-systeme-check-in-prime\/#breadcrumb\"},\"inLanguage\":\"fr-FR\",\"potentialAction\":[{\"@type\":\"ReadAction\",\"target\":[\"https:\/\/www.noserlight.ch\/home\/fr\/led-upgrade-pour-le-systeme-check-in-prime\/\"]}]},{\"@type\":\"ImageObject\",\"inLanguage\":\"fr-FR\",\"@id\":\"https:\/\/www.noserlight.ch\/home\/fr\/led-upgrade-pour-le-systeme-check-in-prime\/#primaryimage\",\"url\":\"https:\/\/www.noserlight.ch\/home\/wp-content\/uploads\/2021\/07\/CheckInRocketOigoLichttechnik.jpg\",\"contentUrl\":\"https:\/\/www.noserlight.ch\/home\/wp-content\/uploads\/2021\/07\/CheckInRocketOigoLichttechnik.jpg\",\"width\":1920,\"height\":1191},{\"@type\":\"BreadcrumbList\",\"@id\":\"https:\/\/www.noserlight.ch\/home\/fr\/led-upgrade-pour-le-systeme-check-in-prime\/#breadcrumb\",\"itemListElement\":[{\"@type\":\"ListItem\",\"position\":1,\"name\":\"Startseite\",\"item\":\"https:\/\/www.noserlight.ch\/home\/fr\/\"},{\"@type\":\"ListItem\",\"position\":2,\"name\":\"LED Upgrade! &#8230; pour le syst\u00e8me CHECK-IN prim\u00e9\"}]},{\"@type\":\"WebSite\",\"@id\":\"https:\/\/www.noserlight.ch\/home\/fr\/#website\",\"url\":\"https:\/\/www.noserlight.ch\/home\/fr\/\",\"name\":\"Noserlight AG, LED Leuchten und LED Lampen, LED, Licht, Lichtplanung\",\"description\":\"Bruchsch Liecht? D\u00e4 Nosi h\u00e4t&#039;s!\",\"publisher\":{\"@id\":\"https:\/\/www.noserlight.ch\/home\/fr\/#organization\"},\"potentialAction\":[{\"@type\":\"SearchAction\",\"target\":{\"@type\":\"EntryPoint\",\"urlTemplate\":\"https:\/\/www.noserlight.ch\/home\/fr\/?s={search_term_string}\"},\"query-input\":{\"@type\":\"PropertyValueSpecification\",\"valueRequired\":true,\"valueName\":\"search_term_string\"}}],\"inLanguage\":\"fr-FR\"},{\"@type\":\"Organization\",\"@id\":\"https:\/\/www.noserlight.ch\/home\/fr\/#organization\",\"name\":\"Noserlight AG, LED Leuchten und LED Lampen, LED, Licht, Lichtplanung\",\"url\":\"https:\/\/www.noserlight.ch\/home\/fr\/\",\"logo\":{\"@type\":\"ImageObject\",\"inLanguage\":\"fr-FR\",\"@id\":\"https:\/\/www.noserlight.ch\/home\/fr\/#\/schema\/logo\/image\/\",\"url\":\"https:\/\/www.noserlight.ch\/home\/wp-content\/uploads\/2022\/12\/NoserlightAG_Logo_mit_Schlirgg_NEU_1-1.png\",\"contentUrl\":\"https:\/\/www.noserlight.ch\/home\/wp-content\/uploads\/2022\/12\/NoserlightAG_Logo_mit_Schlirgg_NEU_1-1.png\",\"width\":482,\"height\":121,\"caption\":\"Noserlight AG, LED Leuchten und LED Lampen, LED, Licht, Lichtplanung\"},\"image\":{\"@id\":\"https:\/\/www.noserlight.ch\/home\/fr\/#\/schema\/logo\/image\/\"},\"sameAs\":[\"https:\/\/www.facebook.com\/noserlight\/\",\"https:\/\/www.instagram.com\/noserlight\/\"]},{\"@type\":\"Person\",\"@id\":\"https:\/\/www.noserlight.ch\/home\/fr\/#\/schema\/person\/818b9e4797c2714379883d5a5f1a86df\",\"name\":\"Lighty\",\"image\":{\"@type\":\"ImageObject\",\"inLanguage\":\"fr-FR\",\"@id\":\"https:\/\/www.noserlight.ch\/home\/fr\/#\/schema\/person\/image\/\",\"url\":\"https:\/\/secure.gravatar.com\/avatar\/989f9fa74ba285c67e97f07f3b90258a3543e7fadbafa214115603a49797ac7a?s=96&d=mm&r=g\",\"contentUrl\":\"https:\/\/secure.gravatar.com\/avatar\/989f9fa74ba285c67e97f07f3b90258a3543e7fadbafa214115603a49797ac7a?s=96&d=mm&r=g\",\"caption\":\"Lighty\"},\"sameAs\":[\"https:\/\/www.noserlight.ch\/home\/\"],\"url\":\"https:\/\/www.noserlight.ch\/home\/fr\/author\/lighty\/\"}]}<\/script>\r\n<!-- \/ Yoast SEO plugin. -->","yoast_head_json":{"title":"LED Upgrade! ... pour le syst\u00e8me CHECK-IN prim\u00e9 - Noserlight AG, LED Leuchten und LED Lampen, LED, Licht, Lichtplanung","robots":{"index":"index","follow":"follow","max-snippet":"max-snippet:-1","max-image-preview":"max-image-preview:large","max-video-preview":"max-video-preview:-1"},"canonical":"https:\/\/www.noserlight.ch\/home\/fr\/led-upgrade-pour-le-systeme-check-in-prime\/","og_locale":"fr_FR","og_type":"article","og_title":"LED Upgrade! ... pour le syst\u00e8me CHECK-IN prim\u00e9 - Noserlight AG, LED Leuchten und LED Lampen, LED, Licht, Lichtplanung","og_description":"Si petit, si beau : CHECK-IN est un syst\u00e8me de rail monophas\u00e9 230 V \u00e9l\u00e9gant et de grand format. Avec ses dimensions minimalistes, il compte parmi les plus petits de son genre dans le monde et a \u00e9t\u00e9 r\u00e9compens\u00e9 par de nombreux prix de design. Des formes innovantes, une longue dur\u00e9e de vie et des possibilit\u00e9s intelligentes de commande de l'\u00e9clairage font des luminaires \u00e9quip\u00e9s de la technique d'\u00e9clairage LED un point fort optique et efficace dans le domaine de l'habitat et des b\u00e2timents. Laisse-toi inspirer par nos nouvelles id\u00e9es d'\u00e9clairage.","og_url":"https:\/\/www.noserlight.ch\/home\/fr\/led-upgrade-pour-le-systeme-check-in-prime\/","og_site_name":"Noserlight AG, LED Leuchten und LED Lampen, LED, Licht, Lichtplanung","article_publisher":"https:\/\/www.facebook.com\/noserlight\/","article_published_time":"2024-07-27T16:13:27+00:00","og_image":[{"width":1920,"height":1191,"url":"https:\/\/www.noserlight.ch\/home\/wp-content\/uploads\/2021\/07\/CheckInRocketOigoLichttechnik.jpg","type":"image\/jpeg"}],"author":"Lighty","twitter_card":"summary_large_image","twitter_misc":{"\u00c9crit par":"Lighty","Dur\u00e9e de lecture estim\u00e9e":"9 minutes"},"schema":{"@context":"https:\/\/schema.org","@graph":[{"@type":"Article","@id":"https:\/\/www.noserlight.ch\/home\/fr\/led-upgrade-pour-le-systeme-check-in-prime\/#article","isPartOf":{"@id":"https:\/\/www.noserlight.ch\/home\/fr\/led-upgrade-pour-le-systeme-check-in-prime\/"},"author":{"name":"Lighty","@id":"https:\/\/www.noserlight.ch\/home\/fr\/#\/schema\/person\/818b9e4797c2714379883d5a5f1a86df"},"headline":"LED Upgrade! &#8230; pour le syst\u00e8me CHECK-IN prim\u00e9","datePublished":"2024-07-27T16:13:27+00:00","mainEntityOfPage":{"@id":"https:\/\/www.noserlight.ch\/home\/fr\/led-upgrade-pour-le-systeme-check-in-prime\/"},"wordCount":1741,"publisher":{"@id":"https:\/\/www.noserlight.ch\/home\/fr\/#organization"},"image":{"@id":"https:\/\/www.noserlight.ch\/home\/fr\/led-upgrade-pour-le-systeme-check-in-prime\/#primaryimage"},"thumbnailUrl":"https:\/\/www.noserlight.ch\/home\/wp-content\/uploads\/2021\/07\/CheckInRocketOigoLichttechnik.jpg","keywords":["A LITTLE BIT","BALINO","BREAK-IT","CHECK IN","CONE","CURVED","DECENT","Flavia","GLOBE","GRACE","KELVEEN","KENDO","led pendant luminaires","led pendelleuchten","LED Syst\u00e8mes","NAB","NABO","NOVA","OLIGO Lichttechnik","OLIGO Lighting","RIO","SLACK-LINE"],"articleSection":["Architectural lighting - La lumi\u00e8re pour l'architecture","\u00c9clairage professionnel \u00e0 LED","Gastronomy Lighting - \u00c9clairage pour h\u00f4tels et restaurants","Home Lighting - La lumi\u00e8re pour la maison","Office Lighting - La lumi\u00e8re pour le bureau, l'atelier et le cabinet m\u00e9dical","Oligo","Shop Lighting - L'\u00e9clairage pour les boutiques, les magasins et les expositions"],"inLanguage":"fr-FR"},{"@type":"WebPage","@id":"https:\/\/www.noserlight.ch\/home\/fr\/led-upgrade-pour-le-systeme-check-in-prime\/","url":"https:\/\/www.noserlight.ch\/home\/fr\/led-upgrade-pour-le-systeme-check-in-prime\/","name":"LED Upgrade! ... pour le syst\u00e8me CHECK-IN prim\u00e9 - Noserlight AG, LED Leuchten und LED Lampen, LED, Licht, Lichtplanung","isPartOf":{"@id":"https:\/\/www.noserlight.ch\/home\/fr\/#website"},"primaryImageOfPage":{"@id":"https:\/\/www.noserlight.ch\/home\/fr\/led-upgrade-pour-le-systeme-check-in-prime\/#primaryimage"},"image":{"@id":"https:\/\/www.noserlight.ch\/home\/fr\/led-upgrade-pour-le-systeme-check-in-prime\/#primaryimage"},"thumbnailUrl":"https:\/\/www.noserlight.ch\/home\/wp-content\/uploads\/2021\/07\/CheckInRocketOigoLichttechnik.jpg","datePublished":"2024-07-27T16:13:27+00:00","breadcrumb":{"@id":"https:\/\/www.noserlight.ch\/home\/fr\/led-upgrade-pour-le-systeme-check-in-prime\/#breadcrumb"},"inLanguage":"fr-FR","potentialAction":[{"@type":"ReadAction","target":["https:\/\/www.noserlight.ch\/home\/fr\/led-upgrade-pour-le-systeme-check-in-prime\/"]}]},{"@type":"ImageObject","inLanguage":"fr-FR","@id":"https:\/\/www.noserlight.ch\/home\/fr\/led-upgrade-pour-le-systeme-check-in-prime\/#primaryimage","url":"https:\/\/www.noserlight.ch\/home\/wp-content\/uploads\/2021\/07\/CheckInRocketOigoLichttechnik.jpg","contentUrl":"https:\/\/www.noserlight.ch\/home\/wp-content\/uploads\/2021\/07\/CheckInRocketOigoLichttechnik.jpg","width":1920,"height":1191},{"@type":"BreadcrumbList","@id":"https:\/\/www.noserlight.ch\/home\/fr\/led-upgrade-pour-le-systeme-check-in-prime\/#breadcrumb","itemListElement":[{"@type":"ListItem","position":1,"name":"Startseite","item":"https:\/\/www.noserlight.ch\/home\/fr\/"},{"@type":"ListItem","position":2,"name":"LED Upgrade! &#8230; pour le syst\u00e8me CHECK-IN prim\u00e9"}]},{"@type":"WebSite","@id":"https:\/\/www.noserlight.ch\/home\/fr\/#website","url":"https:\/\/www.noserlight.ch\/home\/fr\/","name":"Noserlight AG, LED Leuchten und LED Lampen, LED, Licht, Lichtplanung","description":"Bruchsch Liecht? D\u00e4 Nosi h\u00e4t&#039;s!","publisher":{"@id":"https:\/\/www.noserlight.ch\/home\/fr\/#organization"},"potentialAction":[{"@type":"SearchAction","target":{"@type":"EntryPoint","urlTemplate":"https:\/\/www.noserlight.ch\/home\/fr\/?s={search_term_string}"},"query-input":{"@type":"PropertyValueSpecification","valueRequired":true,"valueName":"search_term_string"}}],"inLanguage":"fr-FR"},{"@type":"Organization","@id":"https:\/\/www.noserlight.ch\/home\/fr\/#organization","name":"Noserlight AG, LED Leuchten und LED Lampen, LED, Licht, Lichtplanung","url":"https:\/\/www.noserlight.ch\/home\/fr\/","logo":{"@type":"ImageObject","inLanguage":"fr-FR","@id":"https:\/\/www.noserlight.ch\/home\/fr\/#\/schema\/logo\/image\/","url":"https:\/\/www.noserlight.ch\/home\/wp-content\/uploads\/2022\/12\/NoserlightAG_Logo_mit_Schlirgg_NEU_1-1.png","contentUrl":"https:\/\/www.noserlight.ch\/home\/wp-content\/uploads\/2022\/12\/NoserlightAG_Logo_mit_Schlirgg_NEU_1-1.png","width":482,"height":121,"caption":"Noserlight AG, LED Leuchten und LED Lampen, LED, Licht, Lichtplanung"},"image":{"@id":"https:\/\/www.noserlight.ch\/home\/fr\/#\/schema\/logo\/image\/"},"sameAs":["https:\/\/www.facebook.com\/noserlight\/","https:\/\/www.instagram.com\/noserlight\/"]},{"@type":"Person","@id":"https:\/\/www.noserlight.ch\/home\/fr\/#\/schema\/person\/818b9e4797c2714379883d5a5f1a86df","name":"Lighty","image":{"@type":"ImageObject","inLanguage":"fr-FR","@id":"https:\/\/www.noserlight.ch\/home\/fr\/#\/schema\/person\/image\/","url":"https:\/\/secure.gravatar.com\/avatar\/989f9fa74ba285c67e97f07f3b90258a3543e7fadbafa214115603a49797ac7a?s=96&d=mm&r=g","contentUrl":"https:\/\/secure.gravatar.com\/avatar\/989f9fa74ba285c67e97f07f3b90258a3543e7fadbafa214115603a49797ac7a?s=96&d=mm&r=g","caption":"Lighty"},"sameAs":["https:\/\/www.noserlight.ch\/home\/"],"url":"https:\/\/www.noserlight.ch\/home\/fr\/author\/lighty\/"}]}},"_links":{"self":[{"href":"https:\/\/www.noserlight.ch\/home\/fr\/wp-json\/wp\/v2\/posts\/25124","targetHints":{"allow":["GET"]}}],"collection":[{"href":"https:\/\/www.noserlight.ch\/home\/fr\/wp-json\/wp\/v2\/posts"}],"about":[{"href":"https:\/\/www.noserlight.ch\/home\/fr\/wp-json\/wp\/v2\/types\/post"}],"author":[{"embeddable":true,"href":"https:\/\/www.noserlight.ch\/home\/fr\/wp-json\/wp\/v2\/users\/1"}],"replies":[{"embeddable":true,"href":"https:\/\/www.noserlight.ch\/home\/fr\/wp-json\/wp\/v2\/comments?post=25124"}],"version-history":[{"count":0,"href":"https:\/\/www.noserlight.ch\/home\/fr\/wp-json\/wp\/v2\/posts\/25124\/revisions"}],"wp:featuredmedia":[{"embeddable":true,"href":"https:\/\/www.noserlight.ch\/home\/fr\/wp-json\/wp\/v2\/media\/25114"}],"wp:attachment":[{"href":"https:\/\/www.noserlight.ch\/home\/fr\/wp-json\/wp\/v2\/media?parent=25124"}],"wp:term":[{"taxonomy":"category","embeddable":true,"href":"https:\/\/www.noserlight.ch\/home\/fr\/wp-json\/wp\/v2\/categories?post=25124"},{"taxonomy":"post_tag","embeddable":true,"href":"https:\/\/www.noserlight.ch\/home\/fr\/wp-json\/wp\/v2\/tags?post=25124"}],"curies":[{"name":"wp","href":"https:\/\/api.w.org\/{rel}","templated":true}]}}